{"id":70262,"date":"2023-11-25T07:49:10","date_gmt":"2023-11-25T07:49:10","guid":{"rendered":"https:\/\/www.mujerhoy.com\/moda\/tendencias\/abrigo-camel-jennifer-lawrance-mango-rebajas-black-friday-look-zapatillas-20231125084701-nt.html"},"modified":"2023-11-25T07:49:10","modified_gmt":"2023-11-25T07:49:10","slug":"el-abrigo-camel-de-jennifer-lawrance-esta-en-mango-y-lo-ha-combinado-en-un-look-comodo-con-zapatillas","status":"publish","type":"post","link":"http:\/\/hoycordobaweb.com\/index.php\/2023\/11\/25\/el-abrigo-camel-de-jennifer-lawrance-esta-en-mango-y-lo-ha-combinado-en-un-look-comodo-con-zapatillas\/","title":{"rendered":"El abrigo camel de Jennifer Lawrance est\u00e1 en Mango y lo ha combinado en un look c\u00f3modo con zapatillas"},"content":{"rendered":"<p><!-- AUTHOR --> <\/p>\n<div class=\"voc-author-timesocial \"> <!-- AUTHOR --> <\/p>\n<div class=\"voc-author-timesocial__signature\"> <!-- IMAGE AUTHOR --> <picture class=\"voc-image-signature\"> <img class=\"voc-image-signature__img\" src=\"http:\/\/hoycordobaweb.com\/wp-content\/uploads\/2023\/11\/el-abrigo-camel-de-jennifer-lawrance-esta-en-mango-y-lo-ha-combinado-en-un-look-comodo-con-zapatillas.jpg\" alt=\"Raquel Rodr\u00edguez\"> <\/picture> <!-- INFO AUTHOR --> <\/div><\/div>\n<p> <!-- COMPONENTS --> <\/p>\n<p class=\"voc-paragraph\">Uno de los trucos de estilo favoritos de las chicas m\u00e1s elegantes en invierno es el uso de un <strong>abrigo camel<\/strong>. S\u00ed, querida lectora, teniendo en cuenta la fuerte tendencia del <a data-voc-vtm-id=\"in-text-traffic\" href=\"https:\/\/www.mujerhoy.com\/lujo-slow\/que-es-lujo-silencioso-marcas-ropa-favoritas-multimillonarios-looks-succession-gwyneth-paltrow-juicio-20230423121559-nt.html\" title=\"www.mujerhoy.com\">lujo silencioso<\/a>, esta prenda es de las favoritas para ir estilosa y<br \/>\n<strong> calentita en invierno<\/strong>. <\/p>\n<p class=\"voc-paragraph\">Y la \u00faltima prueba de ello nos ha llegado de la mano de <a data-voc-vtm-id=\"in-text-traffic\" href=\"https:\/\/www.mujerhoy.com\/temas\/personajes\/jennifer-lawrence.html\" title=\"www.mujerhoy.com\">Jennifer Lawrence<\/a>. La actriz ha sido fotografiada con un look con este abrigo como protagonista. Una pieza que ha combinado en<br \/>\n<strong> versi\u00f3n c\u00f3moda<\/strong> y que hemos encontrado en las <a data-voc-vtm-id=\"in-text-traffic\" href=\"https:\/\/www.mujerhoy.com\/moda\/no-te-pierdas\/nuevo-mango-vestidos-midi-basicos-invierno-2023-20231122082516-nt.html\" title=\"www.mujerhoy.com\">novedades de Mango<\/a>. <\/p>\n<p class=\"voc-paragraph\">Un d\u00eda antes de la popular celebraci\u00f3n de Acci\u00f3n de Gracias, Jennifer Lawrence apareci\u00f3 paseando por las calles de Nueva York. Y su look no ha pasado desapercibido por un motivo principal: es <strong>s\u00faper f\u00e1cil de copiar en clave low cost<\/strong>. <\/p>\n<p class=\"voc-paragraph\">En las im\u00e1genes, se puede ver a la actriz de protagonista de Sin malos rollos \u2013la comedia salvaje que se estren\u00f3 en las pantallas espa\u00f1olas el verano pasado\u2013 lucir este abrigo con un<br \/>\n<strong> jersey de cuello subido en color amarillo pastel <\/strong>y unos pantalones vaqueros blancos. <\/p>\n<p class=\"voc-paragraph\">Un outfit que completa con unas<br \/>\n<strong> zapatillas de Adidas<\/strong>, en concreto, el tan famoso modelo Gazelle que ha escogido en un tono gris verdoso ideal. Por \u00faltimo, la actriz a\u00f1adi\u00f3 un bolso Puzzle Fold negro, de <strong>Loewe<\/strong>. Una prueba m\u00e1s de lo vers\u00e1tiles que pueden llegar a ser este tipo de abrigos. \u00a1Se pueden combinar de mil formas! <\/p>\n<div class=\"voc-detail-photo-zoom\"> <picture data-toggle=\"modal\" data-target=\"#photoZoomModal-731\" target=\"modal\">\n<div class=\"voc-img-icon-link\"> <img loading=\"lazy\" data-original=\"\/\/static2.mujerhoy.com\/www\/multimedia\/202311\/24\/media\/cortadas\/jennifer-lawrance-abrigo-camel-kPXE--650x900@MujerHoy.jpg\" width=\"650\" height=\"900\" class=\"lazy adsviu_analyse\" alt=\"Jennier Lawrance con un abrigo camel. \/ GETTY\"> <noscript> <img src=\"http:\/\/hoycordobaweb.com\/wp-content\/uploads\/2023\/11\/el-abrigo-camel-de-jennifer-lawrance-esta-en-mango-y-lo-ha-combinado-en-un-look-comodo-con-zapatillas.webp\" alt=\"Jennier Lawrance con un abrigo camel. \/ GETTY\"> <\/noscript> <i class=\"voc-icons zoom voc-multimedia-box voc-ico-l\"><\/i> <\/div><figcaption class=\"figure-caption\">Jennier Lawrance con un abrigo camel. \/ GETTY<\/figcaption><\/picture>\n<\/div>\n<div id=\"photoZoomModal-731\" class=\"voc-lightbox modal fade voc-lightbox--photo-zoom\" role=\"dialog\" data-voc-photozoom-lightbox>\n<div class=\"voc-lightbox__dialog\" role=\"document\">\n<div class=\"voc-lightbox__content\"> <!-- Modal header --> <!-- Modal content --> <\/p>\n<div class=\"voc-lightbox__photo-container\"> <picture class> <img loading=\"lazy\" data-original=\"\/\/static2.mujerhoy.com\/www\/multimedia\/202311\/24\/media\/cortadas\/jennifer-lawrance-abrigo-camel-kPXE--650x900@MujerHoy.jpg\" alt=\"Jennier Lawrance con un abrigo camel. \/ GETTY\" class=\"lazy\"> <noscript> <img src=\"http:\/\/hoycordobaweb.com\/wp-content\/uploads\/2023\/11\/el-abrigo-camel-de-jennifer-lawrance-esta-en-mango-y-lo-ha-combinado-en-un-look-comodo-con-zapatillas.webp\" alt=\"Jennier Lawrance con un abrigo camel. \/ GETTY\"> <\/noscript> <\/picture> <\/div><\/div><\/div>\n<\/div>\n<p class=\"voc-paragraph\">La pieza clave del look de Jennifer es un modelo de cachemir, de la firma <strong>TOTEME<\/strong>. Y aunque su precio no es apto para todos los bosillos, debes saber que es una prenda que puedes encontrar en algunas de las firmas low cost favoritas. Y si est\u00e1s pensando en ello, te recomendamos que eches un vistazo a Mango. <\/p>\n<p class=\"voc-paragraph\">En la marca espa\u00f1ola tienes un modelo casi id\u00e9ntico que sigue esa silueta cruzada con solapas y sin botones y que va acompa\u00f1ado de un cintur\u00f3n con la que sujetarla y definirla a la figura. Se trata de un dise\u00f1o <strong>confeccionado a mano en mezcla de lana<\/strong> en el que merece much\u00edsimo la pena invertir.\n<\/p>\n<div class=\"voc-detail-photo-zoom\"> <picture data-toggle=\"modal\" data-target=\"#photoZoomModal-809\" target=\"modal\">\n<div class=\"voc-img-icon-link\"> <img loading=\"lazy\" data-original=\"\/\/static.mujerhoy.com\/www\/multimedia\/202311\/24\/media\/cortadas\/abrigo-mango-camel-kPXE--650x900@MujerHoy.jpg\" width=\"650\" height=\"900\" class=\"lazy adsviu_analyse\" alt=\"El abrigo de Mango.\"> <noscript> <img src=\"http:\/\/hoycordobaweb.com\/wp-content\/uploads\/2023\/11\/el-abrigo-camel-de-jennifer-lawrance-esta-en-mango-y-lo-ha-combinado-en-un-look-comodo-con-zapatillas-1.webp\" alt=\"El abrigo de Mango.\"> <\/noscript> <i class=\"voc-icons zoom voc-multimedia-box voc-ico-l\"><\/i> <\/div><figcaption class=\"figure-caption\">El abrigo de Mango.<\/figcaption><\/picture>\n<\/div>\n<div id=\"photoZoomModal-809\" class=\"voc-lightbox modal fade voc-lightbox--photo-zoom\" role=\"dialog\" data-voc-photozoom-lightbox>\n<div class=\"voc-lightbox__dialog\" role=\"document\">\n<div class=\"voc-lightbox__content\"> <!-- Modal header --> <!-- Modal content --> <\/p>\n<div class=\"voc-lightbox__photo-container\"> <picture class> <img loading=\"lazy\" data-original=\"\/\/static.mujerhoy.com\/www\/multimedia\/202311\/24\/media\/cortadas\/abrigo-mango-camel-kPXE--650x900@MujerHoy.jpg\" alt=\"El abrigo de Mango.\" class=\"lazy\"> <noscript> <img src=\"http:\/\/hoycordobaweb.com\/wp-content\/uploads\/2023\/11\/el-abrigo-camel-de-jennifer-lawrance-esta-en-mango-y-lo-ha-combinado-en-un-look-comodo-con-zapatillas-1.webp\" alt=\"El abrigo de Mango.\"> <\/noscript> <\/picture> <\/div><\/div><\/div>\n<\/div>\n<p class=\"voc-paragraph\">Y si te hemos convencido, este es el momento, querida lectora. Est\u00e1 s\u00faper rebajado por el <strong>Black Friday<\/strong>. Antes costaba 159,99 euros y ahora puedes hacerte con \u00e9l por<br \/>\n<strong> 89,99 euros<\/strong>. \u00a1No est\u00e1 nada mal! Est\u00e1 casi a mitad de precio y es un dise\u00f1o atemporal con el que nunca fallar. <\/p>\n<p class=\"voc-paragraph\">La mala noticia es que en la web de Mango aparece como <strong>agotado <\/strong>en la mayor\u00eda de las tallas. Aunque puedes probar suerte en tienda f\u00edsica, donde encontrar\u00e1s modelos muy parecidos que te van a solucionar el armario de invierno.\n<\/p>\n<p> <!-- TOPICS --> <\/p>\n","protected":false},"excerpt":{"rendered":"<p>Uno de los trucos de estilo favoritos de las chicas m\u00e1s elegantes en invierno es el uso de un abrigo camel. S\u00ed, querida lectora, teniendo en cuenta la fuerte tendencia del lujo silencioso, esta prenda es de las favoritas para ir estilosa y calentita en invierno. Y la \u00faltima prueba de ello nos ha llegado [&hellip;]<\/p>\n","protected":false},"author":1,"featured_media":70263,"comment_status":"closed","ping_status":"closed","sticky":false,"template":"","format":"standard","meta":[],"categories":[1],"tags":[],"_links":{"self":[{"href":"http:\/\/hoycordobaweb.com\/index.php\/wp-json\/wp\/v2\/posts\/70262"}],"collection":[{"href":"http:\/\/hoycordobaweb.com\/index.php\/wp-json\/wp\/v2\/posts"}],"about":[{"href":"http:\/\/hoycordobaweb.com\/index.php\/wp-json\/wp\/v2\/types\/post"}],"author":[{"embeddable":true,"href":"http:\/\/hoycordobaweb.com\/index.php\/wp-json\/wp\/v2\/users\/1"}],"replies":[{"embeddable":true,"href":"http:\/\/hoycordobaweb.com\/index.php\/wp-json\/wp\/v2\/comments?post=70262"}],"version-history":[{"count":0,"href":"http:\/\/hoycordobaweb.com\/index.php\/wp-json\/wp\/v2\/posts\/70262\/revisions"}],"wp:featuredmedia":[{"embeddable":true,"href":"http:\/\/hoycordobaweb.com\/index.php\/wp-json\/wp\/v2\/media\/70263"}],"wp:attachment":[{"href":"http:\/\/hoycordobaweb.com\/index.php\/wp-json\/wp\/v2\/media?parent=70262"}],"wp:term":[{"taxonomy":"category","embeddable":true,"href":"http:\/\/hoycordobaweb.com\/index.php\/wp-json\/wp\/v2\/categories?post=70262"},{"taxonomy":"post_tag","embeddable":true,"href":"http:\/\/hoycordobaweb.com\/index.php\/wp-json\/wp\/v2\/tags?post=70262"}],"curies":[{"name":"wp","href":"https:\/\/api.w.org\/{rel}","templated":true}]}}