{"id":70207,"date":"2023-11-24T07:03:14","date_gmt":"2023-11-24T07:03:14","guid":{"rendered":"https:\/\/www.mujerhoy.com\/moda\/no-te-pierdas\/nuevo-massimo-dutti-vestidos-baratos-invierno-2023-20231124012919-nt.html"},"modified":"2023-11-24T07:03:14","modified_gmt":"2023-11-24T07:03:14","slug":"las-compras-de-black-friday-en-massimo-dutti-abrigos-elegantes-jerseis-buenos-y-vestidos-de-invierno","status":"publish","type":"post","link":"http:\/\/hoycordobaweb.com\/index.php\/2023\/11\/24\/las-compras-de-black-friday-en-massimo-dutti-abrigos-elegantes-jerseis-buenos-y-vestidos-de-invierno\/","title":{"rendered":"Las compras de black friday en Massimo Dutti: abrigos elegantes, jers\u00e9is buenos y vestidos de invierno"},"content":{"rendered":"<p><!-- AUTHOR --> <\/p>\n<div class=\"voc-author-timesocial \"> <!-- AUTHOR --> <\/p>\n<div class=\"voc-author-timesocial__signature\"> <!-- IMAGE AUTHOR --> <picture class=\"voc-image-signature\"> <img class=\"voc-image-signature__img\" src=\"http:\/\/hoycordobaweb.com\/wp-content\/uploads\/2023\/11\/las-compras-de-black-friday-en-massimo-dutti-abrigos-elegantes-jerseis-buenos-y-vestidos-de-invierno.jpg\" alt=\"Gemma Cano\"> <\/picture> <!-- INFO AUTHOR --> <\/p>\n<div class=\"voc-author-timesocial__info\">\n<div class=\"voc-author-info\"> <author> <a title=\"GEMMA CANO\" href=\"https:\/\/www.mujerhoy.com\/autor\/gemma-cano-1220.html\" class=\"voc-author\">GEMMA CANO <\/a> <\/author> <time datetime=\"2023-11-24T07:03:14Z\" data-timestamp>Publicado \u00b7 <span data-voc-date-modified-short>24 de noviembre de 2023, 08:03 h<\/span><\/time> <\/div><\/div><\/div><\/div>\n<p> <!-- COMPONENTS --> <\/p>\n<p class=\"voc-paragraph\">Aunque las tiendas est\u00e1n completamente invadidas por las colecciones de fiesta, <strong>hay vida m\u00e1s all\u00e1 de los vestidos de lentejuelas<\/strong>. Con la bajada de las temperaturas toca <a data-voc-vtm-id=\"in-text-traffic\" href=\"https:\/\/www.mujerhoy.com\/moda\/no-te-pierdas\/novedades-zara-recien-llegado-tienda-basicos-verano-vestidos-agotados-20230523005556-nt.html\">empezar a pensar en prendas<\/a> que nos ayudar\u00e1n a sobrevivir a los meses m\u00e1s fr\u00edos del a\u00f1o. <\/p>\n<p class=\"voc-paragraph\">\u00bf<br \/>\n<a data-voc-vtm-id=\"in-text-traffic\" href=\"https:\/\/www.mujerhoy.com\/moda\/no-te-pierdas\/vestido-midi-sfera-ropa-barata-agotada-verano-20230524003934-nt.html\">Qu\u00e9 hay de nuevo<\/a> esta semana en Massimo Dutti? Un mont\u00f3n de b\u00e1sicos completamente infalibles, como los vestidos de punto, el bolso en un color neutro o una elegante americana de color negro. \u00bfCu\u00e1l es <strong>tu favorito de la semana<\/strong>?\n<\/p>\n<div class=\"voc-detail-photo-zoom\"> <picture data-toggle=\"modal\" data-target=\"#photoZoomModal-141\" target=\"modal\">\n<div class=\"voc-img-icon-link\"> <img loading=\"lazy\" data-original=\"\/\/static1.mujerhoy.com\/www\/multimedia\/202311\/24\/media\/cortadas\/abrigo-massimo-dutti-camel-nuevo-zara-kLoH--460x637@MujerHoy.jpeg\" width=\"460\" height=\"637\" class=\"lazy adsviu_analyse\" alt=\"Abrigo camel de Massimo Dutti (169 euros)\"> <noscript> <img src=\"http:\/\/hoycordobaweb.com\/wp-content\/uploads\/2023\/11\/las-compras-de-black-friday-en-massimo-dutti-abrigos-elegantes-jerseis-buenos-y-vestidos-de-invierno.webp\" alt=\"Abrigo camel de Massimo Dutti (169 euros)\"> <\/noscript> <i class=\"voc-icons zoom voc-multimedia-box voc-ico-l\"><\/i> <\/div><figcaption class=\"figure-caption\">Abrigo camel de Massimo Dutti (169 euros)<\/figcaption><\/picture>\n<\/div>\n<div id=\"photoZoomModal-141\" class=\"voc-lightbox modal fade voc-lightbox--photo-zoom\" role=\"dialog\" data-voc-photozoom-lightbox>\n<div class=\"voc-lightbox__dialog\" role=\"document\">\n<div class=\"voc-lightbox__content\"> <!-- Modal header --> <!-- Modal content --> <\/p>\n<div class=\"voc-lightbox__photo-container\"> <picture class> <img loading=\"lazy\" data-original=\"\/\/static1.mujerhoy.com\/www\/multimedia\/202311\/24\/media\/cortadas\/abrigo-massimo-dutti-camel-nuevo-zara-kLoH--460x637@MujerHoy.jpeg\" alt=\"Abrigo camel de Massimo Dutti (169 euros)\" class=\"lazy\"> <noscript> <img src=\"http:\/\/hoycordobaweb.com\/wp-content\/uploads\/2023\/11\/las-compras-de-black-friday-en-massimo-dutti-abrigos-elegantes-jerseis-buenos-y-vestidos-de-invierno.webp\" alt=\"Abrigo camel de Massimo Dutti (169 euros)\"> <\/noscript> <\/picture> <\/div><\/div><\/div>\n<\/div>\n<p><h3 class=\"voc-detail__title\"> Abrigo camel de Massimo Dutti (169 euros)<br \/>\n<\/h3>\n<\/p>\n<p class=\"voc-paragraph\">Si est\u00e1s buscando una prenda de abrigo que puedas llevar a todas horas, tienes que apostar por un dise\u00f1o de este estilo.\n<\/p>\n<div class=\"voc-detail-photo-zoom\"> <picture data-toggle=\"modal\" data-target=\"#photoZoomModal-738\" target=\"modal\">\n<div class=\"voc-img-icon-link\"> <img loading=\"lazy\" data-original=\"\/\/static2.mujerhoy.com\/www\/multimedia\/202311\/24\/media\/cortadas\/jersey-massimo-dutti-camel-nuevo-zara-kLoH--460x637@MujerHoy.jpeg\" width=\"460\" height=\"637\" class=\"lazy adsviu_analyse\" alt=\"Jersey rojo de Massimo Dutti (129 euros)\"> <noscript> <img src=\"http:\/\/hoycordobaweb.com\/wp-content\/uploads\/2023\/11\/las-compras-de-black-friday-en-massimo-dutti-abrigos-elegantes-jerseis-buenos-y-vestidos-de-invierno-1.webp\" alt=\"Jersey rojo de Massimo Dutti (129 euros)\"> <\/noscript> <i class=\"voc-icons zoom voc-multimedia-box voc-ico-l\"><\/i> <\/div><figcaption class=\"figure-caption\">Jersey rojo de Massimo Dutti (129 euros)<\/figcaption><\/picture>\n<\/div>\n<div id=\"photoZoomModal-738\" class=\"voc-lightbox modal fade voc-lightbox--photo-zoom\" role=\"dialog\" data-voc-photozoom-lightbox>\n<div class=\"voc-lightbox__dialog\" role=\"document\">\n<div class=\"voc-lightbox__content\"> <!-- Modal header --> <!-- Modal content --> <\/p>\n<div class=\"voc-lightbox__photo-container\"> <picture class> <img loading=\"lazy\" data-original=\"\/\/static2.mujerhoy.com\/www\/multimedia\/202311\/24\/media\/cortadas\/jersey-massimo-dutti-camel-nuevo-zara-kLoH--460x637@MujerHoy.jpeg\" alt=\"Jersey rojo de Massimo Dutti (129 euros)\" class=\"lazy\"> <noscript> <img src=\"http:\/\/hoycordobaweb.com\/wp-content\/uploads\/2023\/11\/las-compras-de-black-friday-en-massimo-dutti-abrigos-elegantes-jerseis-buenos-y-vestidos-de-invierno-1.webp\" alt=\"Jersey rojo de Massimo Dutti (129 euros)\"> <\/noscript> <\/picture> <\/div><\/div><\/div>\n<\/div>\n<p><h3 class=\"voc-detail__title\"> Jersey rojo de Massimo Dutti (129 euros)<br \/>\n<\/h3>\n<\/p>\n<p class=\"voc-paragraph\">Las prendas de punto m\u00e1s elegantes siempre est\u00e1n en esta firma. Apuesta por un dise\u00f1o de eleve tus estilismos de invierno.\n<\/p>\n<div class=\"voc-detail-photo-zoom\"> <picture data-toggle=\"modal\" data-target=\"#photoZoomModal-585\" target=\"modal\">\n<div class=\"voc-img-icon-link\"> <img loading=\"lazy\" data-original=\"\/\/static.mujerhoy.com\/www\/multimedia\/202311\/24\/media\/cortadas\/chaqueta-massimo-dutti-camel-nuevo-zara-kLoH--460x637@MujerHoy.jpeg\" width=\"460\" height=\"637\" class=\"lazy adsviu_analyse\" alt=\"Americana de lana de Massimo Dutti (169 euros)\"> <noscript> <img src=\"http:\/\/hoycordobaweb.com\/wp-content\/uploads\/2023\/11\/las-compras-de-black-friday-en-massimo-dutti-abrigos-elegantes-jerseis-buenos-y-vestidos-de-invierno-2.webp\" alt=\"Americana de lana de Massimo Dutti (169 euros)\"> <\/noscript> <i class=\"voc-icons zoom voc-multimedia-box voc-ico-l\"><\/i> <\/div><figcaption class=\"figure-caption\">Americana de lana de Massimo Dutti (169 euros)<\/figcaption><\/picture>\n<\/div>\n<div id=\"photoZoomModal-585\" class=\"voc-lightbox modal fade voc-lightbox--photo-zoom\" role=\"dialog\" data-voc-photozoom-lightbox>\n<div class=\"voc-lightbox__dialog\" role=\"document\">\n<div class=\"voc-lightbox__content\"> <!-- Modal header --> <!-- Modal content --> <\/p>\n<div class=\"voc-lightbox__photo-container\"> <picture class> <img loading=\"lazy\" data-original=\"\/\/static.mujerhoy.com\/www\/multimedia\/202311\/24\/media\/cortadas\/chaqueta-massimo-dutti-camel-nuevo-zara-kLoH--460x637@MujerHoy.jpeg\" alt=\"Americana de lana de Massimo Dutti (169 euros)\" class=\"lazy\"> <noscript> <img src=\"http:\/\/hoycordobaweb.com\/wp-content\/uploads\/2023\/11\/las-compras-de-black-friday-en-massimo-dutti-abrigos-elegantes-jerseis-buenos-y-vestidos-de-invierno-2.webp\" alt=\"Americana de lana de Massimo Dutti (169 euros)\"> <\/noscript> <\/picture> <\/div><\/div><\/div>\n<\/div>\n<p><h3 class=\"voc-detail__title\"> Americana de lana de Massimo Dutti (169 euros)<br \/>\n<\/h3>\n<\/p>\n<p class=\"voc-paragraph\">Y esta selecci\u00f3n semanal no pod\u00edan faltar una buena americana. Nos encanta este dise\u00f1o jaspeado.\n<\/p>\n<div class=\"voc-detail-photo-zoom\"> <picture data-toggle=\"modal\" data-target=\"#photoZoomModal-154\" target=\"modal\">\n<div class=\"voc-img-icon-link\"> <img loading=\"lazy\" data-original=\"\/\/static2.mujerhoy.com\/www\/multimedia\/202311\/24\/media\/cortadas\/vestido-massimo-dutti-camel-nuevo-zara-kLoH--460x637@MujerHoy.jpeg\" width=\"460\" height=\"637\" class=\"lazy adsviu_analyse\" alt=\"Vestido de punto azul de Massimo Dutti (79,99 euros)\"> <noscript> <img src=\"http:\/\/hoycordobaweb.com\/wp-content\/uploads\/2023\/11\/las-compras-de-black-friday-en-massimo-dutti-abrigos-elegantes-jerseis-buenos-y-vestidos-de-invierno-3.webp\" alt=\"Vestido de punto azul de Massimo Dutti (79,99 euros)\"> <\/noscript> <i class=\"voc-icons zoom voc-multimedia-box voc-ico-l\"><\/i> <\/div><figcaption class=\"figure-caption\">Vestido de punto azul de Massimo Dutti (79,99 euros)<\/figcaption><\/picture>\n<\/div>\n<div id=\"photoZoomModal-154\" class=\"voc-lightbox modal fade voc-lightbox--photo-zoom\" role=\"dialog\" data-voc-photozoom-lightbox>\n<div class=\"voc-lightbox__dialog\" role=\"document\">\n<div class=\"voc-lightbox__content\"> <!-- Modal header --> <!-- Modal content --> <\/p>\n<div class=\"voc-lightbox__photo-container\"> <picture class> <img loading=\"lazy\" data-original=\"\/\/static2.mujerhoy.com\/www\/multimedia\/202311\/24\/media\/cortadas\/vestido-massimo-dutti-camel-nuevo-zara-kLoH--460x637@MujerHoy.jpeg\" alt=\"Vestido de punto azul de Massimo Dutti (79,99 euros)\" class=\"lazy\"> <noscript> <img src=\"http:\/\/hoycordobaweb.com\/wp-content\/uploads\/2023\/11\/las-compras-de-black-friday-en-massimo-dutti-abrigos-elegantes-jerseis-buenos-y-vestidos-de-invierno-3.webp\" alt=\"Vestido de punto azul de Massimo Dutti (79,99 euros)\"> <\/noscript> <\/picture> <\/div><\/div><\/div>\n<\/div>\n<p><h3 class=\"voc-detail__title\"> Vestido de punto azul de Massimo Dutti (79,99 euros)<br \/>\n<\/h3>\n<\/p>\n<p class=\"voc-paragraph\">Si quieres un dise\u00f1o calentito pero al mismo tiempo estiloso apuesta por este dise\u00f1o.\n<\/p>\n<div class=\"voc-detail-photo-zoom\"> <picture data-toggle=\"modal\" data-target=\"#photoZoomModal-314\" target=\"modal\">\n<div class=\"voc-img-icon-link\"> <img loading=\"lazy\" data-original=\"\/\/static.mujerhoy.com\/www\/multimedia\/202311\/24\/media\/cortadas\/bolsos-massimo-dutti-camel-nuevo-zara-kLoH--460x637@MujerHoy.jpeg\" width=\"460\" height=\"637\" class=\"lazy adsviu_analyse\" alt=\"Bolso negro de Massimo Dutti (99,99 euros)\"> <noscript> <img src=\"http:\/\/hoycordobaweb.com\/wp-content\/uploads\/2023\/11\/las-compras-de-black-friday-en-massimo-dutti-abrigos-elegantes-jerseis-buenos-y-vestidos-de-invierno-4.webp\" alt=\"Bolso negro de Massimo Dutti (99,99 euros)\"> <\/noscript> <i class=\"voc-icons zoom voc-multimedia-box voc-ico-l\"><\/i> <\/div><figcaption class=\"figure-caption\">Bolso negro de Massimo Dutti (99,99 euros)<\/figcaption><\/picture>\n<\/div>\n<div id=\"photoZoomModal-314\" class=\"voc-lightbox modal fade voc-lightbox--photo-zoom\" role=\"dialog\" data-voc-photozoom-lightbox>\n<div class=\"voc-lightbox__dialog\" role=\"document\">\n<div class=\"voc-lightbox__content\"> <!-- Modal header --> <!-- Modal content --> <\/p>\n<div class=\"voc-lightbox__photo-container\"> <picture class> <img loading=\"lazy\" data-original=\"\/\/static.mujerhoy.com\/www\/multimedia\/202311\/24\/media\/cortadas\/bolsos-massimo-dutti-camel-nuevo-zara-kLoH--460x637@MujerHoy.jpeg\" alt=\"Bolso negro de Massimo Dutti (99,99 euros)\" class=\"lazy\"> <noscript> <img src=\"http:\/\/hoycordobaweb.com\/wp-content\/uploads\/2023\/11\/las-compras-de-black-friday-en-massimo-dutti-abrigos-elegantes-jerseis-buenos-y-vestidos-de-invierno-4.webp\" alt=\"Bolso negro de Massimo Dutti (99,99 euros)\"> <\/noscript> <\/picture> <\/div><\/div><\/div>\n<\/div>\n<p><h3 class=\"voc-detail__title\"> Bolso negro de Massimo Dutti (99,99 euros)<br \/>\n<\/h3>\n<\/p>\n<p class=\"voc-paragraph\">Apuesta por un accesorio que puedas llevar en cualquier momento, como este bolso de color negro. No te lo quitar\u00e1s en todo el invierno.\n<\/p>\n<div class=\"voc-detail-photo-zoom\"> <picture data-toggle=\"modal\" data-target=\"#photoZoomModal-686\" target=\"modal\">\n<div class=\"voc-img-icon-link\"> <img loading=\"lazy\" data-original=\"\/\/static1.mujerhoy.com\/www\/multimedia\/202311\/24\/media\/cortadas\/botines-massimo-dutti-camel-nuevo-zara-kLoH--460x637@MujerHoy.jpeg\" width=\"460\" height=\"637\" class=\"lazy adsviu_analyse\" alt=\"Botas altas de Massimo Dutti (179 euros)\"> <noscript> <img src=\"http:\/\/hoycordobaweb.com\/wp-content\/uploads\/2023\/11\/las-compras-de-black-friday-en-massimo-dutti-abrigos-elegantes-jerseis-buenos-y-vestidos-de-invierno-5.webp\" alt=\"Botas altas de Massimo Dutti (179 euros)\"> <\/noscript> <i class=\"voc-icons zoom voc-multimedia-box voc-ico-l\"><\/i> <\/div><figcaption class=\"figure-caption\">Botas altas de Massimo Dutti (179 euros)<\/figcaption><\/picture>\n<\/div>\n<div id=\"photoZoomModal-686\" class=\"voc-lightbox modal fade voc-lightbox--photo-zoom\" role=\"dialog\" data-voc-photozoom-lightbox>\n<div class=\"voc-lightbox__dialog\" role=\"document\">\n<div class=\"voc-lightbox__content\"> <!-- Modal header --> <!-- Modal content --> <\/p>\n<div class=\"voc-lightbox__photo-container\"> <picture class> <img loading=\"lazy\" data-original=\"\/\/static1.mujerhoy.com\/www\/multimedia\/202311\/24\/media\/cortadas\/botines-massimo-dutti-camel-nuevo-zara-kLoH--460x637@MujerHoy.jpeg\" alt=\"Botas altas de Massimo Dutti (179 euros)\" class=\"lazy\"> <noscript> <img src=\"http:\/\/hoycordobaweb.com\/wp-content\/uploads\/2023\/11\/las-compras-de-black-friday-en-massimo-dutti-abrigos-elegantes-jerseis-buenos-y-vestidos-de-invierno-5.webp\" alt=\"Botas altas de Massimo Dutti (179 euros)\"> <\/noscript> <\/picture> <\/div><\/div><\/div>\n<\/div>\n<p><h3 class=\"voc-detail__title\"> Botas altas de Massimo Dutti (179 euros)<br \/>\n<\/h3>\n<\/p>\n<p class=\"voc-paragraph\">Un par de zapatos que no puede faltar en ning\u00fan armario de invierno. Elige un elegante dise\u00f1o de color negro que podr\u00e1s llevar a cualquier hora.\n<\/p>\n<div class=\"voc-detail-photo-zoom\"> <picture data-toggle=\"modal\" data-target=\"#photoZoomModal-51\" target=\"modal\">\n<div class=\"voc-img-icon-link\"> <img loading=\"lazy\" data-original=\"\/\/static2.mujerhoy.com\/www\/multimedia\/202311\/24\/media\/cortadas\/camisa-massimo-dutti-camel-nuevo-zara-kLoH--460x637@MujerHoy.jpeg\" width=\"460\" height=\"637\" class=\"lazy adsviu_analyse\" alt=\"Camisa blanca de Massimo Dutti (59,95 euros)\"> <noscript> <img src=\"http:\/\/hoycordobaweb.com\/wp-content\/uploads\/2023\/11\/las-compras-de-black-friday-en-massimo-dutti-abrigos-elegantes-jerseis-buenos-y-vestidos-de-invierno-6.webp\" alt=\"Camisa blanca de Massimo Dutti (59,95 euros)\"> <\/noscript> <i class=\"voc-icons zoom voc-multimedia-box voc-ico-l\"><\/i> <\/div><figcaption class=\"figure-caption\">Camisa blanca de Massimo Dutti (59,95 euros)<\/figcaption><\/picture>\n<\/div>\n<div id=\"photoZoomModal-51\" class=\"voc-lightbox modal fade voc-lightbox--photo-zoom\" role=\"dialog\" data-voc-photozoom-lightbox>\n<div class=\"voc-lightbox__dialog\" role=\"document\">\n<div class=\"voc-lightbox__content\"> <!-- Modal header --> <!-- Modal content --> <\/p>\n<div class=\"voc-lightbox__photo-container\"> <picture class> <img loading=\"lazy\" data-original=\"\/\/static2.mujerhoy.com\/www\/multimedia\/202311\/24\/media\/cortadas\/camisa-massimo-dutti-camel-nuevo-zara-kLoH--460x637@MujerHoy.jpeg\" alt=\"Camisa blanca de Massimo Dutti (59,95 euros)\" class=\"lazy\"> <noscript> <img src=\"http:\/\/hoycordobaweb.com\/wp-content\/uploads\/2023\/11\/las-compras-de-black-friday-en-massimo-dutti-abrigos-elegantes-jerseis-buenos-y-vestidos-de-invierno-6.webp\" alt=\"Camisa blanca de Massimo Dutti (59,95 euros)\"> <\/noscript> <\/picture> <\/div><\/div><\/div>\n<\/div>\n<p><h3 class=\"voc-detail__title\"> Camisa blanca de Massimo Dutti (59,95 euros)<br \/>\n<\/h3>\n<\/p>\n<p class=\"voc-paragraph\">Si lo que est\u00e1s buscando es un b\u00e1sico totalmente infalible, apuesta por este dise\u00f1o. Los detalles marcan, una vez m\u00e1s, la diferencia.\n<\/p>\n<div class=\"voc-detail-photo-zoom\"> <picture data-toggle=\"modal\" data-target=\"#photoZoomModal-263\" target=\"modal\">\n<div class=\"voc-img-icon-link\"> <img loading=\"lazy\" data-original=\"\/\/static3.mujerhoy.com\/www\/multimedia\/202311\/24\/media\/cortadas\/chaquetas-massimo-dutti-camel-nuevo-zara-kLoH--460x637@MujerHoy.jpeg\" width=\"460\" height=\"637\" class=\"lazy adsviu_analyse\" alt=\"Chaqueta con estampado de cuadros Massimo Dutti (149 euros)\"> <noscript> <img src=\"http:\/\/hoycordobaweb.com\/wp-content\/uploads\/2023\/11\/las-compras-de-black-friday-en-massimo-dutti-abrigos-elegantes-jerseis-buenos-y-vestidos-de-invierno-7.webp\" alt=\"Chaqueta con estampado de cuadros Massimo Dutti (149 euros)\"> <\/noscript> <i class=\"voc-icons zoom voc-multimedia-box voc-ico-l\"><\/i> <\/div><figcaption class=\"figure-caption\">Chaqueta con estampado de cuadros Massimo Dutti (149 euros)<\/figcaption><\/picture>\n<\/div>\n<div id=\"photoZoomModal-263\" class=\"voc-lightbox modal fade voc-lightbox--photo-zoom\" role=\"dialog\" data-voc-photozoom-lightbox>\n<div class=\"voc-lightbox__dialog\" role=\"document\">\n<div class=\"voc-lightbox__content\"> <!-- Modal header --> <!-- Modal content --> <\/p>\n<div class=\"voc-lightbox__photo-container\"> <picture class> <img loading=\"lazy\" data-original=\"\/\/static3.mujerhoy.com\/www\/multimedia\/202311\/24\/media\/cortadas\/chaquetas-massimo-dutti-camel-nuevo-zara-kLoH--460x637@MujerHoy.jpeg\" alt=\"Chaqueta con estampado de cuadros Massimo Dutti (149 euros)\" class=\"lazy\"> <noscript> <img src=\"http:\/\/hoycordobaweb.com\/wp-content\/uploads\/2023\/11\/las-compras-de-black-friday-en-massimo-dutti-abrigos-elegantes-jerseis-buenos-y-vestidos-de-invierno-7.webp\" alt=\"Chaqueta con estampado de cuadros Massimo Dutti (149 euros)\"> <\/noscript> <\/picture> <\/div><\/div><\/div>\n<\/div>\n<p><h3 class=\"voc-detail__title\"> Chaqueta con estampado de cuadros Massimo Dutti (149 euros)<br \/>\n<\/h3>\n<\/p>\n<p class=\"voc-paragraph\">Un b\u00e1sico que podr\u00e1s lucir en los d\u00edas m\u00e1s fr\u00edos del a\u00f1o.\n<\/p>\n<div class=\"voc-detail-photo-zoom\"> <picture data-toggle=\"modal\" data-target=\"#photoZoomModal-250\" target=\"modal\">\n<div class=\"voc-img-icon-link\"> <img loading=\"lazy\" data-original=\"\/\/static2.mujerhoy.com\/www\/multimedia\/202311\/24\/media\/cortadas\/vestidos-massimo-dutti-camel-nuevo-zara-kLoH--460x637@MujerHoy.jpeg\" width=\"460\" height=\"637\" class=\"lazy adsviu_analyse\" alt=\"Vestido lencero de Massimo Dutti (149 euros)\"> <noscript> <img src=\"http:\/\/hoycordobaweb.com\/wp-content\/uploads\/2023\/11\/las-compras-de-black-friday-en-massimo-dutti-abrigos-elegantes-jerseis-buenos-y-vestidos-de-invierno-8.webp\" alt=\"Vestido lencero de Massimo Dutti (149 euros)\"> <\/noscript> <i class=\"voc-icons zoom voc-multimedia-box voc-ico-l\"><\/i> <\/div><figcaption class=\"figure-caption\">Vestido lencero de Massimo Dutti (149 euros)<\/figcaption><\/picture>\n<\/div>\n<div id=\"photoZoomModal-250\" class=\"voc-lightbox modal fade voc-lightbox--photo-zoom\" role=\"dialog\" data-voc-photozoom-lightbox>\n<div class=\"voc-lightbox__dialog\" role=\"document\">\n<div class=\"voc-lightbox__content\"> <!-- Modal header --> <!-- Modal content --> <\/p>\n<div class=\"voc-lightbox__photo-container\"> <picture class> <img loading=\"lazy\" data-original=\"\/\/static2.mujerhoy.com\/www\/multimedia\/202311\/24\/media\/cortadas\/vestidos-massimo-dutti-camel-nuevo-zara-kLoH--460x637@MujerHoy.jpeg\" alt=\"Vestido lencero de Massimo Dutti (149 euros)\" class=\"lazy\"> <noscript> <img src=\"http:\/\/hoycordobaweb.com\/wp-content\/uploads\/2023\/11\/las-compras-de-black-friday-en-massimo-dutti-abrigos-elegantes-jerseis-buenos-y-vestidos-de-invierno-8.webp\" alt=\"Vestido lencero de Massimo Dutti (149 euros)\"> <\/noscript> <\/picture> <\/div><\/div><\/div>\n<\/div>\n<p><h3 class=\"voc-detail__title\"> Vestido lencero de Massimo Dutti (149 euros)<br \/>\n<\/h3>\n<\/p>\n<p class=\"voc-paragraph\">Es tiempo de dise\u00f1os de fiesta. Apuesta por la elegancia de los tejidos satinados y el encaje.\n<\/p>\n<div class=\"voc-detail-photo-zoom\"> <picture data-toggle=\"modal\" data-target=\"#photoZoomModal-892\" target=\"modal\">\n<div class=\"voc-img-icon-link\"> <img loading=\"lazy\" data-original=\"\/\/static1.mujerhoy.com\/www\/multimedia\/202311\/24\/media\/cortadas\/americana-massimo-dutti-camel-nuevo-zara-kLoH--460x637@MujerHoy.jpeg\" width=\"460\" height=\"637\" class=\"lazy adsviu_analyse\" alt=\"Americana cruzada de Massimo Dutti (169 euros)\"> <noscript> <img src=\"http:\/\/hoycordobaweb.com\/wp-content\/uploads\/2023\/11\/las-compras-de-black-friday-en-massimo-dutti-abrigos-elegantes-jerseis-buenos-y-vestidos-de-invierno-9.webp\" alt=\"Americana cruzada de Massimo Dutti (169 euros)\"> <\/noscript> <i class=\"voc-icons zoom voc-multimedia-box voc-ico-l\"><\/i> <\/div><figcaption class=\"figure-caption\">Americana cruzada de Massimo Dutti (169 euros)<\/figcaption><\/picture>\n<\/div>\n<div id=\"photoZoomModal-892\" class=\"voc-lightbox modal fade voc-lightbox--photo-zoom\" role=\"dialog\" data-voc-photozoom-lightbox>\n<div class=\"voc-lightbox__dialog\" role=\"document\">\n<div class=\"voc-lightbox__content\"> <!-- Modal header --> <!-- Modal content --> <\/p>\n<div class=\"voc-lightbox__photo-container\"> <picture class> <img loading=\"lazy\" data-original=\"\/\/static1.mujerhoy.com\/www\/multimedia\/202311\/24\/media\/cortadas\/americana-massimo-dutti-camel-nuevo-zara-kLoH--460x637@MujerHoy.jpeg\" alt=\"Americana cruzada de Massimo Dutti (169 euros)\" class=\"lazy\"> <noscript> <img src=\"http:\/\/hoycordobaweb.com\/wp-content\/uploads\/2023\/11\/las-compras-de-black-friday-en-massimo-dutti-abrigos-elegantes-jerseis-buenos-y-vestidos-de-invierno-9.webp\" alt=\"Americana cruzada de Massimo Dutti (169 euros)\"> <\/noscript> <\/picture> <\/div><\/div><\/div>\n<\/div>\n<p><h3 class=\"voc-detail__title\"> Americana cruzada de Massimo Dutti (169 euros)<br \/>\n<\/h3>\n<\/p>\n<p class=\"voc-paragraph\">Otro b\u00e1sico que te acompa\u00f1ar\u00e1 durante todo el invierno. Un blazer en un color neutro y elegante.\n<\/p>\n<p> <!-- TOPICS --> <\/p>\n","protected":false},"excerpt":{"rendered":"<p>GEMMA CANO Publicado \u00b7 24 de noviembre de 2023, 08:03 h Aunque las tiendas est\u00e1n completamente invadidas por las colecciones de fiesta, hay vida m\u00e1s all\u00e1 de los vestidos de lentejuelas. Con la bajada de las temperaturas toca empezar a pensar en prendas que nos ayudar\u00e1n a sobrevivir a los meses m\u00e1s fr\u00edos del a\u00f1o. [&hellip;]<\/p>\n","protected":false},"author":1,"featured_media":70208,"comment_status":"closed","ping_status":"closed","sticky":false,"template":"","format":"standard","meta":[],"categories":[1],"tags":[],"_links":{"self":[{"href":"http:\/\/hoycordobaweb.com\/index.php\/wp-json\/wp\/v2\/posts\/70207"}],"collection":[{"href":"http:\/\/hoycordobaweb.com\/index.php\/wp-json\/wp\/v2\/posts"}],"about":[{"href":"http:\/\/hoycordobaweb.com\/index.php\/wp-json\/wp\/v2\/types\/post"}],"author":[{"embeddable":true,"href":"http:\/\/hoycordobaweb.com\/index.php\/wp-json\/wp\/v2\/users\/1"}],"replies":[{"embeddable":true,"href":"http:\/\/hoycordobaweb.com\/index.php\/wp-json\/wp\/v2\/comments?post=70207"}],"version-history":[{"count":0,"href":"http:\/\/hoycordobaweb.com\/index.php\/wp-json\/wp\/v2\/posts\/70207\/revisions"}],"wp:featuredmedia":[{"embeddable":true,"href":"http:\/\/hoycordobaweb.com\/index.php\/wp-json\/wp\/v2\/media\/70208"}],"wp:attachment":[{"href":"http:\/\/hoycordobaweb.com\/index.php\/wp-json\/wp\/v2\/media?parent=70207"}],"wp:term":[{"taxonomy":"category","embeddable":true,"href":"http:\/\/hoycordobaweb.com\/index.php\/wp-json\/wp\/v2\/categories?post=70207"},{"taxonomy":"post_tag","embeddable":true,"href":"http:\/\/hoycordobaweb.com\/index.php\/wp-json\/wp\/v2\/tags?post=70207"}],"curies":[{"name":"wp","href":"https:\/\/api.w.org\/{rel}","templated":true}]}}