{"id":70187,"date":"2023-11-24T00:24:00","date_gmt":"2023-11-24T00:24:00","guid":{"rendered":"http:\/\/hoycordobaweb.com\/index.php\/2023\/11\/24\/israel-afirmo-haber-matado-al-jefe-de-operaciones-navales-de-hamas\/"},"modified":"2023-11-24T00:24:00","modified_gmt":"2023-11-24T00:24:00","slug":"israel-afirmo-haber-matado-al-jefe-de-operaciones-navales-de-hamas","status":"publish","type":"post","link":"http:\/\/hoycordobaweb.com\/index.php\/2023\/11\/24\/israel-afirmo-haber-matado-al-jefe-de-operaciones-navales-de-hamas\/","title":{"rendered":"Israel afirm\u00f3 haber matado al jefe de operaciones navales de Hamas"},"content":{"rendered":"<p><img src=\"http:\/\/hoycordobaweb.com\/wp-content\/uploads\/2023\/11\/israel-afirmo-haber-matado-al-jefe-de-operaciones-navales-de-hamas.jpg\"><\/p>\n<div><img src=\"http:\/\/hoycordobaweb.com\/wp-content\/uploads\/2023\/11\/israel-afirmo-haber-matado-al-jefe-de-operaciones-navales-de-hamas-2.jpg\" class=\"ff-og-image-inserted\"><\/div>\n<p> un comandante del movimiento islamista palestino Hamas encargado de las operaciones navales en la ciudad de Khan Yunis, durante un bombardeo llevado a cabo en la Franja de Gaza.<\/p>\n<div id=\"div_cuerpo\" readability=\"29.068787618229\"> Las Fuerzas de Defensa de Israel (FDI) indicaron en un comunicado que <strong>el comandante del grupo islamista \u00abestuvo involucrado en la preparaci\u00f3n de varios ataques terroristas por mar que fueron frustrados\u00bb,<\/strong> seg\u00fan recogi\u00f3 el diario The Times of Israel y cita la agencia Europa Press.<\/p>\n<p>La operaci\u00f3n militar de aviones de combate dej\u00f3 adem\u00e1s la muerte de otro miembro de las fuerzas navales de Hamas.<\/p>\n<p>Seg\u00fan Europa Press y Ansa, el ataque fue posible por la informaci\u00f3n proporcionada por el servicio de Inteligencia nacional, el Shin Bet, y el Directorio de Inteligencia Militar y la Armada.<\/p>\n<blockquote class=\"twitter-tweet\" readability=\"5.5233644859813\">\n<p lang=\"es\" dir=\"ltr\">Amar Abu Jalalah era un alto funcionario de las fuerzas navales de Ham\u00e1s y particip\u00f3 en la direcci\u00f3n de varios ataques terroristas por mar que fueron frustrados por las FDI.<\/p>\n<p>\u2014 FDI (@FDIonline) <a href=\"https:\/\/twitter.com\/FDIonline\/status\/1727792228263735534?ref_src=twsrc%5Etfw\">November 23, 2023<\/a><\/p><\/blockquote>\n<p><strong>Las autoridades de Gaza subieron este jueves a 14.854 la cifra de personas muertas en los bombardeos israel\u00edes<\/strong>, entre ellas <strong>6.150 menores y 4.000 mujeres.<\/strong><\/p>\n<p>Las FDI atacan el enclave desde el 7 de octubre, cuando una incursi\u00f3n de Hamas en territorio israel\u00ed dej\u00f3 alrededor de 1.200 muertos y cerca de 240 secuestrados, entre ellos una veintena de argentinos.<\/p>\n<\/div>\n","protected":false},"excerpt":{"rendered":"<p>un comandante del movimiento islamista palestino Hamas encargado de las operaciones navales en la ciudad de Khan Yunis, durante un bombardeo llevado a cabo en la Franja de Gaza. Las Fuerzas de Defensa de Israel (FDI) indicaron en un comunicado que el comandante del grupo islamista \u00abestuvo involucrado en la preparaci\u00f3n de varios ataques terroristas [&hellip;]<\/p>\n","protected":false},"author":1,"featured_media":70188,"comment_status":"open","ping_status":"closed","sticky":false,"template":"","format":"standard","meta":[],"categories":[24],"tags":[],"_links":{"self":[{"href":"http:\/\/hoycordobaweb.com\/index.php\/wp-json\/wp\/v2\/posts\/70187"}],"collection":[{"href":"http:\/\/hoycordobaweb.com\/index.php\/wp-json\/wp\/v2\/posts"}],"about":[{"href":"http:\/\/hoycordobaweb.com\/index.php\/wp-json\/wp\/v2\/types\/post"}],"author":[{"embeddable":true,"href":"http:\/\/hoycordobaweb.com\/index.php\/wp-json\/wp\/v2\/users\/1"}],"replies":[{"embeddable":true,"href":"http:\/\/hoycordobaweb.com\/index.php\/wp-json\/wp\/v2\/comments?post=70187"}],"version-history":[{"count":0,"href":"http:\/\/hoycordobaweb.com\/index.php\/wp-json\/wp\/v2\/posts\/70187\/revisions"}],"wp:featuredmedia":[{"embeddable":true,"href":"http:\/\/hoycordobaweb.com\/index.php\/wp-json\/wp\/v2\/media\/70188"}],"wp:attachment":[{"href":"http:\/\/hoycordobaweb.com\/index.php\/wp-json\/wp\/v2\/media?parent=70187"}],"wp:term":[{"taxonomy":"category","embeddable":true,"href":"http:\/\/hoycordobaweb.com\/index.php\/wp-json\/wp\/v2\/categories?post=70187"},{"taxonomy":"post_tag","embeddable":true,"href":"http:\/\/hoycordobaweb.com\/index.php\/wp-json\/wp\/v2\/tags?post=70187"}],"curies":[{"name":"wp","href":"https:\/\/api.w.org\/{rel}","templated":true}]}}