{"id":70160,"date":"2023-11-22T14:46:47","date_gmt":"2023-11-22T14:46:47","guid":{"rendered":"https:\/\/www.mujerhoy.com\/moda\/quien-es-jesus-maria-montes-fernandez-periodista-director-flash-moda-espanola-homenaje-20231122154038-nt.html"},"modified":"2023-11-22T14:46:47","modified_gmt":"2023-11-22T14:46:47","slug":"homenaje-a-jesus-maria-montes-fernandez-por-sus-30-anos-de-apoyo-a-la-moda-espanola","status":"publish","type":"post","link":"http:\/\/hoycordobaweb.com\/index.php\/2023\/11\/22\/homenaje-a-jesus-maria-montes-fernandez-por-sus-30-anos-de-apoyo-a-la-moda-espanola\/","title":{"rendered":"Homenaje a Jes\u00fas Mar\u00eda Montes-Fern\u00e1ndez por sus 30 a\u00f1os de apoyo a la moda espa\u00f1ola"},"content":{"rendered":"<p><!-- AUTHOR --> <\/p>\n<div class=\"voc-author-timesocial \"> <!-- AUTHOR --> <\/p>\n<div class=\"voc-author-timesocial__signature\"> <!-- IMAGE AUTHOR --> <picture class=\"voc-image-signature\"> <img class=\"voc-image-signature__img\" src=\"http:\/\/hoycordobaweb.com\/wp-content\/uploads\/2023\/11\/homenaje-a-jesus-maria-montes-fernandez-por-sus-30-anos-de-apoyo-a-la-moda-espanola.jpg\" alt=\"Ana Calvo\"> <\/picture> <!-- INFO AUTHOR --> <\/p>\n<div class=\"voc-author-timesocial__info\">\n<div class=\"voc-author-info\"> <author> <a title=\"ANA CALVO\" href=\"https:\/\/www.mujerhoy.com\/autor\/ana-calvo-1186.html\" class=\"voc-author\">ANA CALVO <\/a> <\/author> <time data-voc-date-modified class=\"mdamp-article-time\" itemprop=\"dateModified\" datetime=\"2023-11-22T14:46:47Z\" data-timestamp>Actualizado \u00b7 <span data-voc-date-modified-short>22 de noviembre de 2023, 15:46 h<\/span><\/time> <\/div><\/div><\/div><\/div>\n<p> <!-- COMPONENTS --> <\/p>\n<p class=\"voc-paragraph\">La foto de familia en el Hotel Wellington de Madrid el martes 21 de noviembre hablaba por s\u00ed sola: los grandes del sector textil y lo mejor del dise\u00f1o espa\u00f1ol se reun\u00edan en la capital para homenajear al periodista especializado en moda <strong>Jes\u00fas Mar\u00eda Montes-Fern\u00e1ndez<\/strong>. <\/p>\n<p class=\"voc-paragraph\">Esta imagen hist\u00f3rica era el broche de oro a <strong>un merecido homenaje<\/strong> de la industria textil de nuestro pa\u00eds a un periodista que se ha dedicado, durante m\u00e1s de treinta a\u00f1os a <strong>ensalzar y dar visibilidad a la moda espa\u00f1ola<\/strong> tanto dentro como fuera de nuestras fronteras. <\/p>\n<p class=\"voc-paragraph\">Jes\u00fas Mar\u00eda Montes-Fern\u00e1ndez ha recibido el reconocimiento de manos de la top y presentadora Nieves \u00c1lvarez, as\u00ed como de Modesto Lomba, presidente de la Asociaci\u00f3n de Creadores de Moda de Espa\u00f1a, y ha estado acompa\u00f1ado en este homenaje por <strong>los grandes exponentes nacionales del mundo de la moda<\/strong>.\n<\/p>\n<p class=\"voc-paragraph\">Los grandes nombres de nuestro pa\u00eds han querido ensalzar la figura del emblem\u00e1tico periodista, y <strong>m\u00e1s de 40 dise\u00f1adores<\/strong> que son referencia en el dise\u00f1o y el pr\u00eat-\u00e0-porter han querido acompa\u00f1arle, acudiendo a la cita desde todos los puntos de Espa\u00f1a.\n<\/p>\n<p class=\"voc-paragraph\"><strong>Nadie ha querido faltar<\/strong> al homenaje a Jes\u00fas Mar\u00eda Montes y en el Hotel Wellington de Madrid hemos podido ver a modelos como Nieves \u00c1lvarez, Pino Montesdeoca, Ariadne Artiles o Teresa Baca; empresarias del sector como Raquel Revuelta, directora de la Pasarela Flamenca Simof; Ester Mar\u00eda Laruccia, exdirectora de la Barcelona Bridal Week o Montse Ribas, directora de Corporate del Grupo Puig; referentes de moda y estilo como Carolina Herrera, Nuria March, Mar\u00eda de Le\u00f3n o Fiona Ferrer y actrices de la talla de Loles Le\u00f3n o Bibiana Fern\u00e1ndez.\n<\/p>\n<p class=\"voc-paragraph\">Durante m\u00e1s de tres d\u00e9cadas Jes\u00fas Mari Montes-Fern\u00e1ndez ha desarrollado su carrera audiovisual en la moda en programas de Televisi\u00f3n Espa\u00f1ola. En 1993 fund\u00f3 el programa Coraz\u00f3n, Coraz\u00f3n junto a Cristina Garc\u00eda Ramos (que tampoco ha querido perderse el homenaje, al igual que el periodista Lorenzo Mil\u00e1). M\u00e1s tarde, colabor\u00f3 en La Aventura del Saber y fund\u00f3 el programa Flash Moda Monogr\u00e1ficos, preludio de lo que es el actual y exitoso <strong>Flash Moda<\/strong>, presentado por Nieves \u00c1lvarez.\n<\/p>\n<p class=\"voc-paragraph\">La figura e influencia de Jes\u00fas Mari Montes-Fern\u00e1ndez es inseparable de la evoluci\u00f3n y \u00e9xito de la moda made in Spain en los \u00faltimos treinta a\u00f1os, y la lista de invitados que han querido acompa\u00f1ar al periodista en este homenaje daba forma a <strong>la radiograf\u00eda m\u00e1s amplia del sector textil espa\u00f1ol jam\u00e1s reunida<\/strong> en un evento de estas caracter\u00edsticas.\n<\/p>\n<p> <!-- TOPICS --> <\/p>\n","protected":false},"excerpt":{"rendered":"<p>ANA CALVO Actualizado \u00b7 22 de noviembre de 2023, 15:46 h La foto de familia en el Hotel Wellington de Madrid el martes 21 de noviembre hablaba por s\u00ed sola: los grandes del sector textil y lo mejor del dise\u00f1o espa\u00f1ol se reun\u00edan en la capital para homenajear al periodista especializado en moda Jes\u00fas Mar\u00eda [&hellip;]<\/p>\n","protected":false},"author":1,"featured_media":70161,"comment_status":"closed","ping_status":"closed","sticky":false,"template":"","format":"standard","meta":[],"categories":[1],"tags":[],"_links":{"self":[{"href":"http:\/\/hoycordobaweb.com\/index.php\/wp-json\/wp\/v2\/posts\/70160"}],"collection":[{"href":"http:\/\/hoycordobaweb.com\/index.php\/wp-json\/wp\/v2\/posts"}],"about":[{"href":"http:\/\/hoycordobaweb.com\/index.php\/wp-json\/wp\/v2\/types\/post"}],"author":[{"embeddable":true,"href":"http:\/\/hoycordobaweb.com\/index.php\/wp-json\/wp\/v2\/users\/1"}],"replies":[{"embeddable":true,"href":"http:\/\/hoycordobaweb.com\/index.php\/wp-json\/wp\/v2\/comments?post=70160"}],"version-history":[{"count":0,"href":"http:\/\/hoycordobaweb.com\/index.php\/wp-json\/wp\/v2\/posts\/70160\/revisions"}],"wp:featuredmedia":[{"embeddable":true,"href":"http:\/\/hoycordobaweb.com\/index.php\/wp-json\/wp\/v2\/media\/70161"}],"wp:attachment":[{"href":"http:\/\/hoycordobaweb.com\/index.php\/wp-json\/wp\/v2\/media?parent=70160"}],"wp:term":[{"taxonomy":"category","embeddable":true,"href":"http:\/\/hoycordobaweb.com\/index.php\/wp-json\/wp\/v2\/categories?post=70160"},{"taxonomy":"post_tag","embeddable":true,"href":"http:\/\/hoycordobaweb.com\/index.php\/wp-json\/wp\/v2\/tags?post=70160"}],"curies":[{"name":"wp","href":"https:\/\/api.w.org\/{rel}","templated":true}]}}