{"id":70158,"date":"2023-11-23T05:52:49","date_gmt":"2023-11-23T05:52:49","guid":{"rendered":"https:\/\/www.mujerhoy.com\/moda\/no-te-pierdas\/novedades-sfera-vestidos-baratos-invierno-2023-20231123065248-nt.html"},"modified":"2023-11-23T05:52:49","modified_gmt":"2023-11-23T05:52:49","slug":"las-novedades-de-fiesta-de-la-nueva-coleccion-de-sfera-vestidos-espectaculares-faldas-de-lentejuelas-y-zapatos-negros","status":"publish","type":"post","link":"http:\/\/hoycordobaweb.com\/index.php\/2023\/11\/23\/las-novedades-de-fiesta-de-la-nueva-coleccion-de-sfera-vestidos-espectaculares-faldas-de-lentejuelas-y-zapatos-negros\/","title":{"rendered":"Las novedades de fiesta de la nueva colecci\u00f3n de Sfera: vestidos espectaculares, faldas de lentejuelas y zapatos negros"},"content":{"rendered":"<p><!-- AUTHOR --> <\/p>\n<div class=\"voc-author-timesocial \"> <!-- AUTHOR --> <\/p>\n<div class=\"voc-author-timesocial__signature\"> <!-- IMAGE AUTHOR --> <picture class=\"voc-image-signature\"> <img class=\"voc-image-signature__img\" src=\"http:\/\/hoycordobaweb.com\/wp-content\/uploads\/2023\/11\/las-novedades-de-fiesta-de-la-nueva-coleccion-de-sfera-vestidos-espectaculares-faldas-de-lentejuelas-y-zapatos-negros.jpg\" alt=\"Gemma Cano\"> <\/picture> <!-- INFO AUTHOR --> <\/p>\n<div class=\"voc-author-timesocial__info\">\n<div class=\"voc-author-info\"> <author> <a title=\"GEMMA CANO\" href=\"https:\/\/www.mujerhoy.com\/autor\/gemma-cano-1220.html\" class=\"voc-author\">GEMMA CANO <\/a> <\/author> <time datetime=\"2023-11-23T05:52:49Z\" data-timestamp>Publicado \u00b7 <span data-voc-date-modified-short>23 de noviembre de 2023, 06:52 h<\/span><\/time> <\/div><\/div><\/div><\/div>\n<p> <!-- COMPONENTS --> <\/p>\n<p class=\"voc-paragraph\">El terciopelo, los brillos de todo tipo y las lentejuelas est\u00e1n acaparando la secci\u00f3n de novedades de todas <a data-voc-vtm-id=\"in-text-traffic\" href=\"https:\/\/www.mujerhoy.com\/moda\/no-te-pierdas\/nuevo-mango-basicos-verano-estampados-vestidos-midi-20230522004142-nt.html\">tus tiendas favoritas<\/a>. Ha llegado el momento de rematar las compras navide\u00f1as, para crear los mejores looks de fiesta de la temporada. En Sfera encontrar\u00e1s todas esas <strong>prendas y accesorios que tienes que tener en cuenta<\/strong>. <\/p>\n<p class=\"voc-paragraph\">\u00bf<br \/>\n<a data-voc-vtm-id=\"in-text-traffic\" href=\"https:\/\/www.mujerhoy.com\/moda\/no-te-pierdas\/novedades-zara-recien-llegado-tienda-basicos-verano-vestidos-agotados-20230523005556-nt.html\">Qu\u00e9 hay de nuevo<\/a> esta semana? Espectaculares vestidos, originales faldas cubiertas con lentejuelas, zapatos de tac\u00f3n de color negro, abrigos de lana en colores neutros y muchas otras novedades, que <strong>llevar\u00e1s sin parar las pr\u00f3ximas semanas<\/strong>. \u00bfQuieres descubrirlas antes de que se agoten?\n<\/p>\n<div class=\"voc-detail-photo-zoom\"> <picture data-toggle=\"modal\" data-target=\"#photoZoomModal-693\" target=\"modal\">\n<div class=\"voc-img-icon-link\"> <img loading=\"lazy\" data-original=\"\/\/static.mujerhoy.com\/www\/multimedia\/202311\/22\/media\/cortadas\/abrigo-gris-sfera-nuevo-zara-kh0E--460x637@MujerHoy.jpg\" width=\"460\" height=\"637\" class=\"lazy adsviu_analyse\" alt=\"Abrigo gris de Sfera (89,99 euros)\"> <noscript> <img src=\"http:\/\/hoycordobaweb.com\/wp-content\/uploads\/2023\/11\/las-novedades-de-fiesta-de-la-nueva-coleccion-de-sfera-vestidos-espectaculares-faldas-de-lentejuelas-y-zapatos-negros.webp\" alt=\"Abrigo gris de Sfera (89,99 euros)\"> <\/noscript> <i class=\"voc-icons zoom voc-multimedia-box voc-ico-l\"><\/i> <\/div><figcaption class=\"figure-caption\">Abrigo gris de Sfera (89,99 euros)<\/figcaption><\/picture>\n<\/div>\n<div id=\"photoZoomModal-693\" class=\"voc-lightbox modal fade voc-lightbox--photo-zoom\" role=\"dialog\" data-voc-photozoom-lightbox>\n<div class=\"voc-lightbox__dialog\" role=\"document\">\n<div class=\"voc-lightbox__content\"> <!-- Modal header --> <!-- Modal content --> <\/p>\n<div class=\"voc-lightbox__photo-container\"> <picture class> <img loading=\"lazy\" data-original=\"\/\/static.mujerhoy.com\/www\/multimedia\/202311\/22\/media\/cortadas\/abrigo-gris-sfera-nuevo-zara-kh0E--460x637@MujerHoy.jpg\" alt=\"Abrigo gris de Sfera (89,99 euros)\" class=\"lazy\"> <noscript> <img src=\"http:\/\/hoycordobaweb.com\/wp-content\/uploads\/2023\/11\/las-novedades-de-fiesta-de-la-nueva-coleccion-de-sfera-vestidos-espectaculares-faldas-de-lentejuelas-y-zapatos-negros.webp\" alt=\"Abrigo gris de Sfera (89,99 euros)\"> <\/noscript> <\/picture> <\/div><\/div><\/div>\n<\/div>\n<p><h3 class=\"voc-detail__title\"> Abrigo gris de Sfera (89,99 euros)<br \/>\n<\/h3>\n<\/p>\n<p class=\"voc-paragraph\">Si quieres a\u00f1adir una prenda de abrigo realmente especial a tu armario, apuesta por este elegante dise\u00f1o de lana. <\/p>\n<div class=\"voc-detail-photo-zoom\"> <picture data-toggle=\"modal\" data-target=\"#photoZoomModal-783\" target=\"modal\">\n<div class=\"voc-img-icon-link\"> <img loading=\"lazy\" data-original=\"\/\/static3.mujerhoy.com\/www\/multimedia\/202311\/22\/media\/cortadas\/falda-gris-sfera-nuevo-zara-kh0E--460x637@MujerHoy.jpg\" width=\"460\" height=\"637\" class=\"lazy adsviu_analyse\" alt=\"Falda con lentejuelas de Sfera (29,95 euros)\"> <noscript> <img src=\"http:\/\/hoycordobaweb.com\/wp-content\/uploads\/2023\/11\/las-novedades-de-fiesta-de-la-nueva-coleccion-de-sfera-vestidos-espectaculares-faldas-de-lentejuelas-y-zapatos-negros-1.webp\" alt=\"Falda con lentejuelas de Sfera (29,95 euros)\"> <\/noscript> <i class=\"voc-icons zoom voc-multimedia-box voc-ico-l\"><\/i> <\/div><figcaption class=\"figure-caption\">Falda con lentejuelas de Sfera (29,95 euros)<\/figcaption><\/picture>\n<\/div>\n<div id=\"photoZoomModal-783\" class=\"voc-lightbox modal fade voc-lightbox--photo-zoom\" role=\"dialog\" data-voc-photozoom-lightbox>\n<div class=\"voc-lightbox__dialog\" role=\"document\">\n<div class=\"voc-lightbox__content\"> <!-- Modal header --> <!-- Modal content --> <\/p>\n<div class=\"voc-lightbox__photo-container\"> <picture class> <img loading=\"lazy\" data-original=\"\/\/static3.mujerhoy.com\/www\/multimedia\/202311\/22\/media\/cortadas\/falda-gris-sfera-nuevo-zara-kh0E--460x637@MujerHoy.jpg\" alt=\"Falda con lentejuelas de Sfera (29,95 euros)\" class=\"lazy\"> <noscript> <img src=\"http:\/\/hoycordobaweb.com\/wp-content\/uploads\/2023\/11\/las-novedades-de-fiesta-de-la-nueva-coleccion-de-sfera-vestidos-espectaculares-faldas-de-lentejuelas-y-zapatos-negros-1.webp\" alt=\"Falda con lentejuelas de Sfera (29,95 euros)\"> <\/noscript> <\/picture> <\/div><\/div><\/div>\n<\/div>\n<p><h3 class=\"voc-detail__title\"> Falda con lentejuelas de Sfera (29,95 euros)<br \/>\n<\/h3>\n<\/p>\n<p class=\"voc-paragraph\">Si est\u00e1s buscando una prenda de fiesta realmente especial, tienes que a\u00f1adir esta original falda a tu lista de deseos.\n<\/p>\n<div class=\"voc-detail-photo-zoom\"> <picture data-toggle=\"modal\" data-target=\"#photoZoomModal-640\" target=\"modal\">\n<div class=\"voc-img-icon-link\"> <img loading=\"lazy\" data-original=\"\/\/static1.mujerhoy.com\/www\/multimedia\/202311\/22\/media\/cortadas\/invierno-gris-sfera-nuevo-zara-kh0E--460x637@MujerHoy.jpg\" width=\"460\" height=\"637\" class=\"lazy adsviu_analyse\" alt=\"Vestido con estampado de flores de Sfera (29,99 euros)\"> <noscript> <img src=\"http:\/\/hoycordobaweb.com\/wp-content\/uploads\/2023\/11\/las-novedades-de-fiesta-de-la-nueva-coleccion-de-sfera-vestidos-espectaculares-faldas-de-lentejuelas-y-zapatos-negros-2.webp\" alt=\"Vestido con estampado de flores de Sfera (29,99 euros)\"> <\/noscript> <i class=\"voc-icons zoom voc-multimedia-box voc-ico-l\"><\/i> <\/div><figcaption class=\"figure-caption\">Vestido con estampado de flores de Sfera (29,99 euros)<\/figcaption><\/picture>\n<\/div>\n<div id=\"photoZoomModal-640\" class=\"voc-lightbox modal fade voc-lightbox--photo-zoom\" role=\"dialog\" data-voc-photozoom-lightbox>\n<div class=\"voc-lightbox__dialog\" role=\"document\">\n<div class=\"voc-lightbox__content\"> <!-- Modal header --> <!-- Modal content --> <\/p>\n<div class=\"voc-lightbox__photo-container\"> <picture class> <img loading=\"lazy\" data-original=\"\/\/static1.mujerhoy.com\/www\/multimedia\/202311\/22\/media\/cortadas\/invierno-gris-sfera-nuevo-zara-kh0E--460x637@MujerHoy.jpg\" alt=\"Vestido con estampado de flores de Sfera (29,99 euros)\" class=\"lazy\"> <noscript> <img src=\"http:\/\/hoycordobaweb.com\/wp-content\/uploads\/2023\/11\/las-novedades-de-fiesta-de-la-nueva-coleccion-de-sfera-vestidos-espectaculares-faldas-de-lentejuelas-y-zapatos-negros-2.webp\" alt=\"Vestido con estampado de flores de Sfera (29,99 euros)\"> <\/noscript> <\/picture> <\/div><\/div><\/div>\n<\/div>\n<p><h3 class=\"voc-detail__title\"> Vestido con estampado de flores de Sfera (29,99 euros)<br \/>\n<\/h3>\n<\/p>\n<p class=\"voc-paragraph\">Y no todo va a ser lentejuelas y terciopelo, esta prenda a\u00f1adir\u00e1 un toque de elegancia a tus looks diarios.\n<\/p>\n<div class=\"voc-detail-photo-zoom\"> <picture data-toggle=\"modal\" data-target=\"#photoZoomModal-176\" target=\"modal\">\n<div class=\"voc-img-icon-link\"> <img loading=\"lazy\" data-original=\"\/\/static2.mujerhoy.com\/www\/multimedia\/202311\/22\/media\/cortadas\/chaqueta-gris-sfera-nuevo-zara-kh0E--460x637@MujerHoy.jpg\" width=\"460\" height=\"637\" class=\"lazy adsviu_analyse\" alt=\"Chaqueta con lentejuelas de Sfera (35,99 euros)\"> <noscript> <img src=\"http:\/\/hoycordobaweb.com\/wp-content\/uploads\/2023\/11\/las-novedades-de-fiesta-de-la-nueva-coleccion-de-sfera-vestidos-espectaculares-faldas-de-lentejuelas-y-zapatos-negros-3.webp\" alt=\"Chaqueta con lentejuelas de Sfera (35,99 euros)\"> <\/noscript> <i class=\"voc-icons zoom voc-multimedia-box voc-ico-l\"><\/i> <\/div><figcaption class=\"figure-caption\">Chaqueta con lentejuelas de Sfera (35,99 euros)<\/figcaption><\/picture>\n<\/div>\n<div id=\"photoZoomModal-176\" class=\"voc-lightbox modal fade voc-lightbox--photo-zoom\" role=\"dialog\" data-voc-photozoom-lightbox>\n<div class=\"voc-lightbox__dialog\" role=\"document\">\n<div class=\"voc-lightbox__content\"> <!-- Modal header --> <!-- Modal content --> <\/p>\n<div class=\"voc-lightbox__photo-container\"> <picture class> <img loading=\"lazy\" data-original=\"\/\/static2.mujerhoy.com\/www\/multimedia\/202311\/22\/media\/cortadas\/chaqueta-gris-sfera-nuevo-zara-kh0E--460x637@MujerHoy.jpg\" alt=\"Chaqueta con lentejuelas de Sfera (35,99 euros)\" class=\"lazy\"> <noscript> <img src=\"http:\/\/hoycordobaweb.com\/wp-content\/uploads\/2023\/11\/las-novedades-de-fiesta-de-la-nueva-coleccion-de-sfera-vestidos-espectaculares-faldas-de-lentejuelas-y-zapatos-negros-3.webp\" alt=\"Chaqueta con lentejuelas de Sfera (35,99 euros)\"> <\/noscript> <\/picture> <\/div><\/div><\/div>\n<\/div>\n<p><h3 class=\"voc-detail__title\"> Chaqueta con lentejuelas de Sfera (35,99 euros)<br \/>\n<\/h3>\n<\/p>\n<p class=\"voc-paragraph\">Si lo tuyo son las prendas de punto, tambi\u00e9n para los d\u00edas de fiesta, apuesta por este bonito dise\u00f1o de rayas.\n<\/p>\n<div class=\"voc-detail-photo-zoom\"> <picture data-toggle=\"modal\" data-target=\"#photoZoomModal-12\" target=\"modal\">\n<div class=\"voc-img-icon-link\"> <img loading=\"lazy\" data-original=\"\/\/static2.mujerhoy.com\/www\/multimedia\/202311\/22\/media\/cortadas\/blusa-gris-sfera-nuevo-zara-kh0E--460x637@MujerHoy.jpg\" width=\"460\" height=\"637\" class=\"lazy adsviu_analyse\" alt=\"Blusa rosa con lazada de Sfera (25,99 euros)\"> <noscript> <img src=\"http:\/\/hoycordobaweb.com\/wp-content\/uploads\/2023\/11\/las-novedades-de-fiesta-de-la-nueva-coleccion-de-sfera-vestidos-espectaculares-faldas-de-lentejuelas-y-zapatos-negros-4.webp\" alt=\"Blusa rosa con lazada de Sfera (25,99 euros)\"> <\/noscript> <i class=\"voc-icons zoom voc-multimedia-box voc-ico-l\"><\/i> <\/div><figcaption class=\"figure-caption\">Blusa rosa con lazada de Sfera (25,99 euros)<\/figcaption><\/picture>\n<\/div>\n<div id=\"photoZoomModal-12\" class=\"voc-lightbox modal fade voc-lightbox--photo-zoom\" role=\"dialog\" data-voc-photozoom-lightbox>\n<div class=\"voc-lightbox__dialog\" role=\"document\">\n<div class=\"voc-lightbox__content\"> <!-- Modal header --> <!-- Modal content --> <\/p>\n<div class=\"voc-lightbox__photo-container\"> <picture class> <img loading=\"lazy\" data-original=\"\/\/static2.mujerhoy.com\/www\/multimedia\/202311\/22\/media\/cortadas\/blusa-gris-sfera-nuevo-zara-kh0E--460x637@MujerHoy.jpg\" alt=\"Blusa rosa con lazada de Sfera (25,99 euros)\" class=\"lazy\"> <noscript> <img src=\"http:\/\/hoycordobaweb.com\/wp-content\/uploads\/2023\/11\/las-novedades-de-fiesta-de-la-nueva-coleccion-de-sfera-vestidos-espectaculares-faldas-de-lentejuelas-y-zapatos-negros-4.webp\" alt=\"Blusa rosa con lazada de Sfera (25,99 euros)\"> <\/noscript> <\/picture> <\/div><\/div><\/div>\n<\/div>\n<p><h3 class=\"voc-detail__title\"> Blusa rosa con lazada de Sfera (25,99 euros)<br \/>\n<\/h3>\n<\/p>\n<p class=\"voc-paragraph\">Y el premio a la prenda m\u00e1s sofisticada de la semana se lo lleva este bonito dise\u00f1o.\n<\/p>\n<div class=\"voc-detail-photo-zoom\"> <picture data-toggle=\"modal\" data-target=\"#photoZoomModal-238\" target=\"modal\">\n<div class=\"voc-img-icon-link\"> <img loading=\"lazy\" data-original=\"\/\/static1.mujerhoy.com\/www\/multimedia\/202311\/22\/media\/cortadas\/vestidos-gris-sfera-nuevo-zara-kh0E--460x637@MujerHoy.jpg\" width=\"460\" height=\"637\" class=\"lazy adsviu_analyse\" alt=\"Vestido de terciopelo de Sfera (59,99 euros)\"> <noscript> <img src=\"http:\/\/hoycordobaweb.com\/wp-content\/uploads\/2023\/11\/las-novedades-de-fiesta-de-la-nueva-coleccion-de-sfera-vestidos-espectaculares-faldas-de-lentejuelas-y-zapatos-negros-5.webp\" alt=\"Vestido de terciopelo de Sfera (59,99 euros)\"> <\/noscript> <i class=\"voc-icons zoom voc-multimedia-box voc-ico-l\"><\/i> <\/div><figcaption class=\"figure-caption\">Vestido de terciopelo de Sfera (59,99 euros)<\/figcaption><\/picture>\n<\/div>\n<div id=\"photoZoomModal-238\" class=\"voc-lightbox modal fade voc-lightbox--photo-zoom\" role=\"dialog\" data-voc-photozoom-lightbox>\n<div class=\"voc-lightbox__dialog\" role=\"document\">\n<div class=\"voc-lightbox__content\"> <!-- Modal header --> <!-- Modal content --> <\/p>\n<div class=\"voc-lightbox__photo-container\"> <picture class> <img loading=\"lazy\" data-original=\"\/\/static1.mujerhoy.com\/www\/multimedia\/202311\/22\/media\/cortadas\/vestidos-gris-sfera-nuevo-zara-kh0E--460x637@MujerHoy.jpg\" alt=\"Vestido de terciopelo de Sfera (59,99 euros)\" class=\"lazy\"> <noscript> <img src=\"http:\/\/hoycordobaweb.com\/wp-content\/uploads\/2023\/11\/las-novedades-de-fiesta-de-la-nueva-coleccion-de-sfera-vestidos-espectaculares-faldas-de-lentejuelas-y-zapatos-negros-5.webp\" alt=\"Vestido de terciopelo de Sfera (59,99 euros)\"> <\/noscript> <\/picture> <\/div><\/div><\/div>\n<\/div>\n<p><h3 class=\"voc-detail__title\"> Vestido de terciopelo de Sfera (59,99 euros)<br \/>\n<\/h3>\n<\/p>\n<p class=\"voc-paragraph\">Un dise\u00f1o espectacular con el que acaparar\u00e1s todas las miradas.\n<\/p>\n<div class=\"voc-detail-photo-zoom\"> <picture data-toggle=\"modal\" data-target=\"#photoZoomModal-286\" target=\"modal\">\n<div class=\"voc-img-icon-link\"> <img loading=\"lazy\" data-original=\"\/\/static2.mujerhoy.com\/www\/multimedia\/202311\/22\/media\/cortadas\/zapatos-gris-sfera-nuevo-zara-kh0E--460x637@MujerHoy.jpg\" width=\"460\" height=\"637\" class=\"lazy adsviu_analyse\" alt=\"Zapatos negros de Sfera (49,99 euros)\"> <noscript> <img src=\"http:\/\/hoycordobaweb.com\/wp-content\/uploads\/2023\/11\/las-novedades-de-fiesta-de-la-nueva-coleccion-de-sfera-vestidos-espectaculares-faldas-de-lentejuelas-y-zapatos-negros-6.webp\" alt=\"Zapatos negros de Sfera (49,99 euros)\"> <\/noscript> <i class=\"voc-icons zoom voc-multimedia-box voc-ico-l\"><\/i> <\/div><figcaption class=\"figure-caption\">Zapatos negros de Sfera (49,99 euros)<\/figcaption><\/picture>\n<\/div>\n<div id=\"photoZoomModal-286\" class=\"voc-lightbox modal fade voc-lightbox--photo-zoom\" role=\"dialog\" data-voc-photozoom-lightbox>\n<div class=\"voc-lightbox__dialog\" role=\"document\">\n<div class=\"voc-lightbox__content\"> <!-- Modal header --> <!-- Modal content --> <\/p>\n<div class=\"voc-lightbox__photo-container\"> <picture class> <img loading=\"lazy\" data-original=\"\/\/static2.mujerhoy.com\/www\/multimedia\/202311\/22\/media\/cortadas\/zapatos-gris-sfera-nuevo-zara-kh0E--460x637@MujerHoy.jpg\" alt=\"Zapatos negros de Sfera (49,99 euros)\" class=\"lazy\"> <noscript> <img src=\"http:\/\/hoycordobaweb.com\/wp-content\/uploads\/2023\/11\/las-novedades-de-fiesta-de-la-nueva-coleccion-de-sfera-vestidos-espectaculares-faldas-de-lentejuelas-y-zapatos-negros-6.webp\" alt=\"Zapatos negros de Sfera (49,99 euros)\"> <\/noscript> <\/picture> <\/div><\/div><\/div>\n<\/div>\n<p><h3 class=\"voc-detail__title\"> Zapatos negros de Sfera (49,99 euros)<br \/>\n<\/h3>\n<\/p>\n<p class=\"voc-paragraph\">Y en esta selecci\u00f3n semanal no pod\u00eda faltar un buen par de zapatos. Apuesta por estos salones de tac\u00f3n.\n<\/p>\n<div class=\"voc-detail-photo-zoom\"> <picture data-toggle=\"modal\" data-target=\"#photoZoomModal-232\" target=\"modal\">\n<div class=\"voc-img-icon-link\"> <img loading=\"lazy\" data-original=\"\/\/static.mujerhoy.com\/www\/multimedia\/202311\/22\/media\/cortadas\/minifalda-gris-sfera-nuevo-zara-kh0E--460x637@MujerHoy.jpg\" width=\"460\" height=\"637\" class=\"lazy adsviu_analyse\" alt=\"Falda con lentejuelas de Sfera (39,99 euros)\"> <noscript> <img src=\"http:\/\/hoycordobaweb.com\/wp-content\/uploads\/2023\/11\/las-novedades-de-fiesta-de-la-nueva-coleccion-de-sfera-vestidos-espectaculares-faldas-de-lentejuelas-y-zapatos-negros-7.webp\" alt=\"Falda con lentejuelas de Sfera (39,99 euros)\"> <\/noscript> <i class=\"voc-icons zoom voc-multimedia-box voc-ico-l\"><\/i> <\/div><figcaption class=\"figure-caption\">Falda con lentejuelas de Sfera (39,99 euros)<\/figcaption><\/picture>\n<\/div>\n<div id=\"photoZoomModal-232\" class=\"voc-lightbox modal fade voc-lightbox--photo-zoom\" role=\"dialog\" data-voc-photozoom-lightbox>\n<div class=\"voc-lightbox__dialog\" role=\"document\">\n<div class=\"voc-lightbox__content\"> <!-- Modal header --> <!-- Modal content --> <\/p>\n<div class=\"voc-lightbox__photo-container\"> <picture class> <img loading=\"lazy\" data-original=\"\/\/static.mujerhoy.com\/www\/multimedia\/202311\/22\/media\/cortadas\/minifalda-gris-sfera-nuevo-zara-kh0E--460x637@MujerHoy.jpg\" alt=\"Falda con lentejuelas de Sfera (39,99 euros)\" class=\"lazy\"> <noscript> <img src=\"http:\/\/hoycordobaweb.com\/wp-content\/uploads\/2023\/11\/las-novedades-de-fiesta-de-la-nueva-coleccion-de-sfera-vestidos-espectaculares-faldas-de-lentejuelas-y-zapatos-negros-7.webp\" alt=\"Falda con lentejuelas de Sfera (39,99 euros)\"> <\/noscript> <\/picture> <\/div><\/div><\/div>\n<\/div>\n<p><h3 class=\"voc-detail__title\"> Falda con lentejuelas de Sfera (39,99 euros)<br \/>\n<\/h3>\n<\/p>\n<p class=\"voc-paragraph\">Y para completar nuestra lista de favoritos de la semana, nada mejor que una bonita falda de color rojo.\n<\/p>\n<div class=\"voc-detail-photo-zoom\"> <picture data-toggle=\"modal\" data-target=\"#photoZoomModal-208\" target=\"modal\">\n<div class=\"voc-img-icon-link\"> <img loading=\"lazy\" data-original=\"\/\/static2.mujerhoy.com\/www\/multimedia\/202311\/22\/media\/cortadas\/chaquetas-gris-sfera-nuevo-zara-kh0E--460x637@MujerHoy.jpg\" width=\"460\" height=\"637\" class=\"lazy adsviu_analyse\" alt=\"Blazer de terciopelo de Sfera (49,99 euros)\"> <noscript> <img src=\"http:\/\/hoycordobaweb.com\/wp-content\/uploads\/2023\/11\/las-novedades-de-fiesta-de-la-nueva-coleccion-de-sfera-vestidos-espectaculares-faldas-de-lentejuelas-y-zapatos-negros-8.webp\" alt=\"Blazer de terciopelo de Sfera (49,99 euros)\"> <\/noscript> <i class=\"voc-icons zoom voc-multimedia-box voc-ico-l\"><\/i> <\/div><figcaption class=\"figure-caption\">Blazer de terciopelo de Sfera (49,99 euros)<\/figcaption><\/picture>\n<\/div>\n<div id=\"photoZoomModal-208\" class=\"voc-lightbox modal fade voc-lightbox--photo-zoom\" role=\"dialog\" data-voc-photozoom-lightbox>\n<div class=\"voc-lightbox__dialog\" role=\"document\">\n<div class=\"voc-lightbox__content\"> <!-- Modal header --> <!-- Modal content --> <\/p>\n<div class=\"voc-lightbox__photo-container\"> <picture class> <img loading=\"lazy\" data-original=\"\/\/static2.mujerhoy.com\/www\/multimedia\/202311\/22\/media\/cortadas\/chaquetas-gris-sfera-nuevo-zara-kh0E--460x637@MujerHoy.jpg\" alt=\"Blazer de terciopelo de Sfera (49,99 euros)\" class=\"lazy\"> <noscript> <img src=\"http:\/\/hoycordobaweb.com\/wp-content\/uploads\/2023\/11\/las-novedades-de-fiesta-de-la-nueva-coleccion-de-sfera-vestidos-espectaculares-faldas-de-lentejuelas-y-zapatos-negros-8.webp\" alt=\"Blazer de terciopelo de Sfera (49,99 euros)\"> <\/noscript> <\/picture> <\/div><\/div><\/div>\n<\/div>\n<p><h3 class=\"voc-detail__title\"> Blazer de terciopelo de Sfera (49,99 euros)<br \/>\n<\/h3>\n<\/p>\n<p class=\"voc-paragraph\">Un dise\u00f1o elegante, que podr\u00e1s llevar en cualquier momento. \u00a1No lo dejes escapar!\n<\/p>\n<p> <!-- TOPICS --> <\/p>\n","protected":false},"excerpt":{"rendered":"<p>GEMMA CANO Publicado \u00b7 23 de noviembre de 2023, 06:52 h El terciopelo, los brillos de todo tipo y las lentejuelas est\u00e1n acaparando la secci\u00f3n de novedades de todas tus tiendas favoritas. Ha llegado el momento de rematar las compras navide\u00f1as, para crear los mejores looks de fiesta de la temporada. En Sfera encontrar\u00e1s todas [&hellip;]<\/p>\n","protected":false},"author":1,"featured_media":70159,"comment_status":"closed","ping_status":"closed","sticky":false,"template":"","format":"standard","meta":[],"categories":[1],"tags":[],"_links":{"self":[{"href":"http:\/\/hoycordobaweb.com\/index.php\/wp-json\/wp\/v2\/posts\/70158"}],"collection":[{"href":"http:\/\/hoycordobaweb.com\/index.php\/wp-json\/wp\/v2\/posts"}],"about":[{"href":"http:\/\/hoycordobaweb.com\/index.php\/wp-json\/wp\/v2\/types\/post"}],"author":[{"embeddable":true,"href":"http:\/\/hoycordobaweb.com\/index.php\/wp-json\/wp\/v2\/users\/1"}],"replies":[{"embeddable":true,"href":"http:\/\/hoycordobaweb.com\/index.php\/wp-json\/wp\/v2\/comments?post=70158"}],"version-history":[{"count":0,"href":"http:\/\/hoycordobaweb.com\/index.php\/wp-json\/wp\/v2\/posts\/70158\/revisions"}],"wp:featuredmedia":[{"embeddable":true,"href":"http:\/\/hoycordobaweb.com\/index.php\/wp-json\/wp\/v2\/media\/70159"}],"wp:attachment":[{"href":"http:\/\/hoycordobaweb.com\/index.php\/wp-json\/wp\/v2\/media?parent=70158"}],"wp:term":[{"taxonomy":"category","embeddable":true,"href":"http:\/\/hoycordobaweb.com\/index.php\/wp-json\/wp\/v2\/categories?post=70158"},{"taxonomy":"post_tag","embeddable":true,"href":"http:\/\/hoycordobaweb.com\/index.php\/wp-json\/wp\/v2\/tags?post=70158"}],"curies":[{"name":"wp","href":"https:\/\/api.w.org\/{rel}","templated":true}]}}