{"id":70144,"date":"2023-11-23T05:35:41","date_gmt":"2023-11-23T05:35:41","guid":{"rendered":"https:\/\/www.ole.com.ar\/seleccion\/seleccion-scaloni-barullo-scaloneta-tapia-eliminatorias-copa-america_0_BKkO97Ll2j.html"},"modified":"2023-11-23T05:35:41","modified_gmt":"2023-11-23T05:35:41","slug":"seleccion-el-barullo-que-faltaba","status":"publish","type":"post","link":"http:\/\/hoycordobaweb.com\/index.php\/2023\/11\/23\/seleccion-el-barullo-que-faltaba\/","title":{"rendered":"Selecci\u00f3n: el barullo que faltaba"},"content":{"rendered":"<p><img src=\"http:\/\/hoycordobaweb.com\/wp-content\/uploads\/2023\/11\/seleccion-el-barullo-que-faltaba.jpg\"><\/p>\n<p><time class=\"createDate\" datetime=\"2023-11-23T02:35:41-03:00\">23\/11\/2023 02:35hs.<\/time><time class=\"modificatedDate\" datetime=\"2023-11-23T02:35:40-03:00\"><\/time><\/p>\n<div id=\"storyBody\">\n<div class=\"custom-text \" readability=\"15\">\n<p>La Selecci\u00f3n -en un presente muy convulso, angustiante a menudo, trabajoso de sobrellevar-, es <strong>un espacio que los argentinos disfrutamos<\/strong>, nos distendemos, nos sentimos ganadores. Nos identificamos y admiramos c\u00f3mo defienden la divisa de todos, y hasta<strong> los valores que la Scaloneta representa<\/strong>.<\/p>\n<\/div>\n<div class=\"custom-text \" readability=\"12\">\n<p>La madrugada de ayer se iba a completar un c\u00edrculo que dejaba a este equipo inmaculado, que puede perder como cualquiera pero que<strong> juega bien y gana mucho, much\u00edsimo m\u00e1s que lo que pierde<\/strong>, al punto de bajar marcas que parec\u00edan inconmovibles.<\/p>\n<\/div>\n<div class=\"custom-text \" readability=\"11\">\n<p>Incluso a pesar de <strong>la mancha que puso la polic\u00eda de Brasil<\/strong> sobre la noche deportivamente \u00e9pica de Argentina, iba a ser una noche para seguir viviendo el sue\u00f1o de la Selecci\u00f3n ideal, la que te alegra la vida.<\/p>\n<\/div>\n<div class=\"custom-text \" readability=\"11\">\n<p>Ahora se ha sumado a tantas otras zozobras que vivimos los argentinos. Ya <strong>no sabemos si Lionel Scaloni va a seguir siendo el t\u00e9cnic<\/strong>o en lo que queda de las Eliminatorias ni en la Copa Am\u00e9rica; ya est\u00e1 picando que en<strong> cada conferencia del DT no pueda evitarse preguntarle<\/strong> si las cosas mejoraron y se va a quedar, o se va a ir.<\/p>\n<\/div>\n<div class=\"custom-text \" readability=\"13\">\n<p>Mientras esper\u00e1bamos las habituales reflexiones del <strong>entrenador, sobrio en la c\u00faspide del \u00e9xito<\/strong>, lo que vino fue una alarma que tampoco es f\u00e1cil de desactivar. No se sabe si lo que pone en riesgo <strong>al tipo con m\u00e1s consenso que se recuerde como DT nacional,<\/strong> es la suma de incidencias menores o alguna de ellas en particular.<\/p>\n<\/div>\n<div class=\"custom-text \" readability=\"14\">\n<p>\u00bfDes\u00f3rdenes log\u00edsticos y de organizaci\u00f3n en una gira, filtraciones a la prensa, rispideces en la renovaci\u00f3n del contrato, cambios inconsultos de sede de local\u00eda, demora en el pago de premios, <strong>interferencia del alineamiento pol\u00edtico de Claudio Tapia<\/strong> con Sergio Massa?<\/p>\n<\/div>\n<div class=\"custom-text \" readability=\"12\">\n<p>Vista la sorpresiva decisi\u00f3n de<strong> hacer estallar esta bomba en p\u00fablico<\/strong>, hasta podr\u00eda ocurrir que nos qued\u00e1ramos sin el DT de la Selecci\u00f3n como cuando, de un d\u00eda para otro, Marcelo Bielsa se fue dando por toda explicaci\u00f3n que no ten\u00eda m\u00e1s energ\u00edas.<\/p>\n<\/div>\n<div class=\"sc-e7b891c4-0 jPbnQF\"><img alt=\"En Par\u00eds, cuando se juntaron para The Best y acordaron la renovaci\u00f3n del contrato con Tapia.\" src=\"http:\/\/hoycordobaweb.com\/wp-content\/uploads\/2023\/11\/seleccion-el-barullo-que-faltaba-2.jpg\" width=\"640\" height=\"510\" decoding=\"async\" data-nimg=\"future\" loading=\"lazy\"><span class=\"epigraphe\">En Par\u00eds, cuando se juntaron para The Best y acordaron la renovaci\u00f3n del contrato con Tapia.<\/span><\/div>\n<div type=\"embed\" class=\"sc-7ce6049-0 dwIKul\">\n<div class=\"sc-7ce6049-1 bdcBBS videoText\" id=\"contentTitleembedAQJfQPfl\" type=\"embed\" readability=\"6\"><svg fill=\"#ffffff\"><symbol id=\"play\" viewBox=\"0 0 512 512\"><path d=\"M512 256C512 397.4 397.4 512 256 512C114.6 512 0 397.4 0 256C0 114.6 114.6 0 256 0C397.4 0 512 114.6 512 256zM176 168V344C176 352.7 180.7 360.7 188.3 364.9C195.8 369.2 205.1 369 212.5 364.5L356.5 276.5C363.6 272.1 368 264.4 368 256C368 247.6 363.6 239.9 356.5 235.5L212.5 147.5C205.1 142.1 195.8 142.8 188.3 147.1C180.7 151.3 176 159.3 176 168V168z\" \/><\/symbol><use xlink:href=\"#play\" \/><\/svg><\/p>\n<div class=\"right\" readability=\"7\">\n<p>Lionel Scaloni<!-- --> &#8211;<!-- --> <span>23-11-2023<\/span><\/p>\n<h2 class=\"title-vid\">Scaloni puso en duda su futuro<\/h2>\n<\/div>\n<\/div>\n<p><span class=\"back\" id=\"spanBackembedAQJfQPfl\"><\/span><\/div>\n<div class=\"sc-a7166897-0 exHLBh\" readability=\"6\">\n<section readability=\"2\"><picture><img alt=\"Las cuatro chances que le quedan a Boca para clasificar a la Libertadores 2024\" src=\"http:\/\/hoycordobaweb.com\/wp-content\/uploads\/2023\/11\/seleccion-el-barullo-que-faltaba-3.jpg\" width=\"290\" height=\"290\" decoding=\"async\" data-nimg=\"future\" loading=\"lazy\"><\/picture>\n<p><span>Mir\u00e1 tambi\u00e9n<\/span><\/p>\n<hr>\n<h3>Las cuatro chances que le quedan a Boca para clasificar a la Libertadores 2024<\/h3>\n<\/p>\n<\/section>\n<\/div>\n<div class=\"sc-a7166897-0 exHLBh\" readability=\"6\">\n<section readability=\"2\"><picture><img alt=\"\u00bfPor qu\u00e9 se fueron los \u00faltimos 7 DT de la Selecci\u00f3n?\" src=\"http:\/\/hoycordobaweb.com\/wp-content\/uploads\/2023\/11\/seleccion-el-barullo-que-faltaba-4.jpg\" width=\"290\" height=\"290\" decoding=\"async\" data-nimg=\"future\" loading=\"lazy\"><\/picture>\n<p><span>Mir\u00e1 tambi\u00e9n<\/span><\/p>\n<hr>\n<h3>\u00bfPor qu\u00e9 se fueron los \u00faltimos 7 DT de la Selecci\u00f3n?<\/h3>\n<\/p>\n<\/section>\n<\/div>\n<\/div>\n","protected":false},"excerpt":{"rendered":"<p>23\/11\/2023 02:35hs. La Selecci\u00f3n -en un presente muy convulso, angustiante a menudo, trabajoso de sobrellevar-, es un espacio que los argentinos disfrutamos, nos distendemos, nos sentimos ganadores. Nos identificamos y admiramos c\u00f3mo defienden la divisa de todos, y hasta los valores que la Scaloneta representa. La madrugada de ayer se iba a completar un c\u00edrculo [&hellip;]<\/p>\n","protected":false},"author":1,"featured_media":70145,"comment_status":"open","ping_status":"closed","sticky":false,"template":"","format":"standard","meta":[],"categories":[16],"tags":[],"_links":{"self":[{"href":"http:\/\/hoycordobaweb.com\/index.php\/wp-json\/wp\/v2\/posts\/70144"}],"collection":[{"href":"http:\/\/hoycordobaweb.com\/index.php\/wp-json\/wp\/v2\/posts"}],"about":[{"href":"http:\/\/hoycordobaweb.com\/index.php\/wp-json\/wp\/v2\/types\/post"}],"author":[{"embeddable":true,"href":"http:\/\/hoycordobaweb.com\/index.php\/wp-json\/wp\/v2\/users\/1"}],"replies":[{"embeddable":true,"href":"http:\/\/hoycordobaweb.com\/index.php\/wp-json\/wp\/v2\/comments?post=70144"}],"version-history":[{"count":0,"href":"http:\/\/hoycordobaweb.com\/index.php\/wp-json\/wp\/v2\/posts\/70144\/revisions"}],"wp:featuredmedia":[{"embeddable":true,"href":"http:\/\/hoycordobaweb.com\/index.php\/wp-json\/wp\/v2\/media\/70145"}],"wp:attachment":[{"href":"http:\/\/hoycordobaweb.com\/index.php\/wp-json\/wp\/v2\/media?parent=70144"}],"wp:term":[{"taxonomy":"category","embeddable":true,"href":"http:\/\/hoycordobaweb.com\/index.php\/wp-json\/wp\/v2\/categories?post=70144"},{"taxonomy":"post_tag","embeddable":true,"href":"http:\/\/hoycordobaweb.com\/index.php\/wp-json\/wp\/v2\/tags?post=70144"}],"curies":[{"name":"wp","href":"https:\/\/api.w.org\/{rel}","templated":true}]}}