{"id":70131,"date":"2023-11-21T12:32:00","date_gmt":"2023-11-21T12:32:00","guid":{"rendered":"https:\/\/fm-comunicar.com.ar\/contenido\/20944\/jesus-maria-convoca-a-trabajadores-externos-para-el-operativo-festival-2024"},"modified":"2023-11-21T12:32:00","modified_gmt":"2023-11-21T12:32:00","slug":"jesus-maria-convoca-a-trabajadores-externos-para-el-operativo-festival-2024","status":"publish","type":"post","link":"http:\/\/hoycordobaweb.com\/index.php\/2023\/11\/21\/jesus-maria-convoca-a-trabajadores-externos-para-el-operativo-festival-2024\/","title":{"rendered":"Jes\u00fas mar\u00eda convoca a trabajadores externos para el Operativo Festival 2024"},"content":{"rendered":"<p>A partir del mi\u00e9rcoles 22 de noviembre se abre la convocatoria. Quienes deseen postularse, podr\u00e1n inscribirse de manera presencial o virtual.<img src=\"http:\/\/hoycordobaweb.com\/wp-content\/uploads\/2023\/11\/jesus-maria-convoca-a-trabajadores-externos-para-el-operativo-festival-2024.jpg\"><\/p>\n","protected":false},"excerpt":{"rendered":"<p>A partir del mi\u00e9rcoles 22 de noviembre se abre la convocatoria. Quienes deseen postularse, podr\u00e1n inscribirse de manera presencial o virtual.<\/p>\n","protected":false},"author":1,"featured_media":70132,"comment_status":"closed","ping_status":"closed","sticky":false,"template":"","format":"standard","meta":[],"categories":[18],"tags":[],"_links":{"self":[{"href":"http:\/\/hoycordobaweb.com\/index.php\/wp-json\/wp\/v2\/posts\/70131"}],"collection":[{"href":"http:\/\/hoycordobaweb.com\/index.php\/wp-json\/wp\/v2\/posts"}],"about":[{"href":"http:\/\/hoycordobaweb.com\/index.php\/wp-json\/wp\/v2\/types\/post"}],"author":[{"embeddable":true,"href":"http:\/\/hoycordobaweb.com\/index.php\/wp-json\/wp\/v2\/users\/1"}],"replies":[{"embeddable":true,"href":"http:\/\/hoycordobaweb.com\/index.php\/wp-json\/wp\/v2\/comments?post=70131"}],"version-history":[{"count":0,"href":"http:\/\/hoycordobaweb.com\/index.php\/wp-json\/wp\/v2\/posts\/70131\/revisions"}],"wp:featuredmedia":[{"embeddable":true,"href":"http:\/\/hoycordobaweb.com\/index.php\/wp-json\/wp\/v2\/media\/70132"}],"wp:attachment":[{"href":"http:\/\/hoycordobaweb.com\/index.php\/wp-json\/wp\/v2\/media?parent=70131"}],"wp:term":[{"taxonomy":"category","embeddable":true,"href":"http:\/\/hoycordobaweb.com\/index.php\/wp-json\/wp\/v2\/categories?post=70131"},{"taxonomy":"post_tag","embeddable":true,"href":"http:\/\/hoycordobaweb.com\/index.php\/wp-json\/wp\/v2\/tags?post=70131"}],"curies":[{"name":"wp","href":"https:\/\/api.w.org\/{rel}","templated":true}]}}