{"id":70110,"date":"2023-11-21T19:30:19","date_gmt":"2023-11-21T19:30:19","guid":{"rendered":"https:\/\/www.mujerhoy.com\/moda\/no-te-pierdas\/reina-letizia-vestido-negro-escote-ensena-hombros-20231121200206-nt.html"},"modified":"2023-11-21T19:30:19","modified_gmt":"2023-11-21T19:30:19","slug":"la-reina-letizia-impacta-con-su-mejor-vestido-negro-presume-de-tipazo-con-este-look-tan-espectacular","status":"publish","type":"post","link":"http:\/\/hoycordobaweb.com\/index.php\/2023\/11\/21\/la-reina-letizia-impacta-con-su-mejor-vestido-negro-presume-de-tipazo-con-este-look-tan-espectacular\/","title":{"rendered":"La reina Letizia impacta con su mejor vestido negro: presume de tipazo con este look tan espectacular"},"content":{"rendered":"<p><!-- AUTHOR --> <\/p>\n<div class=\"voc-author-timesocial \"> <!-- AUTHOR --> <\/p>\n<div class=\"voc-author-timesocial__signature\"> <!-- IMAGE AUTHOR --> <picture class=\"voc-image-signature\"> <img class=\"voc-image-signature__img\" src=\"http:\/\/hoycordobaweb.com\/wp-content\/uploads\/2023\/11\/la-reina-letizia-impacta-con-su-mejor-vestido-negro-presume-de-tipazo-con-este-look-tan-espectacular.jpg\" alt=\"Raquel Rodr\u00edguez\"> <\/picture> <!-- INFO AUTHOR --> <\/div><\/div>\n<p> <!-- COMPONENTS --> <\/p>\n<p class=\"voc-paragraph\">Cuando se trata de periodismo, <strong>la reina Letizia<\/strong> se viste \u00abde gala\u00bb. La que fue su profesi\u00f3n antes de convertirse en reina le sigue tirando y<br \/>\n<a data-voc-vtm-id=\"in-text-traffic\" href=\"https:\/\/www.mujerhoy.com\/celebrities\/realeza\/letizia-polemica-criticas-reina-fria-profesional-soberbia-vicios-periodismo-television-20230327071826-nt.html\" title=\"www.mujerhoy.com\"> la vocaci\u00f3n <\/a>es tan inherente a ella que no se pierde todos y cada uno de los actos relacionados con su anterior trabajo a los que es invitada. Y no solo eso, aprovecha siempre para sacar de alguna forma a la periodista que lleva dentro, adem\u00e1s de lucir su mejor versi\u00f3n estil\u00edstica\n<\/p>\n<p class=\"voc-paragraph\">Los <a data-voc-vtm-id=\"in-text-traffic\" href=\"https:\/\/www.mujerhoy.com\/moda\/no-te-pierdas\/letizia-fotos-looks-premios-cerecedo-virales-vestido-polemico-feo-criticado-nuevo-peinado-20221129215638-ga.html\" title=\"www.mujerhoy.com\">looks de los premios Francisco Cerecedo<\/a> o <a data-voc-vtm-id=\"in-text-traffic\" href=\"https:\/\/www.mujerhoy.com\/moda\/no-te-pierdas\/reina-letizia-premios-mariano-cavia-mejores-looks-vestidos-favorecedor-transparencia-20230717115259-nt.html\" title=\"www.mujerhoy.com\">los vestidos que ha llevado en los premios de periodismo de Mariano de Cavia<\/a> son un buen ejemplo de ello. Se siente c\u00f3moda, es lo que m\u00e1s le gusta y no duda en deleitarnos con estilismos que r\u00e1pido se colocan en las listas de los mejores del momento. Hoy, <a data-voc-vtm-id=\"in-text-traffic\" href=\"https:\/\/www.mujerhoy.com\/temas\/personajes\/reina-dona-letizia.html\" title=\"www.mujerhoy.com\">la reina Letizi<\/a>a ha vuelto a demostrarlo asistiendo a el <strong>aniversario de un peri\u00f3dico espa\u00f1ol<\/strong>.\n<\/p>\n<p class=\"voc-paragraph\">Despu\u00e9s de unos d\u00edas austente tras la cancelaci\u00f3n de los Cerecedo por la situaci\u00f3n pol\u00edtica que vive nuestro pa\u00eds, la reina Letizia <strong>ha vuelto a su agenda de trabajo<\/strong> y lo ha hecho presidiendo junto al rey Felipe VI el XXV aniversario de un perio\u00f3dico de tirada nacional.\n<\/p>\n<p class=\"voc-paragraph\">Y para la ocasi\u00f3n, la reina Letizia confirm\u00f3 que el menos es m\u00e1s y que las propuestas sencillas tambi\u00e9n est\u00e1n hechas para triunfar con un precioso <strong>vestido negro<\/strong>. Un modelo con el que presumi\u00f3 de tipazo y que s\u00ed, como ocurre con todo lo que se pone, le sentaba como un guante.\n<\/p>\n<div class=\"voc-detail-photo-zoom\"> <picture data-toggle=\"modal\" data-target=\"#photoZoomModal-62\" target=\"modal\">\n<div class=\"voc-img-icon-link\"> <img loading=\"lazy\" data-original=\"\/\/static3.mujerhoy.com\/www\/multimedia\/202311\/21\/media\/cortadas\/reina-letizia-aniversario-la-razon-kSwG--650x900@MujerHoy.JPG\" width=\"650\" height=\"900\" class=\"lazy adsviu_analyse\" alt=\"El rey Felipe y la reina Letizia, con un vestido negro. \/ LIMITED PICTURES\"> <noscript> <img src=\"http:\/\/hoycordobaweb.com\/wp-content\/uploads\/2023\/11\/la-reina-letizia-impacta-con-su-mejor-vestido-negro-presume-de-tipazo-con-este-look-tan-espectacular.webp\" alt=\"El rey Felipe y la reina Letizia, con un vestido negro. \/ LIMITED PICTURES\"> <\/noscript> <i class=\"voc-icons zoom voc-multimedia-box voc-ico-l\"><\/i> <\/div><figcaption class=\"figure-caption\">El rey Felipe y la reina Letizia, con un vestido negro. \/ LIMITED PICTURES<\/figcaption><\/picture>\n<\/div>\n<div id=\"photoZoomModal-62\" class=\"voc-lightbox modal fade voc-lightbox--photo-zoom\" role=\"dialog\" data-voc-photozoom-lightbox>\n<div class=\"voc-lightbox__dialog\" role=\"document\">\n<div class=\"voc-lightbox__content\"> <!-- Modal header --> <!-- Modal content --> <\/p>\n<div class=\"voc-lightbox__photo-container\"> <picture class> <img loading=\"lazy\" data-original=\"\/\/static3.mujerhoy.com\/www\/multimedia\/202311\/21\/media\/cortadas\/reina-letizia-aniversario-la-razon-kSwG--650x900@MujerHoy.JPG\" alt=\"El rey Felipe y la reina Letizia, con un vestido negro. \/ LIMITED PICTURES\" class=\"lazy\"> <noscript> <img src=\"http:\/\/hoycordobaweb.com\/wp-content\/uploads\/2023\/11\/la-reina-letizia-impacta-con-su-mejor-vestido-negro-presume-de-tipazo-con-este-look-tan-espectacular.webp\" alt=\"El rey Felipe y la reina Letizia, con un vestido negro. \/ LIMITED PICTURES\"> <\/noscript> <\/picture> <\/div><\/div><\/div>\n<\/div>\n<p class=\"voc-paragraph\">Y aunque esper\u00e1bamos estrenara un lookazo de esos a los que nos tiene acostumbradas, la monarca <strong>ha preferido rescatar esta prenda <\/strong>tan especial de su armario. Se trata de un vestido que le vimos lucir en la XXXV edici\u00f3n de los Premios Macael que se celebraron hace justo un a\u00f1o.\n<\/p>\n<p class=\"voc-paragraph\">Ya en su momento nos dej\u00f3 boquiabiertas al v\u00e9rsela por primera vez y esta vez lo ha vuelto a hacer. Cuando lo llev\u00f3 el a\u00f1o pasado en Almer\u00eda, lo acompa\u00f1\u00f3 de un recogido que dejaba a la vista unos espectaculares<br \/>\n<strong> pendientes de platino y diamantes <\/strong>con forma de hoja que el emir de Catar le regal\u00f3 en su visita de Estado y de unos zapatos detalonados de Jimmy Choo.\n<\/p>\n<div class=\"voc-detail-photo-zoom\"> <picture data-toggle=\"modal\" data-target=\"#photoZoomModal-646\" target=\"modal\">\n<div class=\"voc-img-icon-link\"> <img loading=\"lazy\" data-original=\"\/\/static.mujerhoy.com\/www\/multimedia\/202311\/21\/media\/cortadas\/reina-letizia-look-escote-kK1D--650x900@MujerHoy.JPG\" width=\"650\" height=\"900\" class=\"lazy adsviu_analyse\" alt=\"La reina Letizia presume de tipazo. \/ LIMITED PICTURES\"> <noscript> <img src=\"http:\/\/hoycordobaweb.com\/wp-content\/uploads\/2023\/11\/la-reina-letizia-impacta-con-su-mejor-vestido-negro-presume-de-tipazo-con-este-look-tan-espectacular-1.webp\" alt=\"La reina Letizia presume de tipazo. \/ LIMITED PICTURES\"> <\/noscript> <i class=\"voc-icons zoom voc-multimedia-box voc-ico-l\"><\/i> <\/div><figcaption class=\"figure-caption\">La reina Letizia presume de tipazo. \/ LIMITED PICTURES<\/figcaption><\/picture>\n<\/div>\n<div id=\"photoZoomModal-646\" class=\"voc-lightbox modal fade voc-lightbox--photo-zoom\" role=\"dialog\" data-voc-photozoom-lightbox>\n<div class=\"voc-lightbox__dialog\" role=\"document\">\n<div class=\"voc-lightbox__content\"> <!-- Modal header --> <!-- Modal content --> <\/p>\n<div class=\"voc-lightbox__photo-container\"> <picture class> <img loading=\"lazy\" data-original=\"\/\/static.mujerhoy.com\/www\/multimedia\/202311\/21\/media\/cortadas\/reina-letizia-look-escote-kK1D--650x900@MujerHoy.JPG\" alt=\"La reina Letizia presume de tipazo. \/ LIMITED PICTURES\" class=\"lazy\"> <noscript> <img src=\"http:\/\/hoycordobaweb.com\/wp-content\/uploads\/2023\/11\/la-reina-letizia-impacta-con-su-mejor-vestido-negro-presume-de-tipazo-con-este-look-tan-espectacular-1.webp\" alt=\"La reina Letizia presume de tipazo. \/ LIMITED PICTURES\"> <\/noscript> <\/picture> <\/div><\/div><\/div>\n<\/div>\n<p class=\"voc-paragraph\">Esta vez, ha preferido sacar una versi\u00f3n algo m\u00e1s sencilla de este vestido y ha dejado su melena suelta que ha sido peinada con unas ondas marcadas. Un peinado que dejaba entrever unos <strong>pendientes en forma de aro nuevos<\/strong> que aportaban luminosidad al rostro.\n<\/p>\n<p class=\"voc-paragraph\">En cuanto al resto de complementos, do\u00f1a Letizia dio vida al sencillo vestido negro con uno de sus zapatos m\u00e1s especiales. En concreto, con un dise\u00f1o detalonado de <strong>Aquazzura <\/strong>que no pueden ser m\u00e1s bonitos y que combin\u00f3 con un bolso de mano dorado de <strong>Magrit<\/strong>. \u00a1Ideal!\n<\/p>\n<p> <!-- TOPICS --> <\/p>\n","protected":false},"excerpt":{"rendered":"<p>Cuando se trata de periodismo, la reina Letizia se viste \u00abde gala\u00bb. La que fue su profesi\u00f3n antes de convertirse en reina le sigue tirando y la vocaci\u00f3n es tan inherente a ella que no se pierde todos y cada uno de los actos relacionados con su anterior trabajo a los que es invitada. Y [&hellip;]<\/p>\n","protected":false},"author":1,"featured_media":70111,"comment_status":"closed","ping_status":"closed","sticky":false,"template":"","format":"standard","meta":[],"categories":[1],"tags":[],"_links":{"self":[{"href":"http:\/\/hoycordobaweb.com\/index.php\/wp-json\/wp\/v2\/posts\/70110"}],"collection":[{"href":"http:\/\/hoycordobaweb.com\/index.php\/wp-json\/wp\/v2\/posts"}],"about":[{"href":"http:\/\/hoycordobaweb.com\/index.php\/wp-json\/wp\/v2\/types\/post"}],"author":[{"embeddable":true,"href":"http:\/\/hoycordobaweb.com\/index.php\/wp-json\/wp\/v2\/users\/1"}],"replies":[{"embeddable":true,"href":"http:\/\/hoycordobaweb.com\/index.php\/wp-json\/wp\/v2\/comments?post=70110"}],"version-history":[{"count":0,"href":"http:\/\/hoycordobaweb.com\/index.php\/wp-json\/wp\/v2\/posts\/70110\/revisions"}],"wp:featuredmedia":[{"embeddable":true,"href":"http:\/\/hoycordobaweb.com\/index.php\/wp-json\/wp\/v2\/media\/70111"}],"wp:attachment":[{"href":"http:\/\/hoycordobaweb.com\/index.php\/wp-json\/wp\/v2\/media?parent=70110"}],"wp:term":[{"taxonomy":"category","embeddable":true,"href":"http:\/\/hoycordobaweb.com\/index.php\/wp-json\/wp\/v2\/categories?post=70110"},{"taxonomy":"post_tag","embeddable":true,"href":"http:\/\/hoycordobaweb.com\/index.php\/wp-json\/wp\/v2\/tags?post=70110"}],"curies":[{"name":"wp","href":"https:\/\/api.w.org\/{rel}","templated":true}]}}