{"id":70090,"date":"2023-11-21T21:27:33","date_gmt":"2023-11-21T21:27:33","guid":{"rendered":"https:\/\/ladecimaweb.com\/?p=22467"},"modified":"2023-11-21T21:27:33","modified_gmt":"2023-11-21T21:27:33","slug":"inauguran-el-centro-operativo-de-villa-el-libertador","status":"publish","type":"post","link":"http:\/\/hoycordobaweb.com\/index.php\/2023\/11\/21\/inauguran-el-centro-operativo-de-villa-el-libertador\/","title":{"rendered":"Inauguran el Centro Operativo de Villa El Libertador"},"content":{"rendered":"<div class=\"boldgrid-section\">\n<div class=\"container\">\n<div class=\"row\">\n<div class=\"col-md-12 col-xs-12 col-sm-12\">\n<p class=\"\"><em>(Gobierno)<\/em> Con la inauguraci\u00f3n y puesta en funcionamiento del Centro Operativo Villa El Libertador, el intendente Mart\u00edn Llaryora completa el proceso de descentralizaci\u00f3n operativa implementada por el Municipio, uno de los ejes principales de su gesti\u00f3n.<\/p>\n<p>El flamante Centro Operativo est\u00e1 ubicado en T\u00edo Pujio 2085, de barrio Santa Isabel 2\u00b0 Secci\u00f3n, y atender\u00e1 las necesidades de 185 mil vecinos en 53 barrios del sector sur de la ciudad.<\/p>\n<p class=\"\">Durante el acto de apertura, el intendente Mart\u00edn Llaryora destac\u00f3 que todos los CPC ya tienen su Centro Operativo luego de a\u00f1os de abandono en los barrios.<span>&nbsp;<\/span><em>\u201cHice el m\u00e1ximo esfuerzo para hacer la m\u00e1xima transformaci\u00f3n, trabajamos 24\/7 y rompimos moldes, l\u00edmites y tomamos decisiones. Cuando uno hace las cosas bien, la gente defiende los lugares p\u00fablicos y de calidad\u201d.<\/em><\/p>\n<p class=\"\"><em>\u201cLes pido a los vecinos que no se acostumbren a menos, lo que logramos hasta ahora tiene que ser la base y de ac\u00e1 para adelante. Nunca permitan ustedes, personas trabajadoras, otra vez el abandono. Este legado muestra que se puede ahora y en el futuro\u201d,<\/em><span>&nbsp;<\/span>expres\u00f3 el mandatario.<\/p>\n<p class=\"\">Por su parte, el viceintendente Daniel Passerini enfatiz\u00f3 su discurso en el hecho que la ciudad volvi\u00f3 a vivir en los barrios:<span>&nbsp;<\/span><em>\u201cQue hoy C\u00f3rdoba tenga descentralizaci\u00f3n operativa, desconcentraci\u00f3n de servicios, transformaci\u00f3n digital y una pol\u00edtica educativa avanzada, tiene que ver con todas esas decisiones que tomamos desde el Municipio\u00bb.<\/em><\/p>\n<p class=\"\">De esta manera, son 13 las bases de operaciones que se distribuyen de manera estrat\u00e9gica en toda la ciudad de acuerdo a las distintas jurisdicciones de los Centros de Participaci\u00f3n Comunal y que llevan adelante soluciones de manera r\u00e1pida y eficaz a todos los barrios de C\u00f3rdoba.<\/p>\n<p class=\"\">Este proceso fue puesto en marcha el 6 de Julio de 2021 y demand\u00f3 una inversi\u00f3n de m\u00e1s de $ 2.500 millones en maquinarias y herramientas en su totalidad.<\/p>\n<p>As\u00ed es como en dos a\u00f1os y medio se pusieron en marcha los centros operativos de: Centro Am\u00e9rica, Monse\u00f1or Pablo Cabrera, Arg\u00fcello, Col\u00f3n, Ruta 20, Empalme, Pueyrred\u00f3n, Rancagua, Gui\u00f1az\u00fa, San Vicente, Chalet San Felipe y Jard\u00edn.<\/p>\n<p><span>De esta manera, el intendente Mart\u00edn Llaryora finalizar\u00e1 su gesti\u00f3n con el objetivo cumplido y adem\u00e1s concret\u00f3 otro hito hist\u00f3rico poniendo en marcha este plan de descentralizaci\u00f3n que hab\u00eda sido postergado durante 27 a\u00f1os.<\/span><\/p>\n<p><strong>El nuevo Centro Operativo y su pleno funcionamiento<\/strong><\/p>\n<p>A partir de este jueves 23 de noviembre comenzar\u00e1 la atenci\u00f3n al p\u00fablico en el horario de 8 a 18 horas, y permanecer\u00e1 abierto de lunes a viernes, con el fin de cubrir las demandas de los vecinos de la zona sur de la ciudad.<\/p>\n<p>Por tanto, el espacio se encargar\u00e1 del mantenimiento general del sector con trabajos que incluyen: cambio de luminarias, bacheo a peque\u00f1a escala, servicio de desagotes sociales, limpieza de microbasurales, poda baja y alta, mantenimiento de espacios verdes secundarios y canteros centrales de las arterias principales.<\/p>\n<p class=\"\">Tambi\u00e9n llevar\u00e1n adelante tareas de reparaci\u00f3n y pintura de cordones cuneta, ciclov\u00edas, rampas para personas con discapacidad; control y retiro de carteler\u00eda irregular e inclusive alba\u00f1iler\u00eda general en espacios y edificios p\u00fablicos.<\/p>\n<p>&nbsp;<\/p>\n<div class=\"ubm_banner\"><a href=\"http:\/\/www.cba.gov.ar\/prevencion-incendios\" target=\"_blank\" rel=\"dofollow noopener noreferrer\"><img src=\"http:\/\/hoycordobaweb.com\/wp-content\/uploads\/2023\/11\/inauguran-el-centro-operativo-de-villa-el-libertador.gif\" alt=\"\"><\/a><\/div>\n<\/div>\n<\/div>\n<\/div>\n<\/div>\n<p>La entrada <a rel=\"nofollow\" href=\"https:\/\/ladecimaweb.com\/inauguran-el-centro-operativo-de-villa-el-libertador\/\">Inauguran el Centro Operativo de Villa El Libertador<\/a> se public\u00f3 primero en <a rel=\"nofollow\" href=\"https:\/\/ladecimaweb.com\">LaDecima<\/a>.<\/p>\n","protected":false},"excerpt":{"rendered":"<p>(Gobierno) Con la inauguraci\u00f3n y puesta en funcionamiento del Centro Operativo Villa El Libertador, el intendente Mart\u00edn Llaryora completa el proceso de descentralizaci\u00f3n operativa implementada por el Municipio, uno de los ejes principales de su gesti\u00f3n. El flamante Centro Operativo est\u00e1 ubicado en T\u00edo Pujio 2085, de barrio Santa Isabel 2\u00b0 Secci\u00f3n, y atender\u00e1 las [&hellip;]<\/p>\n","protected":false},"author":1,"featured_media":70091,"comment_status":"closed","ping_status":"closed","sticky":false,"template":"","format":"standard","meta":[],"categories":[19],"tags":[],"_links":{"self":[{"href":"http:\/\/hoycordobaweb.com\/index.php\/wp-json\/wp\/v2\/posts\/70090"}],"collection":[{"href":"http:\/\/hoycordobaweb.com\/index.php\/wp-json\/wp\/v2\/posts"}],"about":[{"href":"http:\/\/hoycordobaweb.com\/index.php\/wp-json\/wp\/v2\/types\/post"}],"author":[{"embeddable":true,"href":"http:\/\/hoycordobaweb.com\/index.php\/wp-json\/wp\/v2\/users\/1"}],"replies":[{"embeddable":true,"href":"http:\/\/hoycordobaweb.com\/index.php\/wp-json\/wp\/v2\/comments?post=70090"}],"version-history":[{"count":0,"href":"http:\/\/hoycordobaweb.com\/index.php\/wp-json\/wp\/v2\/posts\/70090\/revisions"}],"wp:featuredmedia":[{"embeddable":true,"href":"http:\/\/hoycordobaweb.com\/index.php\/wp-json\/wp\/v2\/media\/70091"}],"wp:attachment":[{"href":"http:\/\/hoycordobaweb.com\/index.php\/wp-json\/wp\/v2\/media?parent=70090"}],"wp:term":[{"taxonomy":"category","embeddable":true,"href":"http:\/\/hoycordobaweb.com\/index.php\/wp-json\/wp\/v2\/categories?post=70090"},{"taxonomy":"post_tag","embeddable":true,"href":"http:\/\/hoycordobaweb.com\/index.php\/wp-json\/wp\/v2\/tags?post=70090"}],"curies":[{"name":"wp","href":"https:\/\/api.w.org\/{rel}","templated":true}]}}