{"id":70070,"date":"2023-11-21T02:45:00","date_gmt":"2023-11-21T02:45:00","guid":{"rendered":"http:\/\/hoycordobaweb.com\/index.php\/2023\/11\/21\/macri-califico-de-imperdonable-que-jxc-no-apoye-las-propuestas-de-milei-en-el-congreso\/"},"modified":"2023-11-21T02:45:00","modified_gmt":"2023-11-21T02:45:00","slug":"macri-califico-de-imperdonable-que-jxc-no-apoye-las-propuestas-de-milei-en-el-congreso","status":"publish","type":"post","link":"http:\/\/hoycordobaweb.com\/index.php\/2023\/11\/21\/macri-califico-de-imperdonable-que-jxc-no-apoye-las-propuestas-de-milei-en-el-congreso\/","title":{"rendered":"Macri calific\u00f3 de \u00abimperdonable\u00bb que JxC no apoye las propuestas de Milei en el Congreso"},"content":{"rendered":"<p><img src=\"http:\/\/hoycordobaweb.com\/wp-content\/uploads\/2023\/11\/macri-califico-de-imperdonable-que-jxc-no-apoye-las-propuestas-de-milei-en-el-congreso.jpg\"><\/p>\n<figure class=\"mb-3\"><img loading=\"lazy\" data-src=\"http:\/\/hoycordobaweb.com\/wp-content\/uploads\/2023\/11\/macri-califico-de-imperdonable-que-jxc-no-apoye-las-propuestas-de-milei-en-el-congreso-2.jpg\" src=\"https:\/\/www.telam.com.ar\/assets\/img\/not_image.png\" class=\" lazy \" width=\"100%\" height=\"100%\" alt=\"Foto Maximiliano Luna\"><figcaption> Foto: Maximiliano Luna <\/figcaption><\/figure>\n<p>El expresidente Mauricio Macri consider\u00f3 que<strong> ser\u00eda \u00abimperdonable\u00bb que Juntos por el Cambio no apoye \u00ablas reformas estructurales\u00bb que el mandatario electo Javier Milei lleve al Congreso<\/strong> y advirti\u00f3 que si el peronismo se manifiesta en contra de las medidas del nuevo gobierno, los j\u00f3venes que lo apoyaron con votos \u00abno se van a quedar en casa\u00bb.<\/p>\n<p>En una entrevista para el canal TN, Macri admiti\u00f3 que \u00ablos argentinos somos muy innovadores\u00bb y \u00abhemos innovado en darle el poder a alguien que no tiene estructura pol\u00edtica\u00bb, en referencia a la reciente victoria del libertario Milei en el balotaje presidencial.<\/p>\n<p>\u00abAquellos que hemos propuesto un cambio, moralmente es imperdonable que no apoyemos las reformas estructurales que \u00e9l vaya a plantear, si nosotros quer\u00edamos hacer lo mismo\u00bb, se\u00f1al\u00f3 al ser consultado sobre la falta de legisladores de La Libertad Avanza necesarios para lograr quorum en el Senado y Diputados.<\/p>\n<p>Y subray\u00f3 que <strong>\u00abaquellos que integramos la propuesta de JxC\u00bb debemos \u00abacompa\u00f1ar\u00bb<\/strong>.<\/p>\n<p>Asimismo, se\u00f1al\u00f3 que \u00abel peronismo despu\u00e9s de esta pi\u00f1a no va a tener nada f\u00e1cil explicarle a la ciudadan\u00eda que no colaboran en el per\u00edodo de leyes iniciales que va a lanzar este gobierno\u00bb.<\/p>\n<p>\u00abLos gobernadores deber\u00edan acompa\u00f1ar claramente porque este se\u00f1or dijo que ven\u00eda con una motosierra y con su estilo va a llegar a un presupuesto equilibrado\u00bb, continu\u00f3 y advirti\u00f3 que \u00abes una experiencia que va a necesitar madurez\u00bb.<\/p>\n<p>El dirigente del PRO destac\u00f3 que <strong>luego del balotaje \u00abhoy hay un mandato popular profundo\u00bb, que es \u00abliderado por j\u00f3venes\u00bb y \u00e9stos \u00abno se van a quedar en casa si estos se\u00f1ores empiezan a tirar toneladas de piedras<\/strong>\u00ab.<\/p>\n<p>Y asever\u00f3: \u00abLos orcos van a tener que medir muy bien cuando quieran hacer desmanes\u00bb.<\/p>\n<p>\u00abEl n\u00facleo revolucionario de Javier Milei son j\u00f3venes que trabajan, que reclaman la posibilidad de ahorrar, que han arrastrado a sus padres y nosotros hemos arrastrado a nuestros votantes\u00bb, se\u00f1al\u00f3 Macri.<\/p>\n<p>Respecto de JxC, afirm\u00f3 que \u00abno va a seguir igual\u00bb porque \u00abentramos a una etapa nueva donde tambi\u00e9n va a haber una necesidad de clarificaci\u00f3n ideol\u00f3gica\u00bb.<\/p>\n<p>\u00abJavier tom\u00f3 el liderazgo del cambio porque nosotros fuimos desti\u00f1endo aquello que propon\u00edamos como revolucionario para mantener la paz interna\u00bb, expres\u00f3 a modo de autocr\u00edtica sobre la coalici\u00f3n que lidera.<\/p>\n<p>Y record\u00f3 que <strong>\u00abel PRO lleg\u00f3 con propuestas similares en lo econ\u00f3mico que las de Javier y en la b\u00fasqueda de volumen pol\u00edtico fuimos concediendo\u00bb<\/strong>.<\/p>\n<p>\u00abEse cambio ha generado que hoy se tenga que transparentar la diferencia ideol\u00f3gica con ese socio que es el radicalismo, donde hay una tensi\u00f3n\u00bb, indic\u00f3.<\/p>\n<p>Y diferenci\u00f3 a \u00abaquellos que quieren hacer un populismo con ribetes republicanos versus aquellos que quieren volver a abrazar las ideas de Alem y Alvear\u00bb.<\/p>\n<p>Adem\u00e1s, consider\u00f3 que \u00ablo que hereda Javier Milei\u00bb al asumir como Presidente \u00abes varias veces peor que lo que hered\u00e9 yo en 2015\u00bb.<\/p>\n<p>\u00abEste nivel de cepo es mucho m\u00e1s complejo, todo este sistema atemorizante, es una tarea muy dif\u00edcil que le espera al gobierno de Milei\u00bb, agreg\u00f3.<\/p>\n<p>En esa l\u00ednea, advirti\u00f3 que \u00abtenemos seis meses por delante dur\u00edsimos donde el presidente electo tiene que estabilizar Argentina, tiene que hacer un shock fiscal bestial\u00bb y si es as\u00ed \u00aben 35 a\u00f1os vamos a ser tan importantes como las potencias m\u00e1s grandes del mundo\u00bb.<\/p>\n<p>Asegur\u00f3 que \u00absi tiene \u00e9xito, Argentina despega\u00bb y destac\u00f3 que \u00absin sequ\u00eda vuelven a entrar los d\u00f3lares de las exportaciones, el campo va a empujar, Vaca Muerta y el litio tambi\u00e9n\u00bb.<\/p>\n<p><strong>Macri confirm\u00f3 la reuni\u00f3n con Milei en el Hotel Libertador<\/strong>, donde el economista libertario hace base, \u00abpara hablar del futuro, no del pasado\u00bb.<\/p>\n<p>Y consider\u00f3 \u00abmuy positivo\u00bb la privatizaci\u00f3n de empresas Estatales propuesta por Milei esta ma\u00f1ana en declaraciones radiales.<\/p>\n<p>\u00abLa irrupci\u00f3n de la pol\u00edtica en YPF empeor\u00f3 su funcionamiento\u00bb, se\u00f1al\u00f3 y marc\u00f3 que \u00abel Estado tiene que estar donde lo necesitamos, echando a los narcos, asegurando la educaci\u00f3n p\u00fablica, hospitales, que la justicia funcione y proteja mujeres v\u00edctimas de violencia, al ciudadano que le usurpe una casa un mapuche trucho\u00bb.<\/p>\n<p>Por otra parte, record\u00f3 su viaje a Davos con el actual ministro de Econom\u00eda, Sergio Massa, a principios de 2016, donde le dijo \u00abvos vas a ser presidente porque ten\u00e9s capacidad, entend\u00e9s para d\u00f3nde va el mundo\u00bb, aunque reconoci\u00f3 que luego \u00abMassa fue una primera frustraci\u00f3n\u00bb. <\/p>\n","protected":false},"excerpt":{"rendered":"<p>Foto: Maximiliano Luna El expresidente Mauricio Macri consider\u00f3 que ser\u00eda \u00abimperdonable\u00bb que Juntos por el Cambio no apoye \u00ablas reformas estructurales\u00bb que el mandatario electo Javier Milei lleve al Congreso y advirti\u00f3 que si el peronismo se manifiesta en contra de las medidas del nuevo gobierno, los j\u00f3venes que lo apoyaron con votos \u00abno se [&hellip;]<\/p>\n","protected":false},"author":1,"featured_media":70071,"comment_status":"open","ping_status":"closed","sticky":false,"template":"","format":"standard","meta":[],"categories":[19],"tags":[],"_links":{"self":[{"href":"http:\/\/hoycordobaweb.com\/index.php\/wp-json\/wp\/v2\/posts\/70070"}],"collection":[{"href":"http:\/\/hoycordobaweb.com\/index.php\/wp-json\/wp\/v2\/posts"}],"about":[{"href":"http:\/\/hoycordobaweb.com\/index.php\/wp-json\/wp\/v2\/types\/post"}],"author":[{"embeddable":true,"href":"http:\/\/hoycordobaweb.com\/index.php\/wp-json\/wp\/v2\/users\/1"}],"replies":[{"embeddable":true,"href":"http:\/\/hoycordobaweb.com\/index.php\/wp-json\/wp\/v2\/comments?post=70070"}],"version-history":[{"count":0,"href":"http:\/\/hoycordobaweb.com\/index.php\/wp-json\/wp\/v2\/posts\/70070\/revisions"}],"wp:featuredmedia":[{"embeddable":true,"href":"http:\/\/hoycordobaweb.com\/index.php\/wp-json\/wp\/v2\/media\/70071"}],"wp:attachment":[{"href":"http:\/\/hoycordobaweb.com\/index.php\/wp-json\/wp\/v2\/media?parent=70070"}],"wp:term":[{"taxonomy":"category","embeddable":true,"href":"http:\/\/hoycordobaweb.com\/index.php\/wp-json\/wp\/v2\/categories?post=70070"},{"taxonomy":"post_tag","embeddable":true,"href":"http:\/\/hoycordobaweb.com\/index.php\/wp-json\/wp\/v2\/tags?post=70070"}],"curies":[{"name":"wp","href":"https:\/\/api.w.org\/{rel}","templated":true}]}}