{"id":70038,"date":"2023-11-20T20:57:34","date_gmt":"2023-11-20T20:57:34","guid":{"rendered":"https:\/\/manoamanocba.com.ar\/?p=6540"},"modified":"2023-11-20T20:57:34","modified_gmt":"2023-11-20T20:57:34","slug":"la-experiencia-de-un-cordobes-en-israel-y-su-mirada-sobre-el-conflicto","status":"publish","type":"post","link":"http:\/\/hoycordobaweb.com\/index.php\/2023\/11\/20\/la-experiencia-de-un-cordobes-en-israel-y-su-mirada-sobre-el-conflicto\/","title":{"rendered":"La experiencia de un cordob\u00e9s en Israel y su mirada sobre el conflicto"},"content":{"rendered":"<p><span>Hugo Rosales es un periodista cordob\u00e9s que reparte su vida entre Argentina e Israel desde hace siete a\u00f1os. Lleg\u00f3 al Estado jud\u00edo con poco conocimiento sobre el conflicto con Palestina y decidi\u00f3 sumergirse de lleno para conocer ambas voces y versiones.<\/span><\/p>\n<p><span>La contienda actual entre <strong>Israel<\/strong> y el grupo terrorista <strong>Ham\u00e1s<\/strong> -que gobierna la <strong>Franja de Gaza<\/strong>\u2013 ya suma m\u00e1s 12.000 v\u00edctimas fatales (c\u00edviles y milicianos) total y 240 ciudadanos israel\u00edes secuestrados, entre ellos unos 20 argentinos.&nbsp;<\/span><\/p>\n<p><span>En di\u00e1logo con <\/span><i><span>Mano a Mano<\/span><\/i><span>, Hugo Rosales cuenta qu\u00e9 lo llev\u00f3 a vivir en Medio Oriente, los momentos de tensi\u00f3n previos a la \u00faltima escalada y la clave de la negociaci\u00f3n para una posible resoluci\u00f3n temporal de este conflicto hist\u00f3rico.<\/span><\/p>\n<p><a href=\"http:\/\/manoamanocba.com.ar\/wp-content\/uploads\/2023\/11\/WhatsApp-Image-2023-11-15-at-16.11.16.jpeg\"><img loading=\"lazy\" class=\"size-medium wp-image-6541 aligncenter\" src=\"http:\/\/hoycordobaweb.com\/wp-content\/uploads\/2023\/11\/la-experiencia-de-un-cordobes-en-israel-y-su-mirada-sobre-el-conflicto.jpg\" alt width=\"300\" height=\"169\" srcset=\"http:\/\/hoycordobaweb.com\/wp-content\/uploads\/2023\/11\/la-experiencia-de-un-cordobes-en-israel-y-su-mirada-sobre-el-conflicto.jpg 300w, http:\/\/hoycordobaweb.com\/wp-content\/uploads\/2023\/11\/la-experiencia-de-un-cordobes-en-israel-y-su-mirada-sobre-el-conflicto-5.jpg 1024w, http:\/\/hoycordobaweb.com\/wp-content\/uploads\/2023\/11\/la-experiencia-de-un-cordobes-en-israel-y-su-mirada-sobre-el-conflicto-6.jpg 768w, http:\/\/hoycordobaweb.com\/wp-content\/uploads\/2023\/11\/la-experiencia-de-un-cordobes-en-israel-y-su-mirada-sobre-el-conflicto-7.jpg 1536w, http:\/\/hoycordobaweb.com\/wp-content\/uploads\/2023\/11\/la-experiencia-de-un-cordobes-en-israel-y-su-mirada-sobre-el-conflicto-8.jpg 1600w\" sizes=\"(max-width: 300px) 100vw, 300px\"><\/a><\/p>\n<p><b>\u00bfC\u00f3mo llegaste a Israel?<\/b><\/p>\n<p><i><span>Fui a un viaje en una especie de tour religioso, en una \u00e9poca en la que se hizo la canonizaci\u00f3n del Cura Brochero en Roma, junto a unos peregrinos de Santa Rosa de R\u00edo Primero. Hace 36 a\u00f1os hacemos un peri\u00f3dico regional desde Villa del Rosario (<a href=\"https:\/\/hechos.ar\/\">Hechos<\/a>) y nos sumamos a ese viaje que termina con una estad\u00eda de una semana en Tierra Santa. Y yo quedo fascinado con la idea de volver, pero con otra expectativa, no de visita, sino con la curiosidad del periodista. Y hago todos los contactos para volver, y a los tres meses fui por un mes en un intercambio y me qued\u00e9 por tres. A partir de eso establec\u00ed los v\u00ednculos para volver a otra experiencia similar por otros 90 d\u00edas, y as\u00ed comenc\u00e9 a vivir tres meses en Israel y tres meses en Argentina.<\/span><\/i><\/p>\n<p><a href=\"http:\/\/manoamanocba.com.ar\/wp-content\/uploads\/2023\/11\/WhatsApp-Image-2023-11-15-at-15.35.15.jpeg\"><img loading=\"lazy\" class=\"size-medium wp-image-6543 aligncenter\" src=\"http:\/\/hoycordobaweb.com\/wp-content\/uploads\/2023\/11\/la-experiencia-de-un-cordobes-en-israel-y-su-mirada-sobre-el-conflicto-1.jpg\" alt width=\"300\" height=\"225\" srcset=\"http:\/\/hoycordobaweb.com\/wp-content\/uploads\/2023\/11\/la-experiencia-de-un-cordobes-en-israel-y-su-mirada-sobre-el-conflicto-9.jpg 300w, http:\/\/hoycordobaweb.com\/wp-content\/uploads\/2023\/11\/la-experiencia-de-un-cordobes-en-israel-y-su-mirada-sobre-el-conflicto-10.jpg 1024w, http:\/\/hoycordobaweb.com\/wp-content\/uploads\/2023\/11\/la-experiencia-de-un-cordobes-en-israel-y-su-mirada-sobre-el-conflicto-11.jpg 768w, http:\/\/hoycordobaweb.com\/wp-content\/uploads\/2023\/11\/la-experiencia-de-un-cordobes-en-israel-y-su-mirada-sobre-el-conflicto-12.jpg 1280w\" sizes=\"(max-width: 300px) 100vw, 300px\"><\/a><\/p>\n<p><span>Particip\u00f3 en eventos de tecnolog\u00eda y medios, estudi\u00f3 hebreo para lograr una mayor integraci\u00f3n y logr\u00f3 una acreditaci\u00f3n de prensa en la oficina del Gobierno israel\u00ed.<\/span><\/p>\n<p><span>Ya instalado en <strong>Jerusal\u00e9n<\/strong>, la capital de Israel, empez\u00f3 a recorrer el pa\u00eds y hasta tuvo la posibilidad de ir a la sede central en Ramallah del Fatah (organizaci\u00f3n pol\u00edtica palestina) con una autoridad del gobierno de la Autoridad Nacional Palestina.<\/span><\/p>\n<p><span>Tambi\u00e9n cubri\u00f3 el movimiento mujeres por la paz, que est\u00e1 integrado por lideresas mujeres de Palestina e Israel, un grupo que ven\u00eda trabajando muy fuerte con apoyo internacional, y que llegaron a poner en alerta a ambos gobiernos.<\/span><\/p>\n<div id=\"attachment_6544\" class=\"wp-caption aligncenter\"><a href=\"http:\/\/manoamanocba.com.ar\/wp-content\/uploads\/2023\/11\/WhatsApp-Image-2023-11-15-at-13.21.43.jpeg\"><img aria-describedby=\"caption-attachment-6544\" loading=\"lazy\" class=\"size-medium wp-image-6544\" src=\"http:\/\/hoycordobaweb.com\/wp-content\/uploads\/2023\/11\/la-experiencia-de-un-cordobes-en-israel-y-su-mirada-sobre-el-conflicto-2.jpg\" alt width=\"225\" height=\"300\" srcset=\"http:\/\/hoycordobaweb.com\/wp-content\/uploads\/2023\/11\/la-experiencia-de-un-cordobes-en-israel-y-su-mirada-sobre-el-conflicto-13.jpg 225w, http:\/\/hoycordobaweb.com\/wp-content\/uploads\/2023\/11\/la-experiencia-de-un-cordobes-en-israel-y-su-mirada-sobre-el-conflicto-14.jpg 768w, http:\/\/hoycordobaweb.com\/wp-content\/uploads\/2023\/11\/la-experiencia-de-un-cordobes-en-israel-y-su-mirada-sobre-el-conflicto-15.jpg 960w\" sizes=\"(max-width: 225px) 100vw, 225px\"><\/a><\/p>\n<p id=\"caption-attachment-6544\" class=\"wp-caption-text\">Museo de Arafat<\/p>\n<\/div>\n<p><b>\u00bfEl \u00faltimo conflicto desatado en octubre fue una implosi\u00f3n?<\/b><\/p>\n<p><i><span>Esto nunca dej\u00f3 de estar presente en todo este tiempo, porque as\u00ed como hay gente que pregona por la paz, hay un sector de gente, fundamentalmente arraigada en la toma de decisiones del gobierno, que va para el otro lado, que utiliza el conflicto para mantener el status quo.<\/span><\/i><\/p>\n<p><i><span>Hay un extremismo, por un lado, con estos grupos terroristas, que est\u00e1n en todo Medio Oriente y perfectamente identificados, con voceros, que se comunican y que no se llevan bien entre s\u00ed: el movimiento de Ham\u00e1s (que gobierna la Franja de Gaza), Hezbol\u00e1 (organizaci\u00f3n musulmana chi\u00edta, con base principal en L\u00edbano) y la Yihad Isl\u00e1mica Palestina. Son tres clubes diferentes de los cuales tienen un com\u00fan denominador que es atacar a Israel. Los tres tienen v\u00ednculos con el mundo \u00e1rabe y otros con Ir\u00e1n, pa\u00eds que no tiene nada que ver con el mundo \u00e1rabe pero que tambi\u00e9n tienen entre sus preceptos destruir Israel. Es decir, Israel est\u00e1 rodeado por territorios que tienen infiltrados a estos grupos terroristas. En el caso de la Franja de Gaza, uno de estos grupos hace 18 a\u00f1os derroc\u00f3 al gobierno de la Autoridad Palestina y tom\u00f3 de reh\u00e9n a dos millones de personas que viven hacinadas. Es una dictadura impuesta por este grupo, que es una versi\u00f3n del terrorismo de ISIS. Est\u00e1n en un estado de atacar todo el tiempo y tienen un grupo de milicianos entrenados para autoinmolarse.&nbsp;<\/span><\/i><\/p>\n<p><i><span>No fue casualidad que entraron el <strong>7 de octubre<\/strong> pasado, sino fue la consecuencia de varios meses de un enga\u00f1o e inestabilidad pol\u00edtica en Israel. Volv\u00ed a Argentina en mayo y all\u00e1 ya sent\u00eda un clima que estaba al l\u00edmite. Dir\u00eda que si no pasaba esto, iba a pasar otro tipo de conflicto interno grande. Israel estaba al borde de la guerra civil, faltaba un exceso a nivel sangre y esto terminaba en una batalla entre los que estaban a favor de la reforma de Corte Suprema de Israel y lo que estaban en contra. Hab\u00eda un mill\u00f3n de personas en las calles todas la semana y el gobierno del premier <strong>Benjam\u00edn Netanyahu<\/strong> estaba paralizado.<\/span><\/i><\/p>\n<p><i><span>Ese d\u00eda, que pas\u00f3 lo que pas\u00f3, el gobierno estaba m\u00e1s preocupado por contener las protestas sociales, de hecho desmantel\u00f3 las defensas de las poblaciones del sur, cerca de Gaza, y Ham\u00e1s aprovech\u00f3 para asestar un golpe. Esto no fue una casualidad, estaba candente. La gente de Gaza viene sufriendo desde hace mucho el desconocimiento del mundo sobre sus necesidades. La mayor\u00eda de los pa\u00edses \u00e1rabes ven\u00edan firmando acuerdos de convivencia con Israel bajo el respaldo de Estados Unidos, y la causa palestina quedaba de lado. El pr\u00f3ximo en firmar era Arabia Saudita, la capital del mundo musulaman por tener la Meca.&nbsp;<\/span><\/i><\/p>\n<div id=\"attachment_6545\" class=\"wp-caption aligncenter\" readability=\"32\"><a href=\"http:\/\/manoamanocba.com.ar\/wp-content\/uploads\/2023\/11\/WhatsApp-Image-2023-11-15-at-13.18.59.jpeg\"><img aria-describedby=\"caption-attachment-6545\" loading=\"lazy\" class=\"size-medium wp-image-6545\" src=\"http:\/\/hoycordobaweb.com\/wp-content\/uploads\/2023\/11\/la-experiencia-de-un-cordobes-en-israel-y-su-mirada-sobre-el-conflicto-3.jpg\" alt width=\"225\" height=\"300\" srcset=\"http:\/\/hoycordobaweb.com\/wp-content\/uploads\/2023\/11\/la-experiencia-de-un-cordobes-en-israel-y-su-mirada-sobre-el-conflicto-16.jpg 225w, http:\/\/hoycordobaweb.com\/wp-content\/uploads\/2023\/11\/la-experiencia-de-un-cordobes-en-israel-y-su-mirada-sobre-el-conflicto-17.jpg 768w, http:\/\/hoycordobaweb.com\/wp-content\/uploads\/2023\/11\/la-experiencia-de-un-cordobes-en-israel-y-su-mirada-sobre-el-conflicto-18.jpg 960w\" sizes=\"(max-width: 225px) 100vw, 225px\"><\/a><\/p>\n<p id=\"caption-attachment-6545\" class=\"wp-caption-text\">Frontera con la Franja de Gaza.<\/p>\n<\/div>\n<p><b>\u00bfC\u00f3mo es la reacci\u00f3n de los ciudadanos israel\u00edes? \u00bfExisten cr\u00edticas por la contraofensiva?<\/b><\/p>\n<p><i><span>No, al contrario. No piden otra cosa que es lo que est\u00e1n haciendo. Escucho a diario por lo menos cuatro de los informativos de la guerra, porque esto est\u00e1 en plena ebullici\u00f3n; pero como todo conflicto, desaparece el inter\u00e9s de los medios a medida que corren las horas. Hay mucha informaci\u00f3n sesgada. Un par de veces me sacaron del aire, de los dos lados, porque lo primero que muere es la verdad. Y tambi\u00e9n depende con qui\u00e9n te comunicas.<\/span><\/i><\/p>\n<p><i><span>Ac\u00e1 no se mostr\u00f3 de entrada todo lo que pas\u00f3, por una cuesti\u00f3n moral y \u00e9tica, y reci\u00e9n ahora est\u00e1n exponiendo lo que sucedi\u00f3 ese primer d\u00eda, y realmente fue tremendo. Peor que el <strong>Holocausto<\/strong>, porque en aquel caso no eran conscientes y se conoci\u00f3 tiempo despu\u00e9s. Esto fue en vivo y en directo, y sigue sucediendo. En este momento, hay ejecuci\u00f3n de rehenes en directo. Estamos conociendo una parte de la historia, y la otra no la quieren decir porque forma parte de la negociaci\u00f3n, de esta guerra que no sabe cu\u00e1ndo ni c\u00f3mo va a terminar, si es que va a terminar.&nbsp;<\/span><\/i><\/p>\n<p><i><span>La gente palestina, que en parte est\u00e1 siendo masacrada, es la que iba todos los d\u00edas a trabajar a Israel. Es dif\u00edcil de explicar, porque una cosa es el terrorista que est\u00e1 en el gobierno, est\u00e1 en la frontera y cada tanto ataca, y otra cosa es la gente com\u00fan, que cruza de un lado para el otro.<\/span><\/i><\/p>\n<p><i><span>Los israel\u00edes, en tanto, quieren que traigan con vida a los 240 rehenes, pero a la vez quieren que eliminen hasta el \u00faltimo terrorista de Ham\u00e1s. \u00bfC\u00f3mo se elimina? El mismo m\u00e9todo que us\u00f3 EE.UU. cuando sali\u00f3 a buscar Bin Laden. Saben que una parte est\u00e1 en Gaza, pero los l\u00edderes est\u00e1n en Doha. Ellos se comunican desde ese punto, los cuatro \u00fanicos rehenes liberados los negoci\u00f3 Catar. El pr\u00edncipe de Catar env\u00eda dinero v\u00eda Israel para repartir a la gente dentro de Gaza. Todo es parte de la convivencia y las negociaciones.<\/span><\/i><\/p>\n<p><a href=\"http:\/\/manoamanocba.com.ar\/wp-content\/uploads\/2023\/11\/WhatsApp-Image-2023-11-15-at-15.37.09.jpeg\"><img loading=\"lazy\" class=\"size-medium wp-image-6546 aligncenter\" src=\"http:\/\/hoycordobaweb.com\/wp-content\/uploads\/2023\/11\/la-experiencia-de-un-cordobes-en-israel-y-su-mirada-sobre-el-conflicto-4.jpg\" alt width=\"135\" height=\"300\" srcset=\"http:\/\/hoycordobaweb.com\/wp-content\/uploads\/2023\/11\/la-experiencia-de-un-cordobes-en-israel-y-su-mirada-sobre-el-conflicto-19.jpg 135w, http:\/\/hoycordobaweb.com\/wp-content\/uploads\/2023\/11\/la-experiencia-de-un-cordobes-en-israel-y-su-mirada-sobre-el-conflicto-20.jpg 461w, http:\/\/hoycordobaweb.com\/wp-content\/uploads\/2023\/11\/la-experiencia-de-un-cordobes-en-israel-y-su-mirada-sobre-el-conflicto-21.jpg 576w\" sizes=\"(max-width: 135px) 100vw, 135px\"><\/a><\/p>\n<p><b>\u00bfY sobre la poca o nula repercusi\u00f3n local de los argentinos secuestrados?<\/b><\/p>\n<p><i><span>La lista de los argentinos secuestrados estuvo desde el primer d\u00eda. Uno de los kibutz se llama \u201cLos tres hermanos\u201d, fundado por tres argentinos. El 80 por ciento de la gente que viv\u00eda era de Argentina y en cada kibutz hay un mont\u00f3n de gente oriunda de ac\u00e1. Esos kibutz los han masacrado, y los pocos que quedaron vivos se los llevaron secuestrados. En Argentina la noticia ha sido ha sido muy t\u00edmida, la comunidad jud\u00eda en s\u00ed lo ha puesto de manifiesto, pero no ha tomado la envergadura suficiente. Hay pa\u00edses con mucho menos ciudadanos afectados, y est\u00e1n haciendo un l\u00edo descomunal a nivel internacional. El nivel de compromiso de la sociedad de Israel para con eso es total. Las calles antes tomadas por la reforma, hoy se hacen marchas por los 240 secuestrados, para que el gobierno no negocie otra cosa que no sea traerlos. Se habla de que se negocia por tanda, altos al fuego temporal. Pero la poblaci\u00f3n quiere que vuelvan todos, incluso piden que se vaya el gobierno.<\/span><\/i><\/p>\n<p><i><span>Tambi\u00e9n el tema de los 16 mil presos palestinos. Israel tiene detenidos a 16 mil terroristas de Ham\u00e1s. Y aqu\u00ed est\u00e1 la clave de la negociaci\u00f3n. La \u00faltima vez, en la anterior guerra, Ham\u00e1s detuvo a un soldado y lo cambi\u00f3 despu\u00e9s de muchos meses por 1.600 presos. Esos 1.600 participaron de este levantamiento. Es decir, un ej\u00e9rcito que te invade.&nbsp;<\/span><\/i><\/p>\n<p><i><span>Ahora estamos hablando de mucha m\u00e1s gente a canjear. El vecino de Israel dice que se los den a los presos palestinos, pero traeme hasta el \u00faltimo tipo nuestro, y despu\u00e9s and\u00e1 y no dejes a ninguno. El problema es que para eliminar a todos esos terroristas estan escudados por inocentes, el pobre palestino que no le queda otra que vivir en Gaza.<\/span><\/i><\/p>\n<p><i><span>El leit motiv de los terroristas de Gaz es que no quieren que est\u00e9 Israel, quieren borrarlos del planeta, por eso suelen atacar a jud\u00edos en otros lugares del planeta, por el solo hecho de ser jud\u00edos. En el acta fundacional de Ham\u00e1s figura exterminar al judio de la tierra, no de Israel. Contra eso no hay qu\u00e9 decir. Del mismo modo que los extremistas de Israel creen que tienen derecho sobre todo el territorio, Cisjordania y Gaza. El mismo gobierno ha sumado a estos grupos extremistas a los ministerios para poder formar gobierno. Y esos s\u00ed que quieren aniquilar a todo, y no tienen la m\u00ednima intenci\u00f3n de darles un pedazo de tierra.&nbsp;<\/span><\/i><\/p>\n<p>El conflicto hist\u00f3rico de Israel-Palestina sigue sumando cap\u00edtulos, con hojas llenas de sangre y v\u00edctimas inocentes, y que cada vez parece m\u00e1s lejos una resoluci\u00f3n duradera y que se vivan tiempos de estabilidad y paz en la regi\u00f3n.<\/p>\n","protected":false},"excerpt":{"rendered":"<p>Hugo Rosales es un periodista cordob\u00e9s que reparte su vida entre Argentina e Israel desde hace siete a\u00f1os. Lleg\u00f3 al Estado jud\u00edo con poco conocimiento sobre el conflicto con Palestina y decidi\u00f3 sumergirse de lleno para conocer ambas voces y versiones. La contienda actual entre Israel y el grupo terrorista Ham\u00e1s -que gobierna la Franja [&hellip;]<\/p>\n","protected":false},"author":1,"featured_media":70039,"comment_status":"closed","ping_status":"closed","sticky":false,"template":"","format":"standard","meta":[],"categories":[19],"tags":[],"_links":{"self":[{"href":"http:\/\/hoycordobaweb.com\/index.php\/wp-json\/wp\/v2\/posts\/70038"}],"collection":[{"href":"http:\/\/hoycordobaweb.com\/index.php\/wp-json\/wp\/v2\/posts"}],"about":[{"href":"http:\/\/hoycordobaweb.com\/index.php\/wp-json\/wp\/v2\/types\/post"}],"author":[{"embeddable":true,"href":"http:\/\/hoycordobaweb.com\/index.php\/wp-json\/wp\/v2\/users\/1"}],"replies":[{"embeddable":true,"href":"http:\/\/hoycordobaweb.com\/index.php\/wp-json\/wp\/v2\/comments?post=70038"}],"version-history":[{"count":0,"href":"http:\/\/hoycordobaweb.com\/index.php\/wp-json\/wp\/v2\/posts\/70038\/revisions"}],"wp:featuredmedia":[{"embeddable":true,"href":"http:\/\/hoycordobaweb.com\/index.php\/wp-json\/wp\/v2\/media\/70039"}],"wp:attachment":[{"href":"http:\/\/hoycordobaweb.com\/index.php\/wp-json\/wp\/v2\/media?parent=70038"}],"wp:term":[{"taxonomy":"category","embeddable":true,"href":"http:\/\/hoycordobaweb.com\/index.php\/wp-json\/wp\/v2\/categories?post=70038"},{"taxonomy":"post_tag","embeddable":true,"href":"http:\/\/hoycordobaweb.com\/index.php\/wp-json\/wp\/v2\/tags?post=70038"}],"curies":[{"name":"wp","href":"https:\/\/api.w.org\/{rel}","templated":true}]}}