{"id":70032,"date":"2023-11-20T23:30:00","date_gmt":"2023-11-20T23:30:00","guid":{"rendered":"http:\/\/hoycordobaweb.com\/index.php\/2023\/11\/20\/macron-felicito-a-milei-por-el-triunfo-y-lo-insto-a-trabajar-por-los-retos-globales\/"},"modified":"2023-11-20T23:30:00","modified_gmt":"2023-11-20T23:30:00","slug":"macron-felicito-a-milei-por-el-triunfo-y-lo-insto-a-trabajar-por-los-retos-globales","status":"publish","type":"post","link":"http:\/\/hoycordobaweb.com\/index.php\/2023\/11\/20\/macron-felicito-a-milei-por-el-triunfo-y-lo-insto-a-trabajar-por-los-retos-globales\/","title":{"rendered":"Macron felicit\u00f3 a Milei por el triunfo y lo inst\u00f3 a trabajar por \u00ablos retos globales\u00bb"},"content":{"rendered":"<p><img src=\"http:\/\/hoycordobaweb.com\/wp-content\/uploads\/2023\/11\/macron-felicito-a-milei-por-el-triunfo-y-lo-insto-a-trabajar-por-los-retos-globales.jpg\"><\/p>\n<figure class=\"mb-3\"><img loading=\"lazy\" data-src=\"http:\/\/hoycordobaweb.com\/wp-content\/uploads\/2023\/11\/macron-felicito-a-milei-por-el-triunfo-y-lo-insto-a-trabajar-por-los-retos-globales-2.jpg\" src=\"https:\/\/www.telam.com.ar\/assets\/img\/not_image.png\" class=\" lazy \" width=\"100%\" height=\"100%\" alt=\"Emmanuelle Macron convers con Mile telefonicamente\"><figcaption> Emmanuelle Macron convers\u00f3 con Mile\u00ed telefonicamente. <\/figcaption><\/figure>\n<p>El presidente de Francia, <strong>Emmanuel Macron<\/strong>, felicit\u00f3 hoy al electo presidente argentino, <strong>Javier Milei<\/strong>, por su victoria en la segunda vuelta, pero lo inst\u00f3 a atender <strong>\u00abla importancia de los retos globales\u00bb<\/strong>.<\/p>\n<p>Seg\u00fan el Palacio del El\u00edseo, Macron tuvo una conversaci\u00f3n telef\u00f3nica con Milei en la que destac\u00f3 <strong>\u00abla amistad, basada en valores compartidos, que une a los pueblos franc\u00e9s y argentino\u00bb.<\/strong><\/p>\n<p>Pero tambi\u00e9n insisti\u00f3 en la <strong>\u00abimportancia que da a los retos globales, a la protecci\u00f3n de la biodiversidad y a la transici\u00f3n energ\u00e9tica, esencial hoy en d\u00eda para un desarrollo econ\u00f3mico sostenible\u00bb<\/strong>, a\u00f1adi\u00f3 la Presidencia francesa.<\/p>\n<p>Al menos parte del concepto de Macron parece referido a la postura de Milei sobre el cambio clim\u00e1tico, que en algunas entrevistas neg\u00f3 y en otras acept\u00f3.<\/p>\n<p><strong>\u201cNo niego el cambio clim\u00e1tico. Lo que digo es que existe en la historia de la Tierra un ciclo de temperaturas, un comportamiento c\u00edclico y este es el quinto punto del ciclo. La diferencia con los cuatro anteriores es que antes no estaba el ser humano y ahora s\u00ed est\u00e1 el ser humano. Por lo tanto, todas esas pol\u00edticas que culpan al ser humano del cambio clim\u00e1tico son falsas y lo \u00fanico que buscan es recaudar fondos para financiar vagos socialistas que escriben papers de cuarta\u201d<\/strong>, dijo en uno de los debates televisados.<\/p>\n<p>Tambi\u00e9n ayer, en su saludo por la victoria, el embajador de Estados Unidos en Buenos Aires, Marc Stanley, lo exhort\u00f3 a trabajar sobre la cuesti\u00f3n.<\/p>\n<p>Stanley habl\u00f3 de las <strong>\u201cprioridades compartidas\u201d<\/strong> que benefician a los dos pa\u00edses <strong>\u201cincluyendo la protecci\u00f3n de los derechos humanos y la democracia, la lucha contra el cambio clim\u00e1tico, la mejora del clima de inversiones y la inversi\u00f3n en la clase media\u201d<\/strong>. <\/p>\n","protected":false},"excerpt":{"rendered":"<p>Emmanuelle Macron convers\u00f3 con Mile\u00ed telefonicamente. El presidente de Francia, Emmanuel Macron, felicit\u00f3 hoy al electo presidente argentino, Javier Milei, por su victoria en la segunda vuelta, pero lo inst\u00f3 a atender \u00abla importancia de los retos globales\u00bb. Seg\u00fan el Palacio del El\u00edseo, Macron tuvo una conversaci\u00f3n telef\u00f3nica con Milei en la que destac\u00f3 \u00abla [&hellip;]<\/p>\n","protected":false},"author":1,"featured_media":70033,"comment_status":"open","ping_status":"closed","sticky":false,"template":"","format":"standard","meta":[],"categories":[24],"tags":[],"_links":{"self":[{"href":"http:\/\/hoycordobaweb.com\/index.php\/wp-json\/wp\/v2\/posts\/70032"}],"collection":[{"href":"http:\/\/hoycordobaweb.com\/index.php\/wp-json\/wp\/v2\/posts"}],"about":[{"href":"http:\/\/hoycordobaweb.com\/index.php\/wp-json\/wp\/v2\/types\/post"}],"author":[{"embeddable":true,"href":"http:\/\/hoycordobaweb.com\/index.php\/wp-json\/wp\/v2\/users\/1"}],"replies":[{"embeddable":true,"href":"http:\/\/hoycordobaweb.com\/index.php\/wp-json\/wp\/v2\/comments?post=70032"}],"version-history":[{"count":0,"href":"http:\/\/hoycordobaweb.com\/index.php\/wp-json\/wp\/v2\/posts\/70032\/revisions"}],"wp:featuredmedia":[{"embeddable":true,"href":"http:\/\/hoycordobaweb.com\/index.php\/wp-json\/wp\/v2\/media\/70033"}],"wp:attachment":[{"href":"http:\/\/hoycordobaweb.com\/index.php\/wp-json\/wp\/v2\/media?parent=70032"}],"wp:term":[{"taxonomy":"category","embeddable":true,"href":"http:\/\/hoycordobaweb.com\/index.php\/wp-json\/wp\/v2\/categories?post=70032"},{"taxonomy":"post_tag","embeddable":true,"href":"http:\/\/hoycordobaweb.com\/index.php\/wp-json\/wp\/v2\/tags?post=70032"}],"curies":[{"name":"wp","href":"https:\/\/api.w.org\/{rel}","templated":true}]}}