{"id":70029,"date":"2023-11-21T03:30:10","date_gmt":"2023-11-21T03:30:10","guid":{"rendered":"http:\/\/hoycordobaweb.com\/index.php\/2023\/11\/21\/futbol-argentino-de-frente-contra-la-idea-de-javier-milei-de-privatizar-los-clubes\/"},"modified":"2023-11-21T03:30:10","modified_gmt":"2023-11-21T03:30:10","slug":"futbol-argentino-de-frente-contra-la-idea-de-javier-milei-de-privatizar-los-clubes","status":"publish","type":"post","link":"http:\/\/hoycordobaweb.com\/index.php\/2023\/11\/21\/futbol-argentino-de-frente-contra-la-idea-de-javier-milei-de-privatizar-los-clubes\/","title":{"rendered":"<b>F\u00fatbol argentino<\/b>, de frente contra la idea de Javier Milei de privatizar los clubes"},"content":{"rendered":"<p>\u201cBienvenido, compa\u00f1ero Sergio Massa\u201d, dijo el presidente de la Asociaci\u00f3n del <b>F\u00fatbol Argentino<\/b> (AFA), mirando hacia el ministro de Econom\u00eda y entonces&nbsp;&#8230; <\/p>\n","protected":false},"excerpt":{"rendered":"<p>\u201cBienvenido, compa\u00f1ero Sergio Massa\u201d, dijo el presidente de la Asociaci\u00f3n del F\u00fatbol Argentino (AFA), mirando hacia el ministro de Econom\u00eda y entonces&nbsp;&#8230;<\/p>\n","protected":false},"author":1,"featured_media":0,"comment_status":"closed","ping_status":"closed","sticky":false,"template":"","format":"standard","meta":[],"categories":[22],"tags":[],"_links":{"self":[{"href":"http:\/\/hoycordobaweb.com\/index.php\/wp-json\/wp\/v2\/posts\/70029"}],"collection":[{"href":"http:\/\/hoycordobaweb.com\/index.php\/wp-json\/wp\/v2\/posts"}],"about":[{"href":"http:\/\/hoycordobaweb.com\/index.php\/wp-json\/wp\/v2\/types\/post"}],"author":[{"embeddable":true,"href":"http:\/\/hoycordobaweb.com\/index.php\/wp-json\/wp\/v2\/users\/1"}],"replies":[{"embeddable":true,"href":"http:\/\/hoycordobaweb.com\/index.php\/wp-json\/wp\/v2\/comments?post=70029"}],"version-history":[{"count":0,"href":"http:\/\/hoycordobaweb.com\/index.php\/wp-json\/wp\/v2\/posts\/70029\/revisions"}],"wp:attachment":[{"href":"http:\/\/hoycordobaweb.com\/index.php\/wp-json\/wp\/v2\/media?parent=70029"}],"wp:term":[{"taxonomy":"category","embeddable":true,"href":"http:\/\/hoycordobaweb.com\/index.php\/wp-json\/wp\/v2\/categories?post=70029"},{"taxonomy":"post_tag","embeddable":true,"href":"http:\/\/hoycordobaweb.com\/index.php\/wp-json\/wp\/v2\/tags?post=70029"}],"curies":[{"name":"wp","href":"https:\/\/api.w.org\/{rel}","templated":true}]}}