{"id":70013,"date":"2023-11-20T08:17:46","date_gmt":"2023-11-20T08:17:46","guid":{"rendered":"https:\/\/www.trendencias.com\/shopping\/este-bolso-piel-tiene-tamano-perfecto-para-llevar-a-diario-esta-a-mitad-precio-black-friday"},"modified":"2023-11-20T08:17:46","modified_gmt":"2023-11-20T08:17:46","slug":"este-bolso-de-piel-tiene-el-tamano-perfecto-para-llevar-a-diario-y-esta-a-mitad-de-precio-en-el-black-friday","status":"publish","type":"post","link":"http:\/\/hoycordobaweb.com\/index.php\/2023\/11\/20\/este-bolso-de-piel-tiene-el-tamano-perfecto-para-llevar-a-diario-y-esta-a-mitad-de-precio-en-el-black-friday\/","title":{"rendered":"Este bolso de piel tiene el tama\u00f1o perfecto para llevar a diario y est\u00e1 a mitad de precio en el Black Friday"},"content":{"rendered":"<p>Adem\u00e1s de los <a href=\"https:\/\/www.trendencias.com\/propuestas-y-consejos\/siete-bolsos-que-seran-tendencia-2023-perro-salchicha-thom-browne-al-wander-miu-miu\">bolsos en tendencia<\/a> que podemos encontrar cada temporada hay dise\u00f1os que jam\u00e1s van a pasar de moda, como <strong>el bolso baguette<\/strong>: un modelo atemporal que tiene el tama\u00f1o justo para llevar encima todo lo que se necesita para el d\u00eda a d\u00eda sin resultar inc\u00f3modo de transportar. Por eso en nuestro <a href=\"https:\/\/www.trendencias.com\/propuestas-y-consejos\/como-conseguir-armario-capsula-definitivo-cuanta-ropa-hay-que-tener-que-prendas-no-pueden-faltar\/amp\">armario c\u00e1psula <\/a>no puede faltar una de estas piezas (o varias), que a\u00f1ada un toque de elegancia a nuestro outfit de oficina.<\/p>\n<p><!-- BREAK 1 --> <!-- PIVOT START --><\/p>\n<div class=\"pivot-ecommerce-container m-pivot-ecommerce-redesign article-asset-normal article-asset-center\" readability=\"23.794871794872\">\n<div class=\"pivot-ecommerce\">\n<div class=\"pivot-ecommerce-figure\"> <a rel=\"nofollow, noopener, noreferrer noopener\" target=\"_blank\" href=\"https:\/\/www.trendencias.com\/redirect?url=https%3A%2F%2Fcortefiel.com%2Fes%2Fes%2Fmujer%2Fcomplementos%2Fbolso-baguette-serraje%2F6706535.html&amp;category=shopping&amp;pivot=1&amp;ecomPostExpiration=perish&amp;postId=619098\"> <img alt=\"Bolso baguette serraje \" src=\"http:\/\/hoycordobaweb.com\/wp-content\/uploads\/2023\/11\/este-bolso-de-piel-tiene-el-tamano-perfecto-para-llevar-a-diario-y-esta-a-mitad-de-precio-en-el-black-friday.jpg\"> <\/a> <\/div>\n<div class=\"pivot-ecommerce-summary\">\n<p class=\"pivot-ecommerce-desc\">Bolso baguette serraje <\/p>\n<\/p><\/div><\/div>\n<p>* Alg\u00fan precio puede haber cambiado desde la \u00faltima revisi\u00f3n<\/p>\n<\/p><\/div>\n<p><!-- PIVOT END --><\/p>\n<p>Este bolso baguette est\u00e1 <strong>hecho en piel serraje<\/strong> (la capa inferior de la piel tambi\u00e9n llamada ante), por lo que presenta un tacto muy suave. Est\u00e1 confeccionado en piel vegana y su textura es tan duradera como la piel genuina siendo a\u00fan m\u00e1s f\u00e1cil de limpiar adem\u00e1s de resistente a la lluvia. No importar\u00e1 que nos coja de imprevisto un chaparr\u00f3n aunque no llevemos nuestras <a href=\"https:\/\/www.trendencias.com\/shopping\/botas-agua-basicas-low-cost-cual-mejor-comprar-consejos-recomendaciones\">botas de agua low cost<\/a> ni paraguas, no se estropear\u00e1.<\/p>\n<p><!-- BREAK 2 --><\/p>\n<div class=\"article-asset-image article-asset-normal article-asset-center\">\n<div class=\"asset-content\">\n<div class=\"caption-img \"> <a rel=\"noopener, noreferrer\" class=\"js-ecommerce\" href=\"https:\/\/www.trendencias.com\/redirect?url=https%3A%2F%2Fcortefiel.com%2Fes%2Fes%2Fmujer%2Fcomplementos%2Fbolso-baguette-serraje%2F6706535.html&amp;category=shopping&amp;ecomPostExpiration=perish&amp;postId=619098\" data-vars-affiliate-url=\"https:\/\/www.trendencias.com\/redirect?url=https%3A%2F%2Fcortefiel.com%2Fes%2Fes%2Fmujer%2Fcomplementos%2Fbolso-baguette-serraje%2F6706535.html&amp;category=shopping&amp;ecomPostExpiration=perish&amp;postId=619098\"> <img class=\"centro_sinmarco\" height=\"1999\" width=\"1333\" loading=\"lazy\" decoding=\"async\" sizes=\"100vw\" fetchpriority=\"high\" srcset=\"http:\/\/hoycordobaweb.com\/wp-content\/uploads\/2023\/11\/este-bolso-de-piel-tiene-el-tamano-perfecto-para-llevar-a-diario-y-esta-a-mitad-de-precio-en-el-black-friday-1.jpg 450w, http:\/\/hoycordobaweb.com\/wp-content\/uploads\/2023\/11\/este-bolso-de-piel-tiene-el-tamano-perfecto-para-llevar-a-diario-y-esta-a-mitad-de-precio-en-el-black-friday-9.jpg 681w, http:\/\/hoycordobaweb.com\/wp-content\/uploads\/2023\/11\/este-bolso-de-piel-tiene-el-tamano-perfecto-para-llevar-a-diario-y-esta-a-mitad-de-precio-en-el-black-friday-10.jpg 1024w, http:\/\/hoycordobaweb.com\/wp-content\/uploads\/2023\/11\/este-bolso-de-piel-tiene-el-tamano-perfecto-para-llevar-a-diario-y-esta-a-mitad-de-precio-en-el-black-friday-11.jpg 1366w\" src=\"http:\/\/hoycordobaweb.com\/wp-content\/uploads\/2023\/11\/este-bolso-de-piel-tiene-el-tamano-perfecto-para-llevar-a-diario-y-esta-a-mitad-de-precio-en-el-black-friday-1.jpg\" alt=\"Bolso baguette serraje\"> <noscript><img alt=\"Bolso baguette serraje\" class=\"centro_sinmarco\" src=\"http:\/\/hoycordobaweb.com\/wp-content\/uploads\/2023\/11\/este-bolso-de-piel-tiene-el-tamano-perfecto-para-llevar-a-diario-y-esta-a-mitad-de-precio-en-el-black-friday-1.jpg\"><\/noscript> <\/a> <span>Una elegante mezcla de texturas en color marr\u00f3n.<\/span> <\/div><\/div>\n<\/div>\n<p>Es perfecto para combinar con nuestras <a href=\"https:\/\/www.trendencias.com\/propuestas-y-consejos\/guia-definitiva-para-combinar-unas-botas-cowboy-mucho-estilo-11-ideas-para-inspirarte\">botas cowboy<\/a> favoritas en estilismos casual con un toque elegante pero tambi\u00e9n para llevar con esa trench cl\u00e1sica que es pura elegancia. De <strong>color marr\u00f3n<\/strong>, lleva correa en piel sint\u00e9tica en color a juego de largo regulable con hebilla en tono dorado.<\/p>\n<p><!-- BREAK 3 --> <\/p>\n<p>Su compartimento principal incluye <strong>cierre de cremallera<\/strong>, con un bolsillo interior tambi\u00e9n con cierre de cremallera. Sus medidas son de 35 cm de largo x 21 cm de alto x 11 cm de fondo.<\/p>\n<p><!-- BREAK 4 --><\/p>\n<div class=\"article-asset article-asset-normal article-asset-center\">\n<div class=\"desvio-container\">\n<div class=\"desvio\">\n<div class=\"desvio-figure js-desvio-figure\"> <a href=\"https:\/\/www.trendencias.com\/shopping\/pikolinos-tiene-botines-tacon-sensato-comodos-bonitos-para-estar-perfectas-todo-dia\"> <img alt=\"Cuidamos nuestros pies con estilo con los botines de tac\u00f3n sensato en piel natural de Pikolinos, ahora m\u00e1s baratos\" src=\"http:\/\/hoycordobaweb.com\/wp-content\/uploads\/2023\/11\/este-bolso-de-piel-tiene-el-tamano-perfecto-para-llevar-a-diario-y-esta-a-mitad-de-precio-en-el-black-friday-2.jpg\"> <\/a> <\/div><\/div><\/div>\n<\/div>\n<p>Ahora podemos encontrarlo en <a rel=\"noopener, noreferrer\" class=\"js-ecommerce\" href=\"https:\/\/www.trendencias.com\/redirect?url=https%3A%2F%2Fcortefiel.com%2Fes%2Fes&amp;category=shopping&amp;ecomPostExpiration=perish&amp;postId=619098\" data-vars-affiliate-url=\"https:\/\/www.trendencias.com\/redirect?url=https%3A%2F%2Fcortefiel.com%2Fes%2Fes&amp;category=shopping&amp;ecomPostExpiration=perish&amp;postId=619098\">Cortefiel<\/a> <strong>con un 50% de descuento<\/strong> por <a rel=\"noopener, noreferrer\" class=\"js-ecommerce\" href=\"https:\/\/www.trendencias.com\/redirect?url=https%3A%2F%2Fcortefiel.com%2Fes%2Fes%2Fmujer%2Fcomplementos%2Fbolso-baguette-serraje%2F6706535.html&amp;category=shopping&amp;ecomPostExpiration=perish&amp;postId=619098\" data-vars-affiliate-url=\"https:\/\/www.trendencias.com\/redirect?url=https%3A%2F%2Fcortefiel.com%2Fes%2Fes%2Fmujer%2Fcomplementos%2Fbolso-baguette-serraje%2F6706535.html&amp;category=shopping&amp;ecomPostExpiration=perish&amp;postId=619098\">s\u00f3lo 39,99 euros<\/a> (en lugar de 69,99 euros). Un bolso de los que hay que conseguir s\u00ed o s\u00ed para poder pisar la calle con estilo a diario.<\/p>\n<p><!-- BREAK 5 --><\/p>\n<div class=\"article-asset-image article-asset-normal article-asset-center\">\n<div class=\"asset-content\">\n<div class=\"caption-img \"> <a rel=\"noopener, noreferrer\" class=\"js-ecommerce\" href=\"https:\/\/www.trendencias.com\/redirect?url=https%3A%2F%2Fcortefiel.com%2Fes%2Fes%2Fmujer%2Fcomplementos%2Fbolso-baguette-serraje%2F6706535.html&amp;category=shopping&amp;ecomPostExpiration=perish&amp;postId=619098\" data-vars-affiliate-url=\"https:\/\/www.trendencias.com\/redirect?url=https%3A%2F%2Fcortefiel.com%2Fes%2Fes%2Fmujer%2Fcomplementos%2Fbolso-baguette-serraje%2F6706535.html&amp;category=shopping&amp;ecomPostExpiration=perish&amp;postId=619098\"> <img class=\"centro_sinmarco\" height=\"1999\" width=\"1333\" loading=\"lazy\" decoding=\"async\" sizes=\"100vw\" fetchpriority=\"high\" srcset=\"http:\/\/hoycordobaweb.com\/wp-content\/uploads\/2023\/11\/este-bolso-de-piel-tiene-el-tamano-perfecto-para-llevar-a-diario-y-esta-a-mitad-de-precio-en-el-black-friday-3.jpg 450w, http:\/\/hoycordobaweb.com\/wp-content\/uploads\/2023\/11\/este-bolso-de-piel-tiene-el-tamano-perfecto-para-llevar-a-diario-y-esta-a-mitad-de-precio-en-el-black-friday-12.jpg 681w, http:\/\/hoycordobaweb.com\/wp-content\/uploads\/2023\/11\/este-bolso-de-piel-tiene-el-tamano-perfecto-para-llevar-a-diario-y-esta-a-mitad-de-precio-en-el-black-friday-13.jpg 1024w, http:\/\/hoycordobaweb.com\/wp-content\/uploads\/2023\/11\/este-bolso-de-piel-tiene-el-tamano-perfecto-para-llevar-a-diario-y-esta-a-mitad-de-precio-en-el-black-friday-14.jpg 1366w\" src=\"http:\/\/hoycordobaweb.com\/wp-content\/uploads\/2023\/11\/este-bolso-de-piel-tiene-el-tamano-perfecto-para-llevar-a-diario-y-esta-a-mitad-de-precio-en-el-black-friday-3.jpg\" alt=\"Bolso baguette serraje\"> <noscript><img alt=\"Bolso baguette serraje\" class=\"centro_sinmarco\" src=\"http:\/\/hoycordobaweb.com\/wp-content\/uploads\/2023\/11\/este-bolso-de-piel-tiene-el-tamano-perfecto-para-llevar-a-diario-y-esta-a-mitad-de-precio-en-el-black-friday-3.jpg\"><\/noscript> <\/a> <span>Manejable, con correa regulable y f\u00e1cil de combinar.<\/span> <\/div><\/div>\n<\/div>\n<div class=\"article-asset article-asset-normal article-asset-center\">\n<div class=\"desvio-container\">\n<div class=\"desvio\">\n<div class=\"desvio-figure js-desvio-figure\"> <a href=\"https:\/\/www.trendencias.com\/shopping\/botas-agua-para-mujer-vendidas-amazon-no-unas-hunter-identicas-cuestan-mitad\"> <img alt=\"Las botas de agua para mujer m\u00e1s vendidas de Amazon no son unas Hunter pero son id\u00e9nticas y cuestan la mitad \" src=\"http:\/\/hoycordobaweb.com\/wp-content\/uploads\/2023\/11\/este-bolso-de-piel-tiene-el-tamano-perfecto-para-llevar-a-diario-y-esta-a-mitad-de-precio-en-el-black-friday-4.jpg\"> <\/a> <\/div><\/div><\/div>\n<\/div>\n<h2><\/h2>\n<h2>Las editoras de Trendencias recomiendan<\/h2>\n<p><!-- PIVOT START --><\/p>\n<div class=\"pivot-ecommerce-container m-pivot-ecommerce-redesign article-asset-normal article-asset-center\" readability=\"26.53164556962\">\n<div class=\"pivot-ecommerce\" readability=\"4.2765957446809\">\n<div class=\"pivot-ecommerce-figure\"> <a rel=\"nofollow, noopener, noreferrer noopener\" target=\"_blank\" href=\"https:\/\/www.trendencias.com\/redirect?url=https%3A%2F%2Fwww.amazon.es%2Fdp%2FB0B7FFQYCG%3Ftag%3Dtrendencias-21%26linkCode%3Dogi%26th%3D1%26psc%3D1&amp;category=shopping&amp;pivot=1&amp;ecomPostExpiration=perish&amp;postId=619098\"> <img alt=\"Pepe Jeans Camper Bolso Bowling Beige 34x23x17 cms Piel sint\u00e9tica\" src=\"http:\/\/hoycordobaweb.com\/wp-content\/uploads\/2023\/11\/este-bolso-de-piel-tiene-el-tamano-perfecto-para-llevar-a-diario-y-esta-a-mitad-de-precio-en-el-black-friday-5.jpg\"> <\/a> <\/div>\n<div class=\"pivot-ecommerce-summary\" readability=\"4.9893617021277\">\n<p class=\"pivot-ecommerce-desc\">Pepe Jeans Camper Bolso Bowling Beige 34x23x17 cms Piel sint\u00e9tica<\/p>\n<\/p><\/div><\/div>\n<p>* Alg\u00fan precio puede haber cambiado desde la \u00faltima revisi\u00f3n<\/p>\n<\/p><\/div>\n<p><!-- PIVOT END --><br \/>\n<!-- PIVOT START --><\/p>\n<div class=\"pivot-ecommerce-container m-pivot-ecommerce-redesign article-asset-normal article-asset-center\" readability=\"28.354430379747\">\n<div class=\"pivot-ecommerce\" readability=\"5.485549132948\">\n<div class=\"pivot-ecommerce-figure\"> <a rel=\"nofollow, noopener, noreferrer noopener\" target=\"_blank\" href=\"https:\/\/www.trendencias.com\/redirect?url=https%3A%2F%2Fwww.amazon.es%2Fdp%2FB0CGYXP3Q5%3Ftag%3Dtrendencias-21%26linkCode%3Dogi%26th%3D1%26psc%3D1&amp;category=shopping&amp;pivot=1&amp;ecomPostExpiration=perish&amp;postId=619098\"> <img alt=\"MISAKO Ondi bolso bandolera acolchado con doble asa - Bolso bandolera de moda para mujer - Bolso casual casual y formal Ondi Negro 16 X 24 X 7 cm\" src=\"http:\/\/hoycordobaweb.com\/wp-content\/uploads\/2023\/11\/este-bolso-de-piel-tiene-el-tamano-perfecto-para-llevar-a-diario-y-esta-a-mitad-de-precio-en-el-black-friday-6.jpg\"> <\/a> <\/div>\n<div class=\"pivot-ecommerce-summary\" readability=\"6.7514450867052\">\n<p class=\"pivot-ecommerce-desc\">MISAKO Ondi bolso bandolera acolchado con doble asa &#8211; Bolso bandolera de moda para mujer &#8211; Bolso casual casual y formal Ondi Negro 16 X 24 X 7 cm<\/p>\n<\/p><\/div><\/div>\n<p>* Alg\u00fan precio puede haber cambiado desde la \u00faltima revisi\u00f3n<\/p>\n<\/p><\/div>\n<p><!-- PIVOT END --><br \/>\n<!-- PIVOT START --><\/p>\n<div class=\"pivot-ecommerce-container m-pivot-ecommerce-redesign article-asset-normal article-asset-center\" readability=\"26.201342281879\">\n<div class=\"pivot-ecommerce\" readability=\"5.1176470588235\">\n<div class=\"pivot-ecommerce-figure\"> <a rel=\"nofollow, noopener, noreferrer noopener\" target=\"_blank\" href=\"https:\/\/www.trendencias.com\/redirect?url=https%3A%2F%2Fwww.amazon.es%2Fdp%2FB0BPLQ7G3F%3Ftag%3Dtrendencias-21%26linkCode%3Dogi%26th%3D1%26psc%3D1&amp;category=shopping&amp;pivot=1&amp;ecomPostExpiration=perish&amp;postId=619098\"> <img alt=\"Valentino Divina, Baguette para Mujer, Ghiaccio, One Size\" src=\"http:\/\/hoycordobaweb.com\/wp-content\/uploads\/2023\/11\/este-bolso-de-piel-tiene-el-tamano-perfecto-para-llevar-a-diario-y-esta-a-mitad-de-precio-en-el-black-friday-7.jpg\"> <\/a> <\/div>\n<div class=\"pivot-ecommerce-summary\" readability=\"6.8235294117647\">\n<p class=\"pivot-ecommerce-desc\">Valentino Divina, Baguette para Mujer, Ghiaccio, One Size<\/p>\n<\/p><\/div><\/div>\n<p>* Alg\u00fan precio puede haber cambiado desde la \u00faltima revisi\u00f3n<\/p>\n<\/p><\/div>\n<p><!-- PIVOT END --><\/p>\n<h2>M\u00e1s ofertas<\/h2>\n<p>Si te haces de <a href=\"https:\/\/www.compradiccion.com\/redirect?url=http%3A%2F%2Fwww.amazon.es%2Fpruebaprime&amp;category=juguetes\" rel=\"noopener noreferrer\" data-id=\"noopener noreferrer\">Amazon Prime<\/a> dispones de<strong> 30 d\u00edas de prueba gratis<\/strong> (despu\u00e9s 49,90 euros al a\u00f1o) para disfrutar de env\u00edos r\u00e1pidos gratuitos, acceso prioritario a ofertas, servicios como <a href=\"https:\/\/www.compradiccion.com\/redirect?url=https%3A%2F%2Fwww.primevideo.com%2F&amp;category=juguetes\" rel=\"noopener noreferrer\" data-id=\"noopener noreferrer\">Prime Video<\/a>, <a href=\"https:\/\/www.compradiccion.com\/redirect?url=https%3A%2F%2Fwww.amazon.es%2Fmusic%2Fprime&amp;category=juguetes\" rel=\"noopener noreferrer\" data-id=\"noopener noreferrer\">Prime Music<\/a> y almacenamiento de fotos ilimitado. Adem\u00e1s, si eres estudiante, hacerte de <a href=\"https:\/\/www.compradiccion.com\/redirect?url=https%3A%2F%2Fwww.amazon.es%2Fb%3Fie%3DUTF8%26node%3D16452873031&amp;category=juguetes\" rel=\"noopener noreferrer\" data-id=\"noopener noreferrer\">Prime Student<\/a> cuesta la mitad y dispones de 90 d\u00edas de prueba.<\/p>\n<p><!-- BREAK 6 --> <\/p>\n<p>Tambi\u00e9n puedes probar gratis, durante 30 d\u00edas, servicios como <a href=\"https:\/\/www.compradiccion.com\/redirect?url=https%3A%2F%2Fwww.amazon.es%2Fkindle-dbs%2Fhz%2Fsignup&amp;category=juguetes\" rel=\"noopener noreferrer\" data-id=\"noopener noreferrer\">Kindle Unlimited<\/a> o <a href=\"https:\/\/www.compradiccion.com\/redirect?url=https%3A%2F%2Fwww.amazon.es%2Fhz%2Faudible%2Fmlp%2Fmdp%2Fdiscovery&amp;category=juguetes\" rel=\"noopener noreferrer\" data-id=\"noopener noreferrer\">Audible<\/a>.<\/p>\n<p><!-- BREAK 7 --><\/p>\n<div class=\"article-asset-image article-asset-small article-asset-center\">\n<div class=\"asset-content\"> <a rel=\"noopener, noreferrer\" href=\"https:\/\/t.me\/trendenciasshop\"> <img class=\"centro_sinmarco\" height=\"402\" width=\"375\" loading=\"lazy\" decoding=\"async\" sizes=\"100vw\" fetchpriority=\"high\" srcset=\"http:\/\/hoycordobaweb.com\/wp-content\/uploads\/2023\/11\/este-bolso-de-piel-tiene-el-tamano-perfecto-para-llevar-a-diario-y-esta-a-mitad-de-precio-en-el-black-friday.png 450w, http:\/\/hoycordobaweb.com\/wp-content\/uploads\/2023\/11\/este-bolso-de-piel-tiene-el-tamano-perfecto-para-llevar-a-diario-y-esta-a-mitad-de-precio-en-el-black-friday.png 681w, http:\/\/hoycordobaweb.com\/wp-content\/uploads\/2023\/11\/este-bolso-de-piel-tiene-el-tamano-perfecto-para-llevar-a-diario-y-esta-a-mitad-de-precio-en-el-black-friday.png 1024w, http:\/\/hoycordobaweb.com\/wp-content\/uploads\/2023\/11\/este-bolso-de-piel-tiene-el-tamano-perfecto-para-llevar-a-diario-y-esta-a-mitad-de-precio-en-el-black-friday.png 1366w\" src=\"http:\/\/hoycordobaweb.com\/wp-content\/uploads\/2023\/11\/este-bolso-de-piel-tiene-el-tamano-perfecto-para-llevar-a-diario-y-esta-a-mitad-de-precio-en-el-black-friday.png\" alt=\"Telegram de Trendencias\"> <noscript><img alt=\"Telegram de Trendencias\" class=\"centro_sinmarco\" src=\"http:\/\/hoycordobaweb.com\/wp-content\/uploads\/2023\/11\/este-bolso-de-piel-tiene-el-tamano-perfecto-para-llevar-a-diario-y-esta-a-mitad-de-precio-en-el-black-friday.png\"><\/noscript> <\/a> <\/div>\n<\/div>\n<p><em>Puedes estar al d\u00eda y en &nbsp;cada momento informado de las principales ofertas y novedades de &nbsp;Trendencias Shopping en nuestro canal de <\/em><a rel=\"noopener noreferrer\" href=\"https:\/\/t.me\/trendenciasshop\" data-id=\"noopener noreferrer\"><em>Telegram<\/em><\/a><em> o en nuestros perfiles de <\/em><a rel=\"noopener noreferrer\" href=\"https:\/\/www.instagram.com\/trendencias\/\" data-id=\"noopener noreferrer\"><em>Instagram<\/em><\/a><em>, <\/em><a rel=\"noopener noreferrer\" href=\"https:\/\/www.facebook.com\/Trendencias\/\" data-id=\"noopener noreferrer\"><em>Facebook<\/em><\/a><em> y la revista <\/em><a rel=\"noopener noreferrer\" href=\"https:\/\/flipboard.com\/@Trendencias\" data-id=\"noopener noreferrer\"><em>Flipboard<\/em><\/a><em>.<\/em><\/p>\n<p><!-- BREAK 8 --><\/p>\n<blockquote><p><em>Nota: a<\/em>lgunos de los enlaces de este art\u00edculo son afiliados y pueden reportar un beneficio a Trendencias. En caso de no disponibilidad, las ofertas pueden variar.<\/p><\/blockquote>\n<p>Fotos |<a rel=\"noopener, noreferrer\" href=\"https:\/\/www.instagram.com\/mariellehaon\/\">@mariellehaon<\/a> | Cortefiel<\/p>\n<p><!-- BREAK 9 --><\/p>\n<p>En Trendencias | <a href=\"https:\/\/www.trendencias.com\/propuestas-y-consejos\/estos-vestidos-tendencia-esta-temporada-primavera-verano-2023-vamos-todo\" rel=\"noopener noreferrer\" data-id=\"noopener noreferrer\">Estos son los vestidos tendencia de esta temporada primavera-verano 2023: vamos con todo<\/a><\/p>\n<p><!-- BREAK 10 --> <\/p>\n","protected":false},"excerpt":{"rendered":"<p>Adem\u00e1s de los bolsos en tendencia que podemos encontrar cada temporada hay dise\u00f1os que jam\u00e1s van a pasar de moda, como el bolso baguette: un modelo atemporal que tiene el tama\u00f1o justo para llevar encima todo lo que se necesita para el d\u00eda a d\u00eda sin resultar inc\u00f3modo de transportar. Por eso en nuestro armario [&hellip;]<\/p>\n","protected":false},"author":1,"featured_media":70014,"comment_status":"closed","ping_status":"closed","sticky":false,"template":"","format":"standard","meta":[],"categories":[1],"tags":[],"_links":{"self":[{"href":"http:\/\/hoycordobaweb.com\/index.php\/wp-json\/wp\/v2\/posts\/70013"}],"collection":[{"href":"http:\/\/hoycordobaweb.com\/index.php\/wp-json\/wp\/v2\/posts"}],"about":[{"href":"http:\/\/hoycordobaweb.com\/index.php\/wp-json\/wp\/v2\/types\/post"}],"author":[{"embeddable":true,"href":"http:\/\/hoycordobaweb.com\/index.php\/wp-json\/wp\/v2\/users\/1"}],"replies":[{"embeddable":true,"href":"http:\/\/hoycordobaweb.com\/index.php\/wp-json\/wp\/v2\/comments?post=70013"}],"version-history":[{"count":0,"href":"http:\/\/hoycordobaweb.com\/index.php\/wp-json\/wp\/v2\/posts\/70013\/revisions"}],"wp:featuredmedia":[{"embeddable":true,"href":"http:\/\/hoycordobaweb.com\/index.php\/wp-json\/wp\/v2\/media\/70014"}],"wp:attachment":[{"href":"http:\/\/hoycordobaweb.com\/index.php\/wp-json\/wp\/v2\/media?parent=70013"}],"wp:term":[{"taxonomy":"category","embeddable":true,"href":"http:\/\/hoycordobaweb.com\/index.php\/wp-json\/wp\/v2\/categories?post=70013"},{"taxonomy":"post_tag","embeddable":true,"href":"http:\/\/hoycordobaweb.com\/index.php\/wp-json\/wp\/v2\/tags?post=70013"}],"curies":[{"name":"wp","href":"https:\/\/api.w.org\/{rel}","templated":true}]}}