{"id":69997,"date":"2023-11-20T01:33:22","date_gmt":"2023-11-20T01:33:22","guid":{"rendered":"https:\/\/www.ole.com.ar\/futbol-ascenso\/fuerte-comunicado-almirante-brown-cd-va-riestra-primera-nacional_0_aetkSSrgrE.html"},"modified":"2023-11-20T01:33:22","modified_gmt":"2023-11-20T01:33:22","slug":"fuerte-comunicado-de-almirante-brown-la-cd-no-va-a-riestra","status":"publish","type":"post","link":"http:\/\/hoycordobaweb.com\/index.php\/2023\/11\/20\/fuerte-comunicado-de-almirante-brown-la-cd-no-va-a-riestra\/","title":{"rendered":"Fuerte comunicado de Almirante Brown: la CD no va a Riestra"},"content":{"rendered":"<p><img src=\"http:\/\/hoycordobaweb.com\/wp-content\/uploads\/2023\/11\/fuerte-comunicado-de-almirante-brown-la-cd-no-va-a-riestra.jpg\"><\/p>\n<div><img src=\"http:\/\/hoycordobaweb.com\/wp-content\/uploads\/2023\/11\/fuerte-comunicado-de-almirante-brown-la-cd-no-va-a-riestra.jpg\" class=\"ff-og-image-inserted\"><\/div>\n<div readability=\"38.370262390671\">\n<p>Este lunes, a las 17.00, se juega la ida de la semifinal del Reducido, entre <strong><a href=\"https:\/\/www.ole.com.ar\/tema\/deportivo-riestra.html\" title=\"Deportivo Riestra\" alt=\"Deportivo Riestra\" class=\"slug\">Riestra <\/a>y <a href=\"https:\/\/www.ole.com.ar\/tema\/almirante-brown.html\" title=\"Almirante Brown\" alt=\"Almirante Brown\" class=\"slug\">Almirante Brown<\/a><\/strong>, por un ascenso a Primera Divisi\u00f3n. Y hay tensi\u00f3n entre ambos clubes. Tanto, que la dirigencia de la Fragata emiti\u00f3 un comunicado en el que avisa que no ir\u00e1 al estadio Guillermo Laza, y les avisa a sus allegados que tampoco se acerquen.<\/p>\n<\/div>\n<div readability=\"33\">\n<p>Adem\u00e1s, tambi\u00e9n avisa que no permitir\u00e1 integrantes de Riestra para la revancha. <\/p>\n<\/div>\n<div readability=\"33\">\n<p>Recordar: el p\u00fablico visitante no est\u00e1 permitido. El presidente de Almirante Brown es Maximiliano Levy. <\/p>\n<\/div>\n<div readability=\"38\">\n<p><em>La Comisi\u00f3n Directiva ha tomado la decisi\u00f3n de que ning\u00fan miembro asistir\u00e1 al encuentro de ma\u00f1ana por las semifinales del reducido ante el Deportivo Riestra. A su vez, se le solicita a las personas allegadas que no se acerquen al estadio porque tampoco podr\u00e1n ingresar. En consecuencia, el club tampoco recibir\u00e1 a la Comisi\u00f3n Directiva del Club Deportivo Riestra y allegados del mismo, en el partido de vuelta en el Fragata Presidente Sarmiento.<\/em><\/p>\n<\/div>\n<div readability=\"32\">\n<p><em>Comisi\u00f3n Directiva del Club Almirante Brown<\/em><\/p>\n<\/div>\n","protected":false},"excerpt":{"rendered":"<p>Este lunes, a las 17.00, se juega la ida de la semifinal del Reducido, entre Riestra y Almirante Brown, por un ascenso a Primera Divisi\u00f3n. Y hay tensi\u00f3n entre ambos clubes. Tanto, que la dirigencia de la Fragata emiti\u00f3 un comunicado en el que avisa que no ir\u00e1 al estadio Guillermo Laza, y les avisa [&hellip;]<\/p>\n","protected":false},"author":1,"featured_media":69998,"comment_status":"open","ping_status":"closed","sticky":false,"template":"","format":"standard","meta":[],"categories":[16],"tags":[],"_links":{"self":[{"href":"http:\/\/hoycordobaweb.com\/index.php\/wp-json\/wp\/v2\/posts\/69997"}],"collection":[{"href":"http:\/\/hoycordobaweb.com\/index.php\/wp-json\/wp\/v2\/posts"}],"about":[{"href":"http:\/\/hoycordobaweb.com\/index.php\/wp-json\/wp\/v2\/types\/post"}],"author":[{"embeddable":true,"href":"http:\/\/hoycordobaweb.com\/index.php\/wp-json\/wp\/v2\/users\/1"}],"replies":[{"embeddable":true,"href":"http:\/\/hoycordobaweb.com\/index.php\/wp-json\/wp\/v2\/comments?post=69997"}],"version-history":[{"count":0,"href":"http:\/\/hoycordobaweb.com\/index.php\/wp-json\/wp\/v2\/posts\/69997\/revisions"}],"wp:featuredmedia":[{"embeddable":true,"href":"http:\/\/hoycordobaweb.com\/index.php\/wp-json\/wp\/v2\/media\/69998"}],"wp:attachment":[{"href":"http:\/\/hoycordobaweb.com\/index.php\/wp-json\/wp\/v2\/media?parent=69997"}],"wp:term":[{"taxonomy":"category","embeddable":true,"href":"http:\/\/hoycordobaweb.com\/index.php\/wp-json\/wp\/v2\/categories?post=69997"},{"taxonomy":"post_tag","embeddable":true,"href":"http:\/\/hoycordobaweb.com\/index.php\/wp-json\/wp\/v2\/tags?post=69997"}],"curies":[{"name":"wp","href":"https:\/\/api.w.org\/{rel}","templated":true}]}}