{"id":69960,"date":"2023-11-18T17:01:23","date_gmt":"2023-11-18T17:01:23","guid":{"rendered":"https:\/\/www.trendencias.com\/belleza\/he-probado-mascarilla-moroccanoil-que-todo-mundo-habla-para-pelo-suave-brillante"},"modified":"2023-11-18T17:01:23","modified_gmt":"2023-11-18T17:01:23","slug":"he-probado-la-mascarilla-de-moroccanoil-de-la-que-todo-el-mundo-habla-para-un-pelo-mas-suave-y-brillante","status":"publish","type":"post","link":"http:\/\/hoycordobaweb.com\/index.php\/2023\/11\/18\/he-probado-la-mascarilla-de-moroccanoil-de-la-que-todo-el-mundo-habla-para-un-pelo-mas-suave-y-brillante\/","title":{"rendered":"He probado la mascarilla de Moroccanoil de la que todo el mundo habla para un pelo m\u00e1s suave y brillante"},"content":{"rendered":"<p>Poder presumir de un pelo bonito, suave, brillante,&#8230; de esos que nos gusta mirar y tocar, no es f\u00e1cil y requiere su tiempo y cuidado. As\u00ed, seguir una adecuada rutina, ajustada a nuestras necesidades capilares es fundamental y, como bien sab\u00e9is, entre los productos recomendados siempre suele estar <strong>una mascarilla <\/strong>en cualquiera de sus modalidades.<\/p>\n<p><!-- BREAK 1 --> <\/p>\n<p>Tras el champ\u00fa y el acondicionador, aplicar de vez en cuando, como dos\/tres veces por semana, una mascarilla nos ayudar\u00e1 a tener un pelo m\u00e1s suave, fuerte y con un aspecto m\u00e1s sano. As\u00ed, hoy en concreto os vengo a hablar de la \u00faltima que he estado utilizando estas \u00faltimas semanas: la <strong>Color Deposting Mask high-shine gloss de Moroccanoil.<\/strong><\/p>\n<p><!-- BREAK 2 --><\/p>\n<div class=\"article-asset article-asset-normal article-asset-center\">\n<div class=\"desvio-container\">\n<div class=\"desvio\">\n<div class=\"desvio-figure js-desvio-figure\"> <a href=\"https:\/\/www.trendencias.com\/belleza\/he-probado-gotas-iluminadoras-que-todo-mundo-habla-que-uno-cosmeticos-virales-momento\"> <img alt=\"He probado las gotas iluminadoras de las que todo el mundo habla y que son uno de los cosm\u00e9ticos m\u00e1s virales del momento\" src=\"http:\/\/hoycordobaweb.com\/wp-content\/uploads\/2023\/11\/he-probado-la-mascarilla-de-moroccanoil-de-la-que-todo-el-mundo-habla-para-un-pelo-mas-suave-y-brillante.jpg\"> <\/a> <\/div><\/div><\/div>\n<\/div>\n<div class=\"article-asset-image article-asset-normal article-asset-center\">\n<div class=\"asset-content\"> <img class=\"centro_sinmarco\" height=\"4032\" width=\"3024\" loading=\"lazy\" decoding=\"async\" sizes=\"100vw\" fetchpriority=\"high\" srcset=\"http:\/\/hoycordobaweb.com\/wp-content\/uploads\/2023\/11\/he-probado-la-mascarilla-de-moroccanoil-de-la-que-todo-el-mundo-habla-para-un-pelo-mas-suave-y-brillante-1.jpg 450w, http:\/\/hoycordobaweb.com\/wp-content\/uploads\/2023\/11\/he-probado-la-mascarilla-de-moroccanoil-de-la-que-todo-el-mundo-habla-para-un-pelo-mas-suave-y-brillante-6.jpg 681w, http:\/\/hoycordobaweb.com\/wp-content\/uploads\/2023\/11\/he-probado-la-mascarilla-de-moroccanoil-de-la-que-todo-el-mundo-habla-para-un-pelo-mas-suave-y-brillante-7.jpg 1024w, http:\/\/hoycordobaweb.com\/wp-content\/uploads\/2023\/11\/he-probado-la-mascarilla-de-moroccanoil-de-la-que-todo-el-mundo-habla-para-un-pelo-mas-suave-y-brillante-8.jpg 1366w\" src=\"http:\/\/hoycordobaweb.com\/wp-content\/uploads\/2023\/11\/he-probado-la-mascarilla-de-moroccanoil-de-la-que-todo-el-mundo-habla-para-un-pelo-mas-suave-y-brillante-1.jpg\" alt=\"Moroccanoil 3\"> <noscript><img alt=\"Moroccanoil 3\" class=\"centro_sinmarco\" src=\"http:\/\/hoycordobaweb.com\/wp-content\/uploads\/2023\/11\/he-probado-la-mascarilla-de-moroccanoil-de-la-que-todo-el-mundo-habla-para-un-pelo-mas-suave-y-brillante-1.jpg\"><\/noscript> <\/div>\n<\/div>\n<p>Seg\u00fan nos cuentan desde la marca, gracias a esta mascarilla conseguiremos mucho brillo en el pelo y una suavidad instant\u00e1nea, siendo apta para todo tipo de cabellos y para todo tipo de coloraciones. Contiene una f\u00f3rmula incluye la<strong> tecnolog\u00eda ArganID <\/strong>que ayuda a<strong> reparar y sellar la cut\u00edcula <\/strong>y obtener un cabello sedoso y con un aspecto radiante y saludable.<\/p>\n<p><!-- BREAK 3 --> <\/p>\n<p>Forma parte de la Colecci\u00f3n de Mascarillas dosificadoras del tinte y, aunque esta mascarilla no contiene pigmentos, las otras s\u00ed y ayudan a revitalizar el tinte, tambi\u00e9n se puede combinar con otros tonos de Mascarillas dosificadoras del tinte para personalizar el color o crear tonalidades pastel.<\/p>\n<p><!-- BREAK 4 --><\/p>\n<div class=\"article-asset-image article-asset-normal article-asset-center\">\n<div class=\"asset-content\"> <img class=\"centro_sinmarco\" height=\"4032\" width=\"3024\" loading=\"lazy\" decoding=\"async\" sizes=\"100vw\" fetchpriority=\"high\" srcset=\"http:\/\/hoycordobaweb.com\/wp-content\/uploads\/2023\/11\/he-probado-la-mascarilla-de-moroccanoil-de-la-que-todo-el-mundo-habla-para-un-pelo-mas-suave-y-brillante-2.jpg 450w, http:\/\/hoycordobaweb.com\/wp-content\/uploads\/2023\/11\/he-probado-la-mascarilla-de-moroccanoil-de-la-que-todo-el-mundo-habla-para-un-pelo-mas-suave-y-brillante-9.jpg 681w, http:\/\/hoycordobaweb.com\/wp-content\/uploads\/2023\/11\/he-probado-la-mascarilla-de-moroccanoil-de-la-que-todo-el-mundo-habla-para-un-pelo-mas-suave-y-brillante-10.jpg 1024w, http:\/\/hoycordobaweb.com\/wp-content\/uploads\/2023\/11\/he-probado-la-mascarilla-de-moroccanoil-de-la-que-todo-el-mundo-habla-para-un-pelo-mas-suave-y-brillante-11.jpg 1366w\" src=\"http:\/\/hoycordobaweb.com\/wp-content\/uploads\/2023\/11\/he-probado-la-mascarilla-de-moroccanoil-de-la-que-todo-el-mundo-habla-para-un-pelo-mas-suave-y-brillante-2.jpg\" alt=\"Moroccanoil 2\"> <noscript><img alt=\"Moroccanoil 2\" class=\"centro_sinmarco\" src=\"http:\/\/hoycordobaweb.com\/wp-content\/uploads\/2023\/11\/he-probado-la-mascarilla-de-moroccanoil-de-la-que-todo-el-mundo-habla-para-un-pelo-mas-suave-y-brillante-2.jpg\"><\/noscript> <\/div>\n<\/div>\n<p>Si os tengo que poner en antecedentes, os dir\u00e9 que actualmente <strong>no llevo ning\u00fan tipo de tinte o mechas en el pelo,<\/strong> hace ya como cuatro a\u00f1os que decid\u00ed dejar mi tono natural y lo tengo realmente bien. Mi tono de base me gusta, lo tengo bastante sano (me lo cuido mejor, tambi\u00e9n es cierto) y, por tanto, la \u00fanica de las mascarillas de la l\u00ednea que podr\u00eda sumar a mi rutina es esta.&nbsp;<\/p>\n<p><!-- BREAK 5 --><\/p>\n<p>En cuanto a su<strong> modo de aplicaci\u00f3n<\/strong> no var\u00eda mucho de otras: lavamos el cabello, retiramos el exceso de agua, aplicamos generosamente de medios a puntas, peinamos con un peine de p\u00faas separadas para que se distribuya a la perfecci\u00f3n y dejamos actuar entre 5 y 7 minutos.&nbsp;<\/p>\n<p><!-- BREAK 6 --> <\/p>\n<p>En este punto os har\u00e9 un inciso. En mi caso me levanto muy muy temprano (a las 5:30 de la ma\u00f1ana) y s\u00ed, me lavo el pelo por las ma\u00f1anas. Por tanto, he tenido que cambiar un poco la rutina para poder invertir el tiempo necesario para poder aplicarla. Con esto os quiero hacer ver que si yo me la puedo aplicar a esas horas en las que casi no s\u00e9 ni c\u00f3mo me llamo, las dem\u00e1s tambi\u00e9n, <strong>que no os d\u00e9 pereza.<\/strong>&nbsp;<\/p>\n<p><!-- BREAK 7 --><\/p>\n<p>Luego solo hay que retirarla con agua y secar y moldear el cabello como lo hacemos habitualmente. \u00bfEl resultado? Pues la verdad es que <strong>deja el pelo muy suave,<\/strong> sin duda, sin que me lo apelmace ni haga que me pese m\u00e1s de la cuenta y s\u00ed, podr\u00eda asegurar que me da un <strong>extra de brillo<\/strong>, no algo exagerad\u00edsimo, obviamente, no dejar\u00e1 de ser un producto casero y no un tratamiento profesional, pero algo s\u00ed.&nbsp;<\/p>\n<p><!-- BREAK 8 --><\/p>\n<div class=\"article-asset-image article-asset-normal article-asset-center\">\n<div class=\"asset-content\"> <img class=\"centro_sinmarco\" height=\"4032\" width=\"3024\" loading=\"lazy\" decoding=\"async\" sizes=\"100vw\" fetchpriority=\"high\" srcset=\"http:\/\/hoycordobaweb.com\/wp-content\/uploads\/2023\/11\/he-probado-la-mascarilla-de-moroccanoil-de-la-que-todo-el-mundo-habla-para-un-pelo-mas-suave-y-brillante-3.jpg 450w, http:\/\/hoycordobaweb.com\/wp-content\/uploads\/2023\/11\/he-probado-la-mascarilla-de-moroccanoil-de-la-que-todo-el-mundo-habla-para-un-pelo-mas-suave-y-brillante-12.jpg 681w, http:\/\/hoycordobaweb.com\/wp-content\/uploads\/2023\/11\/he-probado-la-mascarilla-de-moroccanoil-de-la-que-todo-el-mundo-habla-para-un-pelo-mas-suave-y-brillante-13.jpg 1024w, http:\/\/hoycordobaweb.com\/wp-content\/uploads\/2023\/11\/he-probado-la-mascarilla-de-moroccanoil-de-la-que-todo-el-mundo-habla-para-un-pelo-mas-suave-y-brillante-14.jpg 1366w\" src=\"http:\/\/hoycordobaweb.com\/wp-content\/uploads\/2023\/11\/he-probado-la-mascarilla-de-moroccanoil-de-la-que-todo-el-mundo-habla-para-un-pelo-mas-suave-y-brillante-3.jpg\" alt=\"Moroccanoil\"> <noscript><img alt=\"Moroccanoil\" class=\"centro_sinmarco\" src=\"http:\/\/hoycordobaweb.com\/wp-content\/uploads\/2023\/11\/he-probado-la-mascarilla-de-moroccanoil-de-la-que-todo-el-mundo-habla-para-un-pelo-mas-suave-y-brillante-3.jpg\"><\/noscript> <\/div>\n<\/div>\n<p>Adem\u00e1s, luego aplico una <em>gotina <\/em>del m\u00edtico <strong>aceite de Moroccanoil light<\/strong> especial para cabellos finos como el m\u00edo (<a rel=\"noopener, noreferrer\" class=\"js-ecommerce\" href=\"https:\/\/www.trendencias.com\/redirect?url=https%3A%2F%2Fwww.primor.eu%2Fes_es%2Fmoroccanoil-tratamiento-light-cabello-fino-8942.html&amp;category=belleza&amp;ecomPostExpiration=not_classified&amp;postId=618950\" data-vars-affiliate-url=\"https:\/\/www.trendencias.com\/redirect?url=https%3A%2F%2Fwww.primor.eu%2Fes_es%2Fmoroccanoil-tratamiento-light-cabello-fino-8942.html&amp;category=belleza&amp;ecomPostExpiration=not_classified&amp;postId=618950\">13,60 euros<\/a>) y el brillo y la suavidad se multiplican, las cosas como son. Son un buen t\u00e1ndem ambos juntos.<\/p>\n<p><!-- BREAK 9 --><\/p>\n<p>Como os dec\u00eda antes, ahora tengo el cabello bastante sano y creo que s\u00ed, me est\u00e1 ayudando a mantenerlo y a conservar una cut\u00edcula suavizada. Creo que en un cabello m\u00e1s deshidratado que el m\u00edo funcionar\u00eda bien y le ayudar\u00eda a ganar en calidad bastante, las cosas como son. Por lo tanto, me parece un buen producto indicado <strong>para aquellas melenas que busquen una hidrataci\u00f3n profunda y que quieran conseguir suavidad y sumar un toque de brillo<\/strong>. De hecho, estoy segura que las que est\u00e1n dise\u00f1adas con color podr\u00edan ser muy \u00fatiles para \u00abalimentar\u00bb el pigmento y revitalizarlo.<\/p>\n<p><!-- BREAK 10 --> <\/p>\n<p>En cuanto a su precio es de <a rel=\"noopener, noreferrer\" class=\"js-ecommerce\" href=\"https:\/\/www.trendencias.com\/redirect?url=https%3A%2F%2Fwww.primor.eu%2Fes_es%2Fmoroccanoil-mascarilla-brillo-intenso-84064.html&amp;category=belleza&amp;ecomPostExpiration=not_classified&amp;postId=618950\" data-vars-affiliate-url=\"https:\/\/www.trendencias.com\/redirect?url=https%3A%2F%2Fwww.primor.eu%2Fes_es%2Fmoroccanoil-mascarilla-brillo-intenso-84064.html&amp;category=belleza&amp;ecomPostExpiration=not_classified&amp;postId=618950\">&nbsp;29,95 euros<\/a> el formato 200 ml.<\/p>\n<p><!-- BREAK 11 --><!-- PIVOT START --><\/p>\n<div class=\"pivot-ecommerce-container m-pivot-ecommerce-redesign article-asset-normal article-asset-center\" readability=\"25.302325581395\">\n<div class=\"pivot-ecommerce\" readability=\"3.5076923076923\">\n<div class=\"pivot-ecommerce-figure\"> <a rel=\"nofollow, noopener, noreferrer noopener\" target=\"_blank\" href=\"https:\/\/www.trendencias.com\/redirect?url=https%3A%2F%2Fwww.primor.eu%2Fes_es%2Fmoroccanoil-mascarilla-brillo-intenso-84064.html&amp;category=belleza&amp;pivot=1&amp;ecomPostExpiration=not_classified&amp;postId=618950\"> <img alt=\"MOROCCANOIL\nMascarilla Brillo Intenso\" src=\"http:\/\/hoycordobaweb.com\/wp-content\/uploads\/2023\/11\/he-probado-la-mascarilla-de-moroccanoil-de-la-que-todo-el-mundo-habla-para-un-pelo-mas-suave-y-brillante-4.jpg\"> <\/a> <\/div>\n<div class=\"pivot-ecommerce-summary\" readability=\"4.0923076923077\">\n<p class=\"pivot-ecommerce-desc\">MOROCCANOIL<br \/>\nMascarilla Brillo Intenso<\/p>\n<\/p><\/div><\/div>\n<p>* Alg\u00fan precio puede haber cambiado desde la \u00faltima revisi\u00f3n<\/p>\n<\/p><\/div>\n<p><!-- PIVOT END --><\/p>\n<p>Foto | <a rel=\"noopener, noreferrer\" href=\"https:\/\/unsplash.com\/es\/@element5digital?utm_content=creditCopyText&amp;utm_medium=referral&amp;utm_source=unsplash\">Element5 Digital<\/a> en <a rel=\"noopener, noreferrer\" href=\"https:\/\/unsplash.com\/es\/fotos\/mujer-con-camisa-blanca-de-manga-larga-parada-frente-a-una-pared-rosa-WCPg9ROZbM0?utm_content=creditCopyText&amp;utm_medium=referral&amp;utm_source=unsplash\">Unsplash<\/a> y Trendencias<\/p>\n<p><!-- BREAK 12 --><\/p>\n<p>En Trendencias | <a href=\"https:\/\/www.trendencias.com\/belleza\/estos-siete-cortes-pelo-corto-que-seran-tendencia-durante-todo-2023\" rel=\"noopener noreferrer\" data-id=\"noopener noreferrer\">Estos son los siete cortes de pelo corto que ser\u00e1n tendencia durante todo el 2023<\/a><\/p>\n<p><!-- BREAK 13 --><\/p>\n<p>En Trendencias | <a href=\"https:\/\/www.trendencias.com\/belleza\/estas-tendencias-mechas-que-veremos-2023-expertos\" rel=\"noopener noreferrer\" data-id=\"noopener noreferrer\">Estas son las tendencias en mechas que m\u00e1s se llevan en 2023 seg\u00fan los expertos<\/a><\/p>\n<p><!-- BREAK 14 --> <\/p>\n","protected":false},"excerpt":{"rendered":"<p>Poder presumir de un pelo bonito, suave, brillante,&#8230; de esos que nos gusta mirar y tocar, no es f\u00e1cil y requiere su tiempo y cuidado. As\u00ed, seguir una adecuada rutina, ajustada a nuestras necesidades capilares es fundamental y, como bien sab\u00e9is, entre los productos recomendados siempre suele estar una mascarilla en cualquiera de sus modalidades. [&hellip;]<\/p>\n","protected":false},"author":1,"featured_media":69961,"comment_status":"closed","ping_status":"closed","sticky":false,"template":"","format":"standard","meta":[],"categories":[1],"tags":[],"_links":{"self":[{"href":"http:\/\/hoycordobaweb.com\/index.php\/wp-json\/wp\/v2\/posts\/69960"}],"collection":[{"href":"http:\/\/hoycordobaweb.com\/index.php\/wp-json\/wp\/v2\/posts"}],"about":[{"href":"http:\/\/hoycordobaweb.com\/index.php\/wp-json\/wp\/v2\/types\/post"}],"author":[{"embeddable":true,"href":"http:\/\/hoycordobaweb.com\/index.php\/wp-json\/wp\/v2\/users\/1"}],"replies":[{"embeddable":true,"href":"http:\/\/hoycordobaweb.com\/index.php\/wp-json\/wp\/v2\/comments?post=69960"}],"version-history":[{"count":0,"href":"http:\/\/hoycordobaweb.com\/index.php\/wp-json\/wp\/v2\/posts\/69960\/revisions"}],"wp:featuredmedia":[{"embeddable":true,"href":"http:\/\/hoycordobaweb.com\/index.php\/wp-json\/wp\/v2\/media\/69961"}],"wp:attachment":[{"href":"http:\/\/hoycordobaweb.com\/index.php\/wp-json\/wp\/v2\/media?parent=69960"}],"wp:term":[{"taxonomy":"category","embeddable":true,"href":"http:\/\/hoycordobaweb.com\/index.php\/wp-json\/wp\/v2\/categories?post=69960"},{"taxonomy":"post_tag","embeddable":true,"href":"http:\/\/hoycordobaweb.com\/index.php\/wp-json\/wp\/v2\/tags?post=69960"}],"curies":[{"name":"wp","href":"https:\/\/api.w.org\/{rel}","templated":true}]}}