{"id":69942,"date":"2023-11-19T02:00:54","date_gmt":"2023-11-19T02:00:54","guid":{"rendered":"https:\/\/www.ole.com.ar\/ecuador\/la-tri\/ecuador-chile-nuevo-convocado-eliminatorias-sudamericanas_0_l9zkbOSFc0.html"},"modified":"2023-11-19T02:00:54","modified_gmt":"2023-11-19T02:00:54","slug":"atencion-ecuador-chile-convoco-un-defensor-de-ultimo-momento","status":"publish","type":"post","link":"http:\/\/hoycordobaweb.com\/index.php\/2023\/11\/19\/atencion-ecuador-chile-convoco-un-defensor-de-ultimo-momento\/","title":{"rendered":"Atenci\u00f3n Ecuador: Chile convoc\u00f3 un defensor de \u00faltimo momento"},"content":{"rendered":"<p><img src=\"http:\/\/hoycordobaweb.com\/wp-content\/uploads\/2023\/11\/atencion-ecuador-chile-convoco-un-defensor-de-ultimo-momento.jpg\"><\/p>\n<p><time class=\"createDate\" datetime=\"2023-11-18T23:00:54-03:00\">18\/11\/2023 23:00hs.<\/time><time class=\"modificatedDate\" datetime=\"2023-11-18T23:00:54-03:00\"><\/time><\/p>\n<div id=\"storyBody\">\n<div class=\"custom-text \" readability=\"34\">\n<p><strong>La selecci\u00f3n chilena de f\u00fatbol ha hecho un llamado de \u00faltima hora para enfrentar a Ecuador este martes a las 18.30 en el estadio Rodrigo Paz Delgado de Quito<\/strong>. As\u00ed lo informo la Asociaci\u00f3n Nacional de F\u00fatbol Profesional de Chile (ANFP).<\/p>\n<\/div>\n<div class=\"custom-text \" readability=\"38\">\n<p><strong>Se trata del juvenil Jonathan Villagra, quien viene de jugar con los chilenos los Juegos Panamericanos 2023<\/strong>. Esta decisi\u00f3n fue tomada por el flamante entrenador de La Roja, Nicol\u00e1s C\u00f3rdova, tras la suspensi\u00f3n de Gary Medel, V\u00edctor Felipe M\u00e9ndez y la lesi\u00f3n de Dami\u00e1n Pizarro.<\/p>\n<\/div>\n<div class=\"custom-text \" readability=\"35\">\n<p><strong>Aunque lo m\u00e1s probable es que no juegue, los de la Estrella Solitaria quieren tener varias opciones en la defensa paravisitar nuestro pa\u00eds<\/strong>. Villagra pertenece a la Uni\u00f3n Espa\u00f1ola de Chile y recibi\u00f3 su primera convocatoria al combinado mayor.<\/p>\n<\/div>\n<div class=\"custom-text \" readability=\"36\">\n<p><strong>El joven de 22 a\u00f1os ha disputado 23 partidos en el torneo chileno, ha recibido seis tarjetas amarillas, no tiene expulsiones, ni goles y tampoco asistencias<\/strong>. <\/p>\n<\/div>\n<p><h2><strong>Comunicado de la ANFP<\/strong><\/h2>\n<\/p>\n<div class=\"custom-text \" readability=\"35\">\n<p>La Gerencia de Comunicaciones de la Federaci\u00f3n de F\u00fatbol de Chile informa que el Cuerpo T\u00e9cnico de la Selecci\u00f3n Chilena convoc\u00f3 al jugador de Uni\u00f3n Espa\u00f1ola, Jonathan Villagra para el partido que se jugar\u00e1 en Quito el martes 21 de noviembre ante Ecuador.<\/p>\n<\/div>\n<p><h2><strong>C\u00f3mo est\u00e1 el historial de Ecuador frente a Chile por Eliminatorias<\/strong><\/h2>\n<\/p>\n<div class=\"custom-text \" readability=\"38\">\n<p><strong>La Tri se enfrentar\u00e1 a un rival con el que tiene un historial en contra: 11 victorias, 13 empates y 29 derrotas.<\/strong> Chile sac\u00f3 mucha diferencia en los duelos contra Ecuador en el siglo 20, situaci\u00f3n que empez\u00f3 a cambiar con el inicio de los 2000. Desde las Eliminatorias a Corea-Jap\u00f3n 2002, los ecuatorianos tienen seis triunfos y los chilenos tres.<\/p>\n<\/div>\n<div class=\"custom-text \" readability=\"35\">\n<p>Hablando de Eliminatorias, el mano a mano est\u00e1 m\u00e1s parejo. <strong>Chile lidera el mismo con 11 victorias, mientras que Ecuador tiene seis y el empate se ha dado en ocho ocasiones<\/strong>.<\/p>\n<\/div>\n<div class=\"sc-e7b891c4-0 jPbnQF\"><img alt=\"Ecuador prepara el partido ante Chile en la Casa de la Selecci\u00f3n. Foto: EFE\/Jos\u00e9 J\u00e1come\" src=\"http:\/\/hoycordobaweb.com\/wp-content\/uploads\/2023\/11\/atencion-ecuador-chile-convoco-un-defensor-de-ultimo-momento-2.jpg\" width=\"720\" height=\"100\" decoding=\"async\" data-nimg=\"future\" loading=\"lazy\"><span class=\"epigraphe\">Ecuador prepara el partido ante Chile en la Casa de la Selecci\u00f3n. Foto: EFE\/Jos\u00e9 J\u00e1come<\/span><\/div>\n<div class=\"custom-text \" readability=\"35\">\n<p><strong>El \u00faltimo encuentro entre Ecuador y Chile data del 16 de noviembre de 2021, cuado La Tri visit\u00f3 a La Roja y la venci\u00f3 por 2-0 en las Eliminatorias rumbo a Qatar 2022<\/strong>. Esa fue la primera victoria de La Tri en territorio chileno por Eliminatorias.<\/p>\n<\/div>\n<div class=\"custom-text \" readability=\"37\">\n<p><strong>En cuanto a la \u00faltima visita de Chile a Ecuador, el marcador termin\u00f3 con un 0-0.<\/strong> Los entonces dirigidos por Gustavo Alfaro tuvieron un encuentro muy complicado al estar con 10 hombres en gran parte de los 90&#8242;. Junior Sornoza fue expulsado por una fuerte entrada a un jugador rival, por lo que que La Tri se qued\u00f3 con uno menos. Las ocasiones de gol fueron escasas y no se terminaron sacando diferencias.<\/p>\n<\/div>\n<div class=\"sc-a7166897-0 exHLBh\" readability=\"6\">\n<section readability=\"2\"><picture><img alt=\"El d\u00eda que F\u00e9lix S\u00e1nchez Bas enfrent\u00f3 a Chile\" src=\"http:\/\/hoycordobaweb.com\/wp-content\/uploads\/2023\/11\/atencion-ecuador-chile-convoco-un-defensor-de-ultimo-momento-3.jpg\" width=\"290\" height=\"290\" decoding=\"async\" data-nimg=\"future\" loading=\"lazy\"><\/picture>\n<p><span>Mir\u00e1 tambi\u00e9n<\/span><\/p>\n<hr>\n<h3>El d\u00eda que F\u00e9lix S\u00e1nchez Bas enfrent\u00f3 a Chile<\/h3>\n<\/p>\n<\/section>\n<\/div>\n<div class=\"sc-a7166897-0 exHLBh\" readability=\"6\">\n<section readability=\"2\"><picture><img alt=\"Los sobrevivientes del \u00faltimo duelo entre Ecuador y Chile \" src=\"http:\/\/hoycordobaweb.com\/wp-content\/uploads\/2023\/11\/atencion-ecuador-chile-convoco-un-defensor-de-ultimo-momento-4.jpg\" width=\"290\" height=\"290\" decoding=\"async\" data-nimg=\"future\" loading=\"lazy\"><\/picture>\n<p><span>Mir\u00e1 tambi\u00e9n<\/span><\/p>\n<hr>\n<h3>Los sobrevivientes del \u00faltimo duelo entre Ecuador y Chile <\/h3>\n<\/p>\n<\/section>\n<\/div>\n<div class=\"sc-a7166897-0 exHLBh\" readability=\"6\">\n<section readability=\"2\"><picture><img alt=\"C\u00f3mo est\u00e1 el historial de Ecuador frente a Chile por Eliminatorias\" src=\"http:\/\/hoycordobaweb.com\/wp-content\/uploads\/2023\/11\/atencion-ecuador-chile-convoco-un-defensor-de-ultimo-momento-5.jpg\" width=\"290\" height=\"290\" decoding=\"async\" data-nimg=\"future\" loading=\"lazy\"><\/picture>\n<p><span>Mir\u00e1 tambi\u00e9n<\/span><\/p>\n<hr>\n<h3>C\u00f3mo est\u00e1 el historial de Ecuador frente a Chile por Eliminatorias<\/h3>\n<\/p>\n<\/section>\n<\/div>\n<div class=\"sc-a7166897-0 exHLBh\" readability=\"6\">\n<section readability=\"2\"><picture><img alt=\"Iv\u00e1n Hurtado advierte sobre Chile: &quot;No podemos decir que es un equipo d\u00e9bil&quot;\" src=\"http:\/\/hoycordobaweb.com\/wp-content\/uploads\/2023\/11\/atencion-ecuador-chile-convoco-un-defensor-de-ultimo-momento-6.jpg\" width=\"290\" height=\"290\" decoding=\"async\" data-nimg=\"future\" loading=\"lazy\"><\/picture>\n<p><span>Mir\u00e1 tambi\u00e9n<\/span><\/p>\n<hr>\n<h3>Iv\u00e1n Hurtado advierte sobre Chile: \u00abNo podemos decir que es un equipo d\u00e9bil\u00bb<\/h3>\n<\/p>\n<\/section>\n<\/div>\n<div class=\"sc-a7166897-0 exHLBh\" readability=\"6\">\n<section readability=\"2\"><picture><img alt=\"Robert Arboleda: &quot;No nos merecemos esa posici\u00f3n en la tabla&quot;\" src=\"http:\/\/hoycordobaweb.com\/wp-content\/uploads\/2023\/11\/atencion-ecuador-chile-convoco-un-defensor-de-ultimo-momento-7.jpg\" width=\"290\" height=\"290\" decoding=\"async\" data-nimg=\"future\" loading=\"lazy\"><\/picture>\n<p><span>Mir\u00e1 tambi\u00e9n<\/span><\/p>\n<hr>\n<h3>Robert Arboleda: \u00abNo nos merecemos esa posici\u00f3n en la tabla\u00bb<\/h3>\n<\/p>\n<\/section>\n<\/div>\n<div class=\"sc-a7166897-0 exHLBh\" readability=\"6.5\">\n<section readability=\"3\"><picture><img alt=\"Dur\u00edsimas cr\u00edticas de Alexis S\u00e1nchez a las instalaciones de Chile: del &quot;solo hay tres duchas&quot; al &quot;sale excremento del desag\u00fce&quot;\" src=\"http:\/\/hoycordobaweb.com\/wp-content\/uploads\/2023\/11\/atencion-ecuador-chile-convoco-un-defensor-de-ultimo-momento-8.jpg\" width=\"290\" height=\"290\" decoding=\"async\" data-nimg=\"future\" loading=\"lazy\"><\/picture>\n<p><span>Mir\u00e1 tambi\u00e9n<\/span><\/p>\n<hr>\n<h3>Dur\u00edsimas cr\u00edticas de Alexis S\u00e1nchez a las instalaciones de Chile: del \u00absolo hay tres duchas\u00bb al \u00absale excremento del desag\u00fce\u00bb<\/h3>\n<\/p>\n<\/section>\n<\/div>\n<\/div>\n","protected":false},"excerpt":{"rendered":"<p>18\/11\/2023 23:00hs. La selecci\u00f3n chilena de f\u00fatbol ha hecho un llamado de \u00faltima hora para enfrentar a Ecuador este martes a las 18.30 en el estadio Rodrigo Paz Delgado de Quito. As\u00ed lo informo la Asociaci\u00f3n Nacional de F\u00fatbol Profesional de Chile (ANFP). Se trata del juvenil Jonathan Villagra, quien viene de jugar con los [&hellip;]<\/p>\n","protected":false},"author":1,"featured_media":69943,"comment_status":"open","ping_status":"closed","sticky":false,"template":"","format":"standard","meta":[],"categories":[16],"tags":[],"_links":{"self":[{"href":"http:\/\/hoycordobaweb.com\/index.php\/wp-json\/wp\/v2\/posts\/69942"}],"collection":[{"href":"http:\/\/hoycordobaweb.com\/index.php\/wp-json\/wp\/v2\/posts"}],"about":[{"href":"http:\/\/hoycordobaweb.com\/index.php\/wp-json\/wp\/v2\/types\/post"}],"author":[{"embeddable":true,"href":"http:\/\/hoycordobaweb.com\/index.php\/wp-json\/wp\/v2\/users\/1"}],"replies":[{"embeddable":true,"href":"http:\/\/hoycordobaweb.com\/index.php\/wp-json\/wp\/v2\/comments?post=69942"}],"version-history":[{"count":0,"href":"http:\/\/hoycordobaweb.com\/index.php\/wp-json\/wp\/v2\/posts\/69942\/revisions"}],"wp:featuredmedia":[{"embeddable":true,"href":"http:\/\/hoycordobaweb.com\/index.php\/wp-json\/wp\/v2\/media\/69943"}],"wp:attachment":[{"href":"http:\/\/hoycordobaweb.com\/index.php\/wp-json\/wp\/v2\/media?parent=69942"}],"wp:term":[{"taxonomy":"category","embeddable":true,"href":"http:\/\/hoycordobaweb.com\/index.php\/wp-json\/wp\/v2\/categories?post=69942"},{"taxonomy":"post_tag","embeddable":true,"href":"http:\/\/hoycordobaweb.com\/index.php\/wp-json\/wp\/v2\/tags?post=69942"}],"curies":[{"name":"wp","href":"https:\/\/api.w.org\/{rel}","templated":true}]}}