{"id":69927,"date":"2023-11-16T23:36:00","date_gmt":"2023-11-16T23:36:00","guid":{"rendered":"https:\/\/fm-comunicar.com.ar\/contenido\/20937\/el-ipet-412-tiene-nombre-nicolas-avellaneda"},"modified":"2023-11-16T23:36:00","modified_gmt":"2023-11-16T23:36:00","slug":"el-ipet-412-tiene-nombre-nicolas-avellaneda","status":"publish","type":"post","link":"http:\/\/hoycordobaweb.com\/index.php\/2023\/11\/16\/el-ipet-412-tiene-nombre-nicolas-avellaneda\/","title":{"rendered":"El Ipet 412 tiene nombre: Nicol\u00e1s Avellaneda"},"content":{"rendered":"<p>El decreto lleg\u00f3 en agosto, pero esta semana, en el marco de la Jornada de Puertas Abiertas, la instituci\u00f3n lo oficializ\u00f3 destacando el v\u00ednculo del ex Presidente del pa\u00eds con la educaci\u00f3n t\u00e9cnica y la historia de Colonia Caroya.<img src=\"http:\/\/hoycordobaweb.com\/wp-content\/uploads\/2023\/11\/el-ipet-412-tiene-nombre-nicolas-avellaneda.jpg\"><\/p>\n","protected":false},"excerpt":{"rendered":"<p>El decreto lleg\u00f3 en agosto, pero esta semana, en el marco de la Jornada de Puertas Abiertas, la instituci\u00f3n lo oficializ\u00f3 destacando el v\u00ednculo del ex Presidente del pa\u00eds con la educaci\u00f3n t\u00e9cnica y la historia de Colonia Caroya.<\/p>\n","protected":false},"author":1,"featured_media":69928,"comment_status":"closed","ping_status":"closed","sticky":false,"template":"","format":"standard","meta":[],"categories":[18],"tags":[],"_links":{"self":[{"href":"http:\/\/hoycordobaweb.com\/index.php\/wp-json\/wp\/v2\/posts\/69927"}],"collection":[{"href":"http:\/\/hoycordobaweb.com\/index.php\/wp-json\/wp\/v2\/posts"}],"about":[{"href":"http:\/\/hoycordobaweb.com\/index.php\/wp-json\/wp\/v2\/types\/post"}],"author":[{"embeddable":true,"href":"http:\/\/hoycordobaweb.com\/index.php\/wp-json\/wp\/v2\/users\/1"}],"replies":[{"embeddable":true,"href":"http:\/\/hoycordobaweb.com\/index.php\/wp-json\/wp\/v2\/comments?post=69927"}],"version-history":[{"count":0,"href":"http:\/\/hoycordobaweb.com\/index.php\/wp-json\/wp\/v2\/posts\/69927\/revisions"}],"wp:featuredmedia":[{"embeddable":true,"href":"http:\/\/hoycordobaweb.com\/index.php\/wp-json\/wp\/v2\/media\/69928"}],"wp:attachment":[{"href":"http:\/\/hoycordobaweb.com\/index.php\/wp-json\/wp\/v2\/media?parent=69927"}],"wp:term":[{"taxonomy":"category","embeddable":true,"href":"http:\/\/hoycordobaweb.com\/index.php\/wp-json\/wp\/v2\/categories?post=69927"},{"taxonomy":"post_tag","embeddable":true,"href":"http:\/\/hoycordobaweb.com\/index.php\/wp-json\/wp\/v2\/tags?post=69927"}],"curies":[{"name":"wp","href":"https:\/\/api.w.org\/{rel}","templated":true}]}}