{"id":69873,"date":"2023-11-16T08:50:00","date_gmt":"2023-11-16T08:50:00","guid":{"rendered":"https:\/\/fm-comunicar.com.ar\/contenido\/20927\/colonia-caroya-el-concejo-deliberante-aprobo-la-adhesion-a-la-ley-provincial-lid"},"modified":"2023-11-16T08:50:00","modified_gmt":"2023-11-16T08:50:00","slug":"colonia-caroya-el-concejo-deliberante-aprobo-la-adhesion-a-la-ley-provincial-lideresas","status":"publish","type":"post","link":"http:\/\/hoycordobaweb.com\/index.php\/2023\/11\/16\/colonia-caroya-el-concejo-deliberante-aprobo-la-adhesion-a-la-ley-provincial-lideresas\/","title":{"rendered":"Colonia Caroya: El Concejo Deliberante aprob\u00f3 la adhesi\u00f3n a la Ley provincial \u00abLideresas\u00bb"},"content":{"rendered":"<p>Esta legislaci\u00f3n tiene como fin promover y fortalecer la participaci\u00f3n de las mujeres, en condiciones de igualdad, en todos los \u00e1mbitos de la vida pol\u00edtica.<img src=\"http:\/\/hoycordobaweb.com\/wp-content\/uploads\/2023\/11\/colonia-caroya-el-concejo-deliberante-aprobo-la-adhesion-a-la-ley-provincial-lideresas.jpg\"><\/p>\n","protected":false},"excerpt":{"rendered":"<p>Esta legislaci\u00f3n tiene como fin promover y fortalecer la participaci\u00f3n de las mujeres, en condiciones de igualdad, en todos los \u00e1mbitos de la vida pol\u00edtica.<\/p>\n","protected":false},"author":1,"featured_media":69874,"comment_status":"closed","ping_status":"closed","sticky":false,"template":"","format":"standard","meta":[],"categories":[18],"tags":[],"_links":{"self":[{"href":"http:\/\/hoycordobaweb.com\/index.php\/wp-json\/wp\/v2\/posts\/69873"}],"collection":[{"href":"http:\/\/hoycordobaweb.com\/index.php\/wp-json\/wp\/v2\/posts"}],"about":[{"href":"http:\/\/hoycordobaweb.com\/index.php\/wp-json\/wp\/v2\/types\/post"}],"author":[{"embeddable":true,"href":"http:\/\/hoycordobaweb.com\/index.php\/wp-json\/wp\/v2\/users\/1"}],"replies":[{"embeddable":true,"href":"http:\/\/hoycordobaweb.com\/index.php\/wp-json\/wp\/v2\/comments?post=69873"}],"version-history":[{"count":0,"href":"http:\/\/hoycordobaweb.com\/index.php\/wp-json\/wp\/v2\/posts\/69873\/revisions"}],"wp:featuredmedia":[{"embeddable":true,"href":"http:\/\/hoycordobaweb.com\/index.php\/wp-json\/wp\/v2\/media\/69874"}],"wp:attachment":[{"href":"http:\/\/hoycordobaweb.com\/index.php\/wp-json\/wp\/v2\/media?parent=69873"}],"wp:term":[{"taxonomy":"category","embeddable":true,"href":"http:\/\/hoycordobaweb.com\/index.php\/wp-json\/wp\/v2\/categories?post=69873"},{"taxonomy":"post_tag","embeddable":true,"href":"http:\/\/hoycordobaweb.com\/index.php\/wp-json\/wp\/v2\/tags?post=69873"}],"curies":[{"name":"wp","href":"https:\/\/api.w.org\/{rel}","templated":true}]}}