{"id":69833,"date":"2023-11-17T00:21:56","date_gmt":"2023-11-17T00:21:56","guid":{"rendered":"https:\/\/ladecimaweb.com\/?p=22168"},"modified":"2023-11-17T00:21:56","modified_gmt":"2023-11-17T00:21:56","slug":"javier-milei-cerro-su-campana-ante-una-multitud-en-cordoba","status":"publish","type":"post","link":"http:\/\/hoycordobaweb.com\/index.php\/2023\/11\/17\/javier-milei-cerro-su-campana-ante-una-multitud-en-cordoba\/","title":{"rendered":"Javier Milei cerr\u00f3 su campa\u00f1a ante una multitud en C\u00f3rdoba"},"content":{"rendered":"<div class=\"boldgrid-section\">\n<div class=\"container\">\n<div class=\"row\">\n<div class=\"col-md-12 col-xs-12 col-sm-12\">\n<div class=\"sc-851b591c-0 cCYlYU container-text\">\n<p class=\"\">El candidato presidencial de La Libertad Avanza, Javier Milei, asegur\u00f3 que le pr\u00f3ximo domingo los argentinos elegir\u00e1n entre las ideas del &#8220;populismo peronista&#8221; y las de &#8220;la libertad&#8221;. Lo dijo durante su cierre de campa\u00f1a en la ciudad de C\u00f3rdoba.&nbsp;<\/p>\n<p class=\"\">&#8220;Lo que estamos eligiendo es si queremos la tiran\u00eda de las mayor\u00edas, el populismo peronista, o queremos volver a abrazar las ideas de la libertad de (Juan Bautista) Alberdi&#8221;, lanz\u00f3 el aspirante a la Presidencia de la Naci\u00f3n en un marco colmado de militantes libertarios.&nbsp;<\/p>\n<p class=\"article-headline left article-headline-live-blogging\">\u201cEste domingo comienza el camino de la reconstrucci\u00f3n\u201d, afirm\u00f3 Milei, confiado en sus chances para el balotaje del domingo.&nbsp;<\/p>\n<\/div>\n<div class=\"sc-851b591c-0 cCYlYU container-text\">\n<p class=\"\">Milei llam\u00f3 &#8220;panqueque&#8221; a su rival Sergio Massa y ratific\u00f3 la importancia de C\u00f3rdoba en su vida, para desacreditar dichos de Massa, al afirmar que la provincia le dio &#8220;lo m\u00e1s importante de su vida&#8221;, su perro Conan.<\/p>\n<\/div>\n<div class=\"sc-851b591c-0 cCYlYU container-text\">\n<p class=\"\">Llam\u00f3 a los votantes a no tener miedo y a animarse al cambio y areng\u00f3 a los fiscales de cara al domingo porque, afirm\u00f3, &#8220;son los que van a cuidar el voto&#8221;.<\/p>\n<\/div>\n<div class=\"sc-851b591c-0 cCYlYU container-text\">\n<p class=\"\">En la previa, Patricia Bullrich, anunciada como invitada sorpresa, tom\u00f3 la palabra. Dijo que es el &#8220;turno&#8221; de Milei para gobernar porque a \u00e9l lo votaron para encabezar el cambio.<\/p>\n<blockquote class=\"twitter-tweet\" data-width=\"550\" data-dnt=\"true\">\n<p lang=\"es\" dir=\"ltr\">Que grande que sos, Provincia de C\u00f3rdoba. <img src=\"http:\/\/hoycordobaweb.com\/wp-content\/uploads\/2023\/11\/javier-milei-cerro-su-campana-ante-una-multitud-en-cordoba.png\" alt=\"\ud83d\udc9c\" class=\"wp-smiley\" style=\"height: 1em; max-height: 1em;\" \/><img src=\"http:\/\/hoycordobaweb.com\/wp-content\/uploads\/2023\/11\/javier-milei-cerro-su-campana-ante-una-multitud-en-cordoba-1.png\" alt=\"\ud83c\udde6\ud83c\uddf7\" class=\"wp-smiley\" style=\"height: 1em; max-height: 1em;\" \/> <a href=\"https:\/\/twitter.com\/JMilei?ref_src=twsrc%5Etfw\">@JMilei<\/a> <a href=\"https:\/\/twitter.com\/VickyVillarruel?ref_src=twsrc%5Etfw\">@VickyVillarruel<\/a> <a href=\"https:\/\/twitter.com\/DianaMondino?ref_src=twsrc%5Etfw\">@DianaMondino<\/a> <a href=\"https:\/\/twitter.com\/AgustinLaje?ref_src=twsrc%5Etfw\">@AgustinLaje<\/a> <a href=\"https:\/\/twitter.com\/mcelestep?ref_src=twsrc%5Etfw\">@mcelestep<\/a>. <a href=\"https:\/\/t.co\/fySsfKzvzY\">pic.twitter.com\/fySsfKzvzY<\/a><\/p>\n<p>&mdash; LeandroMV1999 <img src=\"http:\/\/hoycordobaweb.com\/wp-content\/uploads\/2023\/11\/javier-milei-cerro-su-campana-ante-una-multitud-en-cordoba-1.png\" alt=\"\ud83c\udde6\ud83c\uddf7\" class=\"wp-smiley\" style=\"height: 1em; max-height: 1em;\" \/> (@Ultranormalidad) <a href=\"https:\/\/twitter.com\/Ultranormalidad\/status\/1725275836058657088?ref_src=twsrc%5Etfw\">November 16, 2023<\/a><\/p>\n<\/blockquote>\n<p><script async src=\"https:\/\/platform.twitter.com\/widgets.js\" charset=\"utf-8\"><\/script><\/p>\n<p class=\"\"><span>Milei, luego de agradecerle a su ex adversaria, mencion\u00f3 al ex presidente Mauricio Macri. \u201cNos est\u00e1n apoyando\u201d, manifest\u00f3.<\/span><\/p>\n<p class=\"paragraph\">La intersecci\u00f3n elegida en territorio cordob\u00e9s estuvo repleta de gente desde muy temprano. El economista libertario habl\u00f3 desde el escenario, acompa\u00f1ado por su compa\u00f1era de f\u00f3rmula,<span>&nbsp;<\/span><b>Victoria Villarruel<\/b>, su hermana,<span>&nbsp;<\/span><b>Karina<\/b>, la ex candidata a gobernadora,<span>&nbsp;<\/span><b>Carolina P\u00edparo<\/b>, el ex candidato a jefe de gobierno porte\u00f1o,<span>&nbsp;<\/span><b>Ramiro Marra<\/b>, entre otros dirigentes de peso en su espacio.<\/p>\n<p class=\"paragraph\">Milei busc\u00f3 contrarrestar \u201cla campa\u00f1a del miedo\u201d, repasando indicadores sociales y areng\u00f3 a sus seguidores para obtener un triunfo el 19 de noviembre. \u201cLos votos est\u00e1n, viva la libertad carajo\u201d, vocifer\u00f3.<\/p>\n<p>&nbsp;<\/p>\n<p class=\"\">\n<div class=\"ubm_banner\"><a href=\"http:\/\/www.cba.gov.ar\/prevencion-incendios\" target=\"_blank\" rel=\"dofollow noopener noreferrer\"><img src=\"http:\/\/hoycordobaweb.com\/wp-content\/uploads\/2023\/11\/javier-milei-cerro-su-campana-ante-una-multitud-en-cordoba.gif\" alt=\"\"><\/a><\/div>\n<p class=\"\">&nbsp;<\/p>\n<p>&nbsp;<\/p>\n<p>&nbsp;<\/p>\n<p>&nbsp;<\/p>\n<p>&nbsp;<\/p>\n<p>&nbsp;<\/p>\n<\/div>\n<\/div>\n<\/div>\n<\/div>\n<\/div>\n<p>La entrada <a rel=\"nofollow\" href=\"https:\/\/ladecimaweb.com\/javier-milei-cerro-su-campana-ante-una-multitud-en-cordoba\/\">Javier Milei cerr\u00f3 su campa\u00f1a ante una multitud en C\u00f3rdoba<\/a> se public\u00f3 primero en <a rel=\"nofollow\" href=\"https:\/\/ladecimaweb.com\">LaDecima<\/a>.<\/p>\n","protected":false},"excerpt":{"rendered":"<p>El candidato presidencial de La Libertad Avanza, Javier Milei, asegur\u00f3 que le pr\u00f3ximo domingo los argentinos elegir\u00e1n entre las ideas del &#8220;populismo peronista&#8221; y las de &#8220;la libertad&#8221;. Lo dijo durante su cierre de campa\u00f1a en la ciudad de C\u00f3rdoba.&nbsp; &#8220;Lo que estamos eligiendo es si queremos la tiran\u00eda de las mayor\u00edas, el populismo peronista, [&hellip;]<\/p>\n","protected":false},"author":1,"featured_media":69834,"comment_status":"closed","ping_status":"closed","sticky":false,"template":"","format":"standard","meta":[],"categories":[19],"tags":[],"_links":{"self":[{"href":"http:\/\/hoycordobaweb.com\/index.php\/wp-json\/wp\/v2\/posts\/69833"}],"collection":[{"href":"http:\/\/hoycordobaweb.com\/index.php\/wp-json\/wp\/v2\/posts"}],"about":[{"href":"http:\/\/hoycordobaweb.com\/index.php\/wp-json\/wp\/v2\/types\/post"}],"author":[{"embeddable":true,"href":"http:\/\/hoycordobaweb.com\/index.php\/wp-json\/wp\/v2\/users\/1"}],"replies":[{"embeddable":true,"href":"http:\/\/hoycordobaweb.com\/index.php\/wp-json\/wp\/v2\/comments?post=69833"}],"version-history":[{"count":0,"href":"http:\/\/hoycordobaweb.com\/index.php\/wp-json\/wp\/v2\/posts\/69833\/revisions"}],"wp:featuredmedia":[{"embeddable":true,"href":"http:\/\/hoycordobaweb.com\/index.php\/wp-json\/wp\/v2\/media\/69834"}],"wp:attachment":[{"href":"http:\/\/hoycordobaweb.com\/index.php\/wp-json\/wp\/v2\/media?parent=69833"}],"wp:term":[{"taxonomy":"category","embeddable":true,"href":"http:\/\/hoycordobaweb.com\/index.php\/wp-json\/wp\/v2\/categories?post=69833"},{"taxonomy":"post_tag","embeddable":true,"href":"http:\/\/hoycordobaweb.com\/index.php\/wp-json\/wp\/v2\/tags?post=69833"}],"curies":[{"name":"wp","href":"https:\/\/api.w.org\/{rel}","templated":true}]}}