{"id":69767,"date":"2023-11-13T12:36:00","date_gmt":"2023-11-13T12:36:00","guid":{"rendered":"https:\/\/fm-comunicar.com.ar\/contenido\/20917\/dia-mundial-de-la-diabetes-jesus-maria-pone-en-marcha-una-campana-de-concientiza"},"modified":"2023-11-13T12:36:00","modified_gmt":"2023-11-13T12:36:00","slug":"dia-mundial-de-la-diabetes-jesus-maria-pone-en-marcha-una-campana-de-concientizacion","status":"publish","type":"post","link":"http:\/\/hoycordobaweb.com\/index.php\/2023\/11\/13\/dia-mundial-de-la-diabetes-jesus-maria-pone-en-marcha-una-campana-de-concientizacion\/","title":{"rendered":"D\u00eda Mundial de la Diabetes: Jes\u00fas Mar\u00eda pone en marcha una campa\u00f1a de concientizaci\u00f3n"},"content":{"rendered":"<p>Bajo el lema \u00abEducando para proteger\u00bb, del 15 al 23 de noviembre se brindar\u00e1n charlas educativas y se realizar\u00e1n test para la evaluaci\u00f3n de riesgo en los distintos centros de salud municipales.<img src=\"http:\/\/hoycordobaweb.com\/wp-content\/uploads\/2023\/11\/dia-mundial-de-la-diabetes-jesus-maria-pone-en-marcha-una-campana-de-concientizacion.jpg\"><\/p>\n","protected":false},"excerpt":{"rendered":"<p>Bajo el lema \u00abEducando para proteger\u00bb, del 15 al 23 de noviembre se brindar\u00e1n charlas educativas y se realizar\u00e1n test para la evaluaci\u00f3n de riesgo en los distintos centros de salud municipales.<\/p>\n","protected":false},"author":1,"featured_media":69768,"comment_status":"closed","ping_status":"closed","sticky":false,"template":"","format":"standard","meta":[],"categories":[18],"tags":[],"_links":{"self":[{"href":"http:\/\/hoycordobaweb.com\/index.php\/wp-json\/wp\/v2\/posts\/69767"}],"collection":[{"href":"http:\/\/hoycordobaweb.com\/index.php\/wp-json\/wp\/v2\/posts"}],"about":[{"href":"http:\/\/hoycordobaweb.com\/index.php\/wp-json\/wp\/v2\/types\/post"}],"author":[{"embeddable":true,"href":"http:\/\/hoycordobaweb.com\/index.php\/wp-json\/wp\/v2\/users\/1"}],"replies":[{"embeddable":true,"href":"http:\/\/hoycordobaweb.com\/index.php\/wp-json\/wp\/v2\/comments?post=69767"}],"version-history":[{"count":0,"href":"http:\/\/hoycordobaweb.com\/index.php\/wp-json\/wp\/v2\/posts\/69767\/revisions"}],"wp:featuredmedia":[{"embeddable":true,"href":"http:\/\/hoycordobaweb.com\/index.php\/wp-json\/wp\/v2\/media\/69768"}],"wp:attachment":[{"href":"http:\/\/hoycordobaweb.com\/index.php\/wp-json\/wp\/v2\/media?parent=69767"}],"wp:term":[{"taxonomy":"category","embeddable":true,"href":"http:\/\/hoycordobaweb.com\/index.php\/wp-json\/wp\/v2\/categories?post=69767"},{"taxonomy":"post_tag","embeddable":true,"href":"http:\/\/hoycordobaweb.com\/index.php\/wp-json\/wp\/v2\/tags?post=69767"}],"curies":[{"name":"wp","href":"https:\/\/api.w.org\/{rel}","templated":true}]}}