{"id":69724,"date":"2023-11-14T21:45:58","date_gmt":"2023-11-14T21:45:58","guid":{"rendered":"https:\/\/ladecimaweb.com\/?p=22020"},"modified":"2023-11-14T21:45:58","modified_gmt":"2023-11-14T21:45:58","slug":"se-termina-el-dolar-congelado-y-empiezan-las-mini-devaluaciones-diarias","status":"publish","type":"post","link":"http:\/\/hoycordobaweb.com\/index.php\/2023\/11\/14\/se-termina-el-dolar-congelado-y-empiezan-las-mini-devaluaciones-diarias\/","title":{"rendered":"Se termina el d\u00f3lar congelado y empiezan las mini devaluaciones diarias"},"content":{"rendered":"<div class=\"boldgrid-section\">\n<div class=\"container\">\n<div class=\"row\">\n<div class=\"col-md-12 col-xs-12 col-sm-12\">\n<p class=\"\">(NA) La herramienta del \u201ccrawling peg\u201d que a partir de este mi\u00e9rcoles utilizar\u00e1 nuevamente el Gobierno Nacional, significa la aplicaci\u00f3n de <strong>mini devaluaciones diarias del tipo de cambio oficial controladas por el Banco Central<\/strong> de la Rep\u00fablica Argentina (BCRA).<\/p>\n<p class=\"\">El objetivo de esta pol\u00edtica es<strong><span>&nbsp;<\/span>otorgar un cierto grado de certidumbre sobre el valor del d\u00f3lar que rige para una serie de operaciones.<\/strong><\/p>\n<p>El mecanismo<strong><span>&nbsp;<\/span>pretende que el tipo de cambio aumente en forma paulatina evitando saltos bruscos que impacten en el sistema de precios.<\/strong><\/p>\n<p class=\"\">Sobre ese valor de d\u00f3lar que a diario administrar\u00e1 la autoridad monetaria, por ejemplo, se liquidan importaciones y se fija el precio del \u201cD\u00f3lar Ahorro\u201d y \u201cD\u00f3lar Tarjeta\u201d que se aplica para los gastos en moneda extranjera.<\/p>\n<p class=\"\">De all\u00ed a que el regreso de este sistema<strong><span>&nbsp;<\/span>resulta de impacto directo sobre la vida cotidiana<\/strong><span>&nbsp;<\/span>porque todos los meses habr\u00e1 aumentos sobre servicios que se usan a diario como las plataformas de m\u00fasica, streaming o cine.<\/p>\n<p class=\"\">El ministro de Econom\u00eda, Sergio Massa, confirm\u00f3 en diferentes notas period\u00edsticas que este sistema de control de tipo de cambio volver\u00e1 a entrar en vigencia a partir de este mi\u00e9rcoles.&nbsp;<\/p>\n<p class=\"\"><strong>El \u201ccrawinlg peg\u201d ven\u00eda siendo utilizado hasta las elecciones PASO y, a partir de all\u00ed, se congel\u00f3 el tipo de cambio en $ 50 hasta el 15 de noviembre.<\/strong><\/p>\n<p class=\"\">Seg\u00fan anticip\u00f3 el ministro, a partir de este mi\u00e9rcoles el d\u00f3lar oficial tendr\u00e1 un valor de $353,30 y luego ser\u00e1 el Banco Central el que diariamente fijar\u00e1 su precio, aunque sin anuncios formales en cada jornada. De esta manera, el BCRA conserva la facultad de intervenir en la magnitud que lo crea conveniente en el mercado de cambios.<\/p>\n<p class=\"\">En principio, <strong>se esperaba que el ritmo de devaluaci\u00f3n corriera al 3% mensual, pero los \u00faltimos datos de inflaci\u00f3n hacen suponer que estar\u00e1 m\u00e1s cerca del 5%.<\/strong><\/p>\n<p class=\"\">Ir a la par de la inflaci\u00f3n supone fogonear la suba de precios en un c\u00edrculo vicioso peligroso, pero no hacerlo lleva a la acumulaci\u00f3n de un atraso cuya correcci\u00f3n luego es mucho m\u00e1s complicada.<\/p>\n<p class=\"\">La restauraci\u00f3n del \u201ccrawling peg\u201d a partir del 15 de noviembre luego del congelamiento por tres meses en agosto, fue uno de los compromisos que Massa firm\u00f3 en la \u00faltima reformulaci\u00f3n del acuerdo con el FMI.<\/p>\n<p>El congelamiento del d\u00f3lar busc\u00f3 moderar el pass trought (traspaso a precios) de la devaluaci\u00f3n del 22% a los precios, pero la inflaci\u00f3n se dispar\u00f3 por encima del 12% en agosto y septiembre. &nbsp;&nbsp;&nbsp;&nbsp;&nbsp;&nbsp;<\/p>\n<p>&nbsp;<\/p>\n<div class=\"ubm_banner\"><a href=\"http:\/\/www.cba.gov.ar\/prevencion-incendios\" target=\"_blank\" rel=\"dofollow noopener noreferrer\"><img src=\"http:\/\/hoycordobaweb.com\/wp-content\/uploads\/2023\/11\/se-termina-el-dolar-congelado-y-empiezan-las-mini-devaluaciones-diarias.gif\" alt=\"\"><\/a><\/div>\n<\/div>\n<\/div>\n<\/div>\n<\/div>\n<p>La entrada <a rel=\"nofollow\" href=\"https:\/\/ladecimaweb.com\/se-termina-el-dolar-congelado-y-empiezan-las-mini-devaluaciones-diarias\/\">Se termina el d\u00f3lar congelado y empiezan las mini devaluaciones diarias<\/a> se public\u00f3 primero en <a rel=\"nofollow\" href=\"https:\/\/ladecimaweb.com\">LaDecima<\/a>.<\/p>\n","protected":false},"excerpt":{"rendered":"<p>(NA) La herramienta del \u201ccrawling peg\u201d que a partir de este mi\u00e9rcoles utilizar\u00e1 nuevamente el Gobierno Nacional, significa la aplicaci\u00f3n de mini devaluaciones diarias del tipo de cambio oficial controladas por el Banco Central de la Rep\u00fablica Argentina (BCRA). El objetivo de esta pol\u00edtica es&nbsp;otorgar un cierto grado de certidumbre sobre el valor del d\u00f3lar [&hellip;]<\/p>\n","protected":false},"author":1,"featured_media":69725,"comment_status":"closed","ping_status":"closed","sticky":false,"template":"","format":"standard","meta":[],"categories":[19],"tags":[],"_links":{"self":[{"href":"http:\/\/hoycordobaweb.com\/index.php\/wp-json\/wp\/v2\/posts\/69724"}],"collection":[{"href":"http:\/\/hoycordobaweb.com\/index.php\/wp-json\/wp\/v2\/posts"}],"about":[{"href":"http:\/\/hoycordobaweb.com\/index.php\/wp-json\/wp\/v2\/types\/post"}],"author":[{"embeddable":true,"href":"http:\/\/hoycordobaweb.com\/index.php\/wp-json\/wp\/v2\/users\/1"}],"replies":[{"embeddable":true,"href":"http:\/\/hoycordobaweb.com\/index.php\/wp-json\/wp\/v2\/comments?post=69724"}],"version-history":[{"count":0,"href":"http:\/\/hoycordobaweb.com\/index.php\/wp-json\/wp\/v2\/posts\/69724\/revisions"}],"wp:featuredmedia":[{"embeddable":true,"href":"http:\/\/hoycordobaweb.com\/index.php\/wp-json\/wp\/v2\/media\/69725"}],"wp:attachment":[{"href":"http:\/\/hoycordobaweb.com\/index.php\/wp-json\/wp\/v2\/media?parent=69724"}],"wp:term":[{"taxonomy":"category","embeddable":true,"href":"http:\/\/hoycordobaweb.com\/index.php\/wp-json\/wp\/v2\/categories?post=69724"},{"taxonomy":"post_tag","embeddable":true,"href":"http:\/\/hoycordobaweb.com\/index.php\/wp-json\/wp\/v2\/tags?post=69724"}],"curies":[{"name":"wp","href":"https:\/\/api.w.org\/{rel}","templated":true}]}}