{"id":69676,"date":"2023-11-14T01:59:39","date_gmt":"2023-11-14T01:59:39","guid":{"rendered":"https:\/\/www.ole.com.ar\/ecuador\/liga-pro\/equipos-ecuador-clasificados-libertadores-sudamericana-2024-barcelona-liga-quito-independiente-valle_0_tTOR5rRJDu.html"},"modified":"2023-11-14T01:59:39","modified_gmt":"2023-11-14T01:59:39","slug":"ligapro-asi-esta-la-clasificacion-en-ecuador-a-las-copas-2024","status":"publish","type":"post","link":"http:\/\/hoycordobaweb.com\/index.php\/2023\/11\/14\/ligapro-asi-esta-la-clasificacion-en-ecuador-a-las-copas-2024\/","title":{"rendered":"LigaPro: as\u00ed est\u00e1 la clasificaci\u00f3n en Ecuador a las Copas 2024"},"content":{"rendered":"<p><img src=\"http:\/\/hoycordobaweb.com\/wp-content\/uploads\/2023\/11\/ligapro-asi-esta-la-clasificacion-en-ecuador-a-las-copas-2024.jpg\"><\/p>\n<p><time class=\"createDate\" datetime=\"2023-11-13T22:59:39-03:00\">13\/11\/2023 22:59hs.<\/time><time class=\"modificatedDate\" datetime=\"2023-11-14T00:12:14-03:00\"> Actualizado al 14\/11\/2023 00:12hs.<\/time><\/p>\n<div id=\"storyBody\">\n<div class=\"custom-text \" readability=\"34.562814070352\">\n<p>A dos fechas del final de la Fase 2 de la <strong><a href=\"https:\/\/www.ole.com.ar\/tema\/ligapro.html\" title=\"LigaPro\" alt=\"LigaPro\" class=\"slug\">LigaPro<\/a><\/strong>, adem\u00e1s de la definici\u00f3n del finalista y de los dos descendidos, <strong>muchos equipos buscan asegurar su pasaje internacional<\/strong>. Para el 2024, <strong>ser\u00e1n nueve los equipos ecuatorianos<\/strong> que disputar\u00e1n torneos internacionales (cinco en la <strong><a href=\"https:\/\/www.ole.com.ar\/tema\/copa-libertadores.html\" title=\"Copa Libertadores\" alt=\"Copa Libertadores\" class=\"slug\">Copa Libertadores<\/a><\/strong> y cuatro en la <strong><a href=\"https:\/\/www.ole.com.ar\/tema\/copa-sudamericana.html\" title=\"Copa Sudamericana\" alt=\"Copa Sudamericana\" class=\"slug\">Sudamericana<\/a><\/strong>).<strong> \u00bfQu\u00e9 clubes ya est\u00e1n clasificados y cu\u00e1les a\u00fan pelean por un lugar?<\/strong><\/p>\n<\/div>\n<p><h2><strong>Copa Libertadores<\/strong><\/h2>\n<\/p>\n<div class=\"custom-text \" readability=\"33.105263157895\">\n<p>Con la consagraci\u00f3n internacional de <strong><a href=\"https:\/\/www.ole.com.ar\/tema\/liga-de-quito.html\" title=\"liga de quito\" alt=\"liga de quito\" class=\"slug\">Liga de Quito<\/a><\/strong> en la <strong>Sudamericana<\/strong>, Ecuador obtuvo un <strong>cupo extra<\/strong> en el principal torneo de Conmebol: los Albos aseguraron un boleto <strong>directo en la fase de grupos<\/strong>. <strong><a href=\"https:\/\/www.ole.com.ar\/tema\/independiente-del-valle.html\" title=\"Independiente del Valle\" alt=\"Independiente del Valle\" class=\"slug\">Independiente del Valle<\/a><\/strong> ya est\u00e1 adentro de la Libertadores<strong> por ganar la Fase 1<\/strong> y otro clasificado saldr\u00e1 del vencedor de la Fase 2 (hoy, LDU).<\/p>\n<\/div>\n<div class=\"custom-text \" readability=\"42.352941176471\">\n<p>Si los Albos repiten, su lugar pasa a la tabla acumulada, que adem\u00e1s da dos pasajes. A d\u00eda de hoy, ocupan esos puestos (del 3\u00b0 al 5\u00b0) <strong><a href=\"https:\/\/www.ole.com.ar\/tema\/barcelona-de-guayaquil.html\" title=\"Barcelona de Guayaquil\" alt=\"Barcelona de Guayaquil\" class=\"slug\">Barcelona <\/a><\/strong>(52 puntos y +17 de gol diferencia), <strong><a href=\"https:\/\/www.ole.com.ar\/tema\/el-nacional-de-quito.html\" title=\"El Nacional de Quito\" alt=\"El Nacional de Quito\" class=\"slug\">El Nacional<\/a><\/strong> (50 puntos y +13) y <strong><a href=\"https:\/\/www.ole.com.ar\/tema\/delfin.html\" title=\"Delf\u00edn\" alt=\"Delf\u00edn\" class=\"slug\">Delf\u00edn<\/a><\/strong> (46 pts. Y +2). <strong>Los Toreros, que a\u00fan pueden ganar la etapa, ya est\u00e1n en Libertadores, al igual que el Bi-Tri<\/strong> (por ahora, en Fase 2) aunque, si supera a BSC, ir\u00e1 directo a la fase de grupos. Y el Cet\u00e1ceo ir\u00eda la Fase 1 de la Copa.<\/p>\n<\/div>\n<div class=\"custom-text \" readability=\"37.527687296417\">\n<p>Sin embargo, los dirigidos por Guillermo Dur\u00f3 no pueden dormirse<strong> <a href=\"https:\/\/www.ole.com.ar\/tema\/aucas.html\" title=\"Aucas\" alt=\"Aucas\" class=\"slug\">Aucas<\/a>, con 45 unidades y +4 de gol diferencia), aparece sexto, \u00a1y se miden en la pr\u00f3xima fecha en el Pozo Ripalda! <\/strong>Y <strong>expectante est\u00e1 la <a href=\"https:\/\/www.ole.com.ar\/tema\/universidad-catolica-de-ecuador.html\" title=\"Universidad Cat\u00f3lica de Ecuador\" alt=\"Universidad Cat\u00f3lica de Ecuador\" class=\"slug\">Universidad Cat\u00f3lica<\/a><\/strong>, con 43 puntos y -1 de gol diferencia, a la espera de lo que suceda arriba suyo. <\/p>\n<\/div>\n<div class=\"sc-e7b891c4-0 jPbnQF\"><img alt=\"Liga de Quito gan\u00f3 la Sudamericana 2023 y sac\u00f3 boleto a la Libertadores 2024. (AFP)\" src=\"http:\/\/hoycordobaweb.com\/wp-content\/uploads\/2023\/11\/ligapro-asi-esta-la-clasificacion-en-ecuador-a-las-copas-2024-2.jpg\" width=\"720\" height=\"100\" decoding=\"async\" data-nimg=\"future\" loading=\"lazy\"><span class=\"epigraphe\">Liga de Quito gan\u00f3 la Sudamericana 2023 y sac\u00f3 boleto a la Libertadores 2024. (AFP)<\/span><\/div>\n<p><h2><strong>Copa Sudamericana<\/strong><\/h2>\n<\/p>\n<div class=\"custom-text \" readability=\"35\">\n<p><strong>Ecuador tendr\u00e1 cuatro representantes<\/strong> en el torneo cuyas \u00faltimas dos ediciones quedaron en territorio nacional: <strong>IDV en 2022 y LDU este a\u00f1o<\/strong>. Y habr\u00e1 cuatro clubes tricolores que tendr\u00e1n la ilusi\u00f3n de repetir una vez m\u00e1s. A saber: <strong>se eliminar\u00e1n entre s\u00ed a partido \u00fanico y solo dos intervendr\u00e1n en la fase de grupos.<\/strong><\/p>\n<\/div>\n<div class=\"custom-text \" readability=\"38\">\n<p>De estos cuatro equipos, <strong>El Nacional, Delf\u00edn, Aucas y Cat\u00f3lica, los dos que no vayan a la Libertadores, competir\u00e1n en la Sudamericana.<\/strong><\/p>\n<\/div>\n<div class=\"custom-text \" readability=\"32.515151515152\">\n<p>Dicho eso, <strong>los otros dos lugares se los disputan cinco clubes<\/strong>: <strong><a href=\"https:\/\/www.ole.com.ar\/tema\/orense.html\" title=\"Orense\" alt=\"Orense\" class=\"slug\">Orense<\/a><\/strong> (8\u00b0, con 36 puntos y -3 de gol diferencia) y <strong><a href=\"https:\/\/www.ole.com.ar\/tema\/tecnico-universitario.html\" title=\"T\u00e9cnico Universitario\" alt=\"T\u00e9cnico Universitario\" class=\"slug\">T\u00e9cnico Universitario<\/a><\/strong> (9\u00b0, con 35 unidades y +9) son los que <strong>est\u00e1n sacando pasaje. Pero no pueden descuidarse&#8230;<\/strong><\/p>\n<\/div>\n<div class=\"sc-e7b891c4-0 jPbnQF\"><img alt=\"Delf\u00edn y Deportivo Cuenca no se sacaron ventaja en el cierre de la fecha 13 y siguen en la pelea por un lugar en las copas. (API)\" src=\"http:\/\/hoycordobaweb.com\/wp-content\/uploads\/2023\/11\/ligapro-asi-esta-la-clasificacion-en-ecuador-a-las-copas-2024-3.jpg\" width=\"720\" height=\"100\" decoding=\"async\" data-nimg=\"future\" loading=\"lazy\"><span class=\"epigraphe\">Delf\u00edn y Deportivo Cuenca no se sacaron ventaja en el cierre de la fecha 13 y siguen en la pelea por un lugar en las copas. (API)<\/span><\/div>\n<div class=\"custom-text \" readability=\"32.691176470588\">\n<p><strong><a href=\"https:\/\/www.ole.com.ar\/tema\/deportivo-cuenca.html\" title=\"Deportivo Cuenca\" alt=\"Deportivo Cuenca\" class=\"slug\">Deportivo Cuenca<\/a><\/strong> (10\u00b0, con 34 puntos y -1), <strong><a href=\"https:\/\/www.ole.com.ar\/tema\/mushuc-runa.html\" title=\"Mushuc Runa\" alt=\"Mushuc Runa\" class=\"slug\">Mushuc Runa<\/a><\/strong> (11\u00b0, con 32 y -12) y <strong><a href=\"https:\/\/www.ole.com.ar\/tema\/emelec.html\" title=\"emelec\" alt=\"emelec\" class=\"slug\">Emelec<\/a><\/strong> (12\u00b0, con 30 y -1) se ilusionan con meter un pleno y pegar el zarpazo. <strong>Mientras los n\u00fameros den, la ilusi\u00f3n est\u00e1.<\/strong><\/p>\n<\/div>\n<div class=\"custom-text \" readability=\"34\">\n<p>Tras el receso por Eliminatorias Sudamericanas<strong>, quedar\u00e1n dos fechas por jugar en las que se definir\u00e1 cu\u00e1les son los nueve equipos que representar\u00e1n a Ecuador<\/strong> en torneos internacionales.<\/p>\n<\/div>\n<p><h2><strong>As\u00ed est\u00e1 la Tabla Acumulada de la LigaPro (28 fechas)<\/strong><\/h2>\n<\/p>\n<div class=\"custom-text \">\n<ul>\n<li>1\u00b0) Liga de Quito | 56 puntos | +26 gol diferencia (clasificado Libertadores)<\/li>\n<li>2\u00b0) Independiente del Valle | 54 puntos | +20 gol diferencia (clasificado Libertadores)<\/li>\n<li>3\u00b0) Barcelona | 52 puntos | +17 gol diferencia (clasificado Libertadores)<\/li>\n<li>4\u00b0) El Nacional | 50 puntos | +13 gol diferencia (clasificado Libertadores)<\/li>\n<li>5\u00b0) Delf\u00edn | 46 puntos | +2 gol diferencia (Libertadores o Sudamericana)<\/li>\n<li>6\u00b0) Aucas | 45 puntos | +4 gol diferencia (Libertadores o Sudamericana)<\/li>\n<li>7\u00b0) Universidad Cat\u00f3lica | 43 puntos | -1 gol diferencia (Libertadores o Sudamericana)<\/li>\n<li>8\u00b0) Orense | 36 puntos | -3 gol diferencia<\/li>\n<li>9\u00b0) T\u00e9cnico Universitario | 35 puntos | +9 gol diferencia<\/li>\n<li>10\u00b0) Deportivo Cuenca | 34 puntos | -1 gol diferencia<\/li>\n<li>11\u00b0) Mushuc Runa | 32 puntos | -12 gol diferencia<\/li>\n<li>12\u00b0) Emelec | 30 puntos | +1 gol diferencia<\/li>\n<\/ul>\n<\/div>\n<div class=\"sc-a7166897-0 exHLBh\" readability=\"6\">\n<section readability=\"2\"><picture><img alt=\"Posiciones de la LigaPro: \u00bfqu\u00e9 le falta a LDU para ganar la etapa? \" src=\"http:\/\/hoycordobaweb.com\/wp-content\/uploads\/2023\/11\/ligapro-asi-esta-la-clasificacion-en-ecuador-a-las-copas-2024-4.jpg\" width=\"290\" height=\"290\" decoding=\"async\" data-nimg=\"future\" loading=\"lazy\"><\/picture>\n<p><span>Mir\u00e1 tambi\u00e9n<\/span><\/p>\n<hr>\n<h3>Posiciones de la LigaPro: \u00bfqu\u00e9 le falta a LDU para ganar la etapa?<br \/>\n<\/h3>\n<\/p>\n<\/section>\n<\/div>\n<div class=\"sc-a7166897-0 exHLBh\" readability=\"6\">\n<section readability=\"2\"><picture><img alt=\"Con Emelec salvado: as\u00ed queda la lucha por la permanencia en LigaPro\" src=\"http:\/\/hoycordobaweb.com\/wp-content\/uploads\/2023\/11\/ligapro-asi-esta-la-clasificacion-en-ecuador-a-las-copas-2024-5.jpg\" width=\"290\" height=\"290\" decoding=\"async\" data-nimg=\"future\" loading=\"lazy\"><\/picture>\n<p><span>Mir\u00e1 tambi\u00e9n<\/span><\/p>\n<hr>\n<h3>Con Emelec salvado: as\u00ed queda la lucha por la permanencia en LigaPro<\/h3>\n<\/p>\n<\/section>\n<\/div>\n<div class=\"sc-a7166897-0 exHLBh\" readability=\"6\">\n<section readability=\"2\"><picture><img alt=\"Bizarro: Deportivo Cuenca lleg\u00f3 a Jocay en taxi\" src=\"http:\/\/hoycordobaweb.com\/wp-content\/uploads\/2023\/11\/ligapro-asi-esta-la-clasificacion-en-ecuador-a-las-copas-2024-6.jpg\" width=\"290\" height=\"290\" decoding=\"async\" data-nimg=\"future\" loading=\"lazy\"><\/picture>\n<p><span>Mir\u00e1 tambi\u00e9n<\/span><\/p>\n<hr>\n<h3>Bizarro: Deportivo Cuenca lleg\u00f3 a Jocay en taxi<\/h3>\n<\/p>\n<\/section>\n<\/div>\n<div class=\"sc-a7166897-0 exHLBh\" readability=\"6\">\n<section readability=\"2\"><picture><img alt=\"Oficial: Chile desconvoc\u00f3 a Mat\u00edas Fern\u00e1ndez por un tema judicial\" src=\"http:\/\/hoycordobaweb.com\/wp-content\/uploads\/2023\/11\/ligapro-asi-esta-la-clasificacion-en-ecuador-a-las-copas-2024-7.jpg\" width=\"290\" height=\"290\" decoding=\"async\" data-nimg=\"future\" loading=\"lazy\"><\/picture>\n<p><span>Mir\u00e1 tambi\u00e9n<\/span><\/p>\n<hr>\n<h3>Oficial: Chile desconvoc\u00f3 a Mat\u00edas Fern\u00e1ndez por un tema judicial<\/h3>\n<\/p>\n<\/section>\n<\/div>\n<div class=\"sc-a7166897-0 exHLBh\" readability=\"6\">\n<section readability=\"2\"><picture><img alt=\"Alexander Dom\u00ednguez: &quot;Esperamos sacar los seis puntos&quot;\" src=\"http:\/\/hoycordobaweb.com\/wp-content\/uploads\/2023\/11\/ligapro-asi-esta-la-clasificacion-en-ecuador-a-las-copas-2024-8.jpg\" width=\"290\" height=\"290\" decoding=\"async\" data-nimg=\"future\" loading=\"lazy\"><\/picture>\n<p><span>Mir\u00e1 tambi\u00e9n<\/span><\/p>\n<hr>\n<h3>Alexander Dom\u00ednguez: \u00abEsperamos sacar los seis puntos\u00bb<\/h3>\n<\/p>\n<\/section>\n<\/div>\n<div class=\"sc-a7166897-0 exHLBh\" readability=\"6\">\n<section readability=\"2\"><picture><img alt=\"Jos\u00e9 Pileggi puso un freno a las salidas de Miller Bola\u00f1os y Cuco Angulo\" src=\"http:\/\/hoycordobaweb.com\/wp-content\/uploads\/2023\/11\/ligapro-asi-esta-la-clasificacion-en-ecuador-a-las-copas-2024-9.jpg\" width=\"290\" height=\"290\" decoding=\"async\" data-nimg=\"future\" loading=\"lazy\"><\/picture>\n<p><span>Mir\u00e1 tambi\u00e9n<\/span><\/p>\n<hr>\n<h3>Jos\u00e9 Pileggi puso un freno a las salidas de Miller Bola\u00f1os y Cuco Angulo<\/h3>\n<\/p>\n<\/section>\n<\/div>\n<div class=\"sc-a7166897-0 exHLBh\" readability=\"6.5\">\n<section readability=\"3\"><picture><img alt=\"Libertad desminti\u00f3 que vayan a perder puntos por la investigaci\u00f3n por arreglo de apuestas\" src=\"http:\/\/hoycordobaweb.com\/wp-content\/uploads\/2023\/11\/ligapro-asi-esta-la-clasificacion-en-ecuador-a-las-copas-2024-10.jpg\" width=\"290\" height=\"290\" decoding=\"async\" data-nimg=\"future\" loading=\"lazy\"><\/picture>\n<p><span>Mir\u00e1 tambi\u00e9n<\/span><\/p>\n<hr>\n<h3>Libertad desminti\u00f3 que vayan a perder puntos por la investigaci\u00f3n por arreglo de apuestas<\/h3>\n<\/p>\n<\/section>\n<\/div>\n<div class=\"sc-a7166897-0 exHLBh\" readability=\"6\">\n<section readability=\"2\"><picture><img alt=\"Posible cambio de formato para las pr\u00f3ximas LigaPro\" src=\"http:\/\/hoycordobaweb.com\/wp-content\/uploads\/2023\/11\/ligapro-asi-esta-la-clasificacion-en-ecuador-a-las-copas-2024-11.jpg\" width=\"290\" height=\"290\" decoding=\"async\" data-nimg=\"future\" loading=\"lazy\"><\/picture>\n<p><span>Mir\u00e1 tambi\u00e9n<\/span><\/p>\n<hr>\n<h3>Posible cambio de formato para las pr\u00f3ximas LigaPro<\/h3>\n<\/p>\n<\/section>\n<\/div>\n<\/div>\n","protected":false},"excerpt":{"rendered":"<p>13\/11\/2023 22:59hs. Actualizado al 14\/11\/2023 00:12hs. A dos fechas del final de la Fase 2 de la LigaPro, adem\u00e1s de la definici\u00f3n del finalista y de los dos descendidos, muchos equipos buscan asegurar su pasaje internacional. Para el 2024, ser\u00e1n nueve los equipos ecuatorianos que disputar\u00e1n torneos internacionales (cinco en la Copa Libertadores y cuatro [&hellip;]<\/p>\n","protected":false},"author":1,"featured_media":69677,"comment_status":"open","ping_status":"closed","sticky":false,"template":"","format":"standard","meta":[],"categories":[16],"tags":[],"_links":{"self":[{"href":"http:\/\/hoycordobaweb.com\/index.php\/wp-json\/wp\/v2\/posts\/69676"}],"collection":[{"href":"http:\/\/hoycordobaweb.com\/index.php\/wp-json\/wp\/v2\/posts"}],"about":[{"href":"http:\/\/hoycordobaweb.com\/index.php\/wp-json\/wp\/v2\/types\/post"}],"author":[{"embeddable":true,"href":"http:\/\/hoycordobaweb.com\/index.php\/wp-json\/wp\/v2\/users\/1"}],"replies":[{"embeddable":true,"href":"http:\/\/hoycordobaweb.com\/index.php\/wp-json\/wp\/v2\/comments?post=69676"}],"version-history":[{"count":0,"href":"http:\/\/hoycordobaweb.com\/index.php\/wp-json\/wp\/v2\/posts\/69676\/revisions"}],"wp:featuredmedia":[{"embeddable":true,"href":"http:\/\/hoycordobaweb.com\/index.php\/wp-json\/wp\/v2\/media\/69677"}],"wp:attachment":[{"href":"http:\/\/hoycordobaweb.com\/index.php\/wp-json\/wp\/v2\/media?parent=69676"}],"wp:term":[{"taxonomy":"category","embeddable":true,"href":"http:\/\/hoycordobaweb.com\/index.php\/wp-json\/wp\/v2\/categories?post=69676"},{"taxonomy":"post_tag","embeddable":true,"href":"http:\/\/hoycordobaweb.com\/index.php\/wp-json\/wp\/v2\/tags?post=69676"}],"curies":[{"name":"wp","href":"https:\/\/api.w.org\/{rel}","templated":true}]}}