{"id":69642,"date":"2023-11-13T03:56:00","date_gmt":"2023-11-13T03:56:00","guid":{"rendered":"http:\/\/hoycordobaweb.com\/index.php\/2023\/11\/13\/denuncian-que-milei-violo-la-politica-de-estado-de-argentina-sobre-malvinas\/"},"modified":"2023-11-13T03:56:00","modified_gmt":"2023-11-13T03:56:00","slug":"denuncian-que-milei-violo-la-politica-de-estado-de-argentina-sobre-malvinas","status":"publish","type":"post","link":"http:\/\/hoycordobaweb.com\/index.php\/2023\/11\/13\/denuncian-que-milei-violo-la-politica-de-estado-de-argentina-sobre-malvinas\/","title":{"rendered":"Denuncian que Milei viol\u00f3 la pol\u00edtica de Estado de Argentina sobre Malvinas"},"content":{"rendered":"<p><img src=\"http:\/\/hoycordobaweb.com\/wp-content\/uploads\/2023\/11\/denuncian-que-milei-violo-la-politica-de-estado-de-argentina-sobre-malvinas.jpg\"><\/p>\n<figure class=\"mb-3\"><img loading=\"lazy\" data-src=\"http:\/\/hoycordobaweb.com\/wp-content\/uploads\/2023\/11\/denuncian-que-milei-violo-la-politica-de-estado-de-argentina-sobre-malvinas-2.jpg\" src=\"https:\/\/www.telam.com.ar\/assets\/img\/not_image.png\" class=\" lazy \" width=\"100%\" height=\"100%\" alt=\"Foto Captura de video\"><figcaption> Foto: Captura de video <\/figcaption><\/figure>\n<p>Ex combatientes de Malvinas y referentes del oficialismo criticaron este domingo las expresiones del candidato presidencial de la Libertad Avanza, Javier Milei, sobre la cuesti\u00f3n Malvinas en el debate presidencial, y consideraron que <strong>sus dichos \u00abviolan la pol\u00edtica de Estado de Argentina\u00bb y no \u00abrespetan el honor y la memoria de los ca\u00eddos\u00bb.<\/strong><\/p>\n<p><strong>\u00abMilei se referencia con quienes desde 1833 usurpan ilegalmente parte de nuestro territorio e idolatra a Margaret Thatcher responsable de la muerte de 634 soldados que es enemiga de los argentinos. \u00bfEstamos dispuestos los argentinos que habitamos este suelo con una inmensidad de recursos darles la posibilidad mediante el voto universal a quienes, con viejos patrones de colonizaci\u00f3n pol\u00edtica y cultura de la entrega, hagan de la Argentina un no pa\u00eds?\u00bb<\/strong>, se pregunt\u00f3 el Centro de Excombatientes de Malvinas (Cecim) de La Plata.<\/p>\n<p>Los excombatientes agregaron: \u00abEncontramos en todos sus dirigentes, comenzando por Milei, su candidata a vicepresidenta Victoria Villarruel y los que integraron las listas electivas, un denominador com\u00fan que es el odio y desprecio a toda persona que no coincida con sus ideas y expresiones pol\u00edticas\u00bb y expresaron: \u00abDefendemos una Argentina Soberana con un amplio sentido social, No Votamos A Milei. Nuestro voto es para Sergio Massa. Por los pibes de Malvinas que jam\u00e1s olvidaremos\u00bb.<\/p>\n<figure class=\"mb-3\"><img loading=\"lazy\" data-src=\"http:\/\/hoycordobaweb.com\/wp-content\/uploads\/2023\/11\/denuncian-que-milei-violo-la-politica-de-estado-de-argentina-sobre-malvinas-3.jpg\" src=\"https:\/\/www.telam.com.ar\/assets\/img\/not_image.png\" class=\" lazy \" width=\"100%\" height=\"100%\" alt=\"Guillermo Carmona Foto Archivo\"><figcaption> Guillermo Carmona \/ Foto: Archivo. <\/figcaption><\/figure>\n<p>El secretario de Malvinas, Ant\u00e1rtida y Atl\u00e1ntico Sur, Guillermo Carmona y el gobernador de Tierra del Fuego, Gustavo Melella criticaron este domingo las expresiones del candidato presidencial de la Libertad Avanza, Javier Milei, sobre la cuesti\u00f3n Malvinas en el debate presidencial, y consideraron que sus dichos<strong> \u00abviolan la pol\u00edtica de Estado de Argentina\u00bb<\/strong> y <strong>no \u00abrespeta el honor y la memoria de los ca\u00eddos\u00bb.<\/strong><\/p>\n<p>Carmona asegur\u00f3 en su cuenta en la red social X que <strong>\u00abMilei viola la pol\u00edtica de Estado de Argentina sobre Malvinas<\/strong> que consagra la Disposici\u00f3n Transitoria Primera de la Constituci\u00f3n Nacional\u00bb y agreg\u00f3 el hashtag \u00abLas Malvinas Son Argentinas\u00bb.<\/p>\n<blockquote class=\"twitter-tweet\" readability=\"4.6578947368421\">\n<p lang=\"es\" dir=\"ltr\">Milei viola la pol\u00edtica de Estado de Argentina sobre <a href=\"https:\/\/twitter.com\/hashtag\/Malvinas?src=hash&amp;ref_src=twsrc%5Etfw\">#Malvinas<\/a> que consagra la Disposici\u00f3n Transitoria Primera de la Constituci\u00f3n Nacional<a href=\"https:\/\/twitter.com\/hashtag\/LasMalvinasSonArgentinas?src=hash&amp;ref_src=twsrc%5Etfw\">#LasMalvinasSonArgentinas<\/a> \ud83c\udde6\ud83c\uddf7<\/p>\n<p>\u2014 Guillermo Carmona (@grcarmonac) <a href=\"https:\/\/twitter.com\/grcarmonac\/status\/1723863850401796420?ref_src=twsrc%5Etfw\">November 13, 2023<\/a><\/p><\/blockquote>\n<p>El secretario, dependiente de la Canciller\u00eda, remarc\u00f3 que en el discurso del candidato libertario durante el debate se confirma que <strong>\u00abadmira a (la ex primer ministra brit\u00e1nica) Margareth Thatcher, quien decidi\u00f3 sobre la vida de los compatriotas del ARA Belgrano dejando 323 h\u00e9roes muertos\u00bb<\/strong> y que en su discurso de campa\u00f1a plante\u00f3 que \u00abest\u00e1 dispuesto a darle a los isle\u00f1os la decisi\u00f3n del futuro de Malvinas\u00bb cuando \u00abdice que la guerra ha sido determinante para la soberan\u00eda\u00bb.<\/p>\n<div class=\"video_repositive\"> <a class=\"video_sticky\" href=\"javascript:void();\" onclick=\"removeStuckVideo(true);\"><i class=\"far fa-window-close\"><\/i><\/a> <\/p>\n<div id=\"rhpRgppdh80\" class=\"video_telam\" readability=\"6\">\n<div class=\"feature_article_inner\" readability=\"32\">\n<p><h2 class=\"text-center\">Massa asegur\u00f3 que Tatcher \u00abes enemiga de Argentina\u00bb y valor\u00f3 a los \u00abheroes\u00bb de Malvinas<\/h2>\n<\/p><\/div>\n<p>VER VIDEO <i class=\"fas fa-play\"><\/i><\/p>\n<\/p><\/div><\/div>\n<p>Por su parte, el gobernador Melella caracteriz\u00f3 en la misma red social como <strong>\u00ablamentable\u00bb las expresiones de Milei sobre Malvinas y record\u00f3 que en declaraciones a la prensa dijo \u00abadmirar a Margaret Thatcher\u00bb <\/strong>quien durante la guerra de Malvinas dio la orden de atacar el ARA General Belgrano \u00abterminando con la vida de 323 tripulantes Argentinos\u00bb.<\/p>\n<blockquote class=\"twitter-tweet\" readability=\"9.4769230769231\">\n<p lang=\"es\" dir=\"ltr\">Que lamentable Javier Milei lo suyo, admirar a Margaret Thatcher, a quien dio la orden de atacar el ARA General Belgrano terminando con la vida de 323 tripulantes Argentinos.<\/p>\n<p>A los fueguinos y las fueguinas sus expresiones nos averg\u00fcenzan y provocan un profundo rechazo.<\/p>\n<p>\u2014 Gustavo Melella (@gustavomelella) <a href=\"https:\/\/twitter.com\/gustavomelella\/status\/1723876417987817886?ref_src=twsrc%5Etfw\">November 13, 2023<\/a><\/p><\/blockquote>\n<p>\u00abA los fueguinos y las fueguinas sus expresiones nos averg\u00fcenzan y provocan un profundo rechazo\u00bb, enfatiz\u00f3 en su mensaje el gobernador de Tierra del Fuero y agreg\u00f3 que \u00abno podemos permitir que no se respete el honor y la memoria de los Ca\u00eddos y a los Veteranos de Guerra de Malvinas\u00bb.<\/p>\n<p>\u00abLas Malvinas fueron, son y ser\u00e1n Argentinas\u00bb, resumi\u00f3.<\/p>\n<p>Tambi\u00e9n la diputada de la cuidad de Buenos Aires, Victoria Montenegro se hizo eco de este contrapunto de Javier Milei y a Sergio Massa durante el debate presidencial: \u00abMilei acaba de comparar la guerra de Malvinas con un partido de futbol. Tremendo\u00bb, en referencia a la frase que el libertario esgrimi\u00f3 en el momento en que se debat\u00eda el segundo eje tem\u00e1tico \u00abRelaciones de Argentina con el mundo\u00bb. <\/p>\n","protected":false},"excerpt":{"rendered":"<p>Foto: Captura de video Ex combatientes de Malvinas y referentes del oficialismo criticaron este domingo las expresiones del candidato presidencial de la Libertad Avanza, Javier Milei, sobre la cuesti\u00f3n Malvinas en el debate presidencial, y consideraron que sus dichos \u00abviolan la pol\u00edtica de Estado de Argentina\u00bb y no \u00abrespetan el honor y la memoria de [&hellip;]<\/p>\n","protected":false},"author":1,"featured_media":69643,"comment_status":"open","ping_status":"closed","sticky":false,"template":"","format":"standard","meta":[],"categories":[19],"tags":[],"_links":{"self":[{"href":"http:\/\/hoycordobaweb.com\/index.php\/wp-json\/wp\/v2\/posts\/69642"}],"collection":[{"href":"http:\/\/hoycordobaweb.com\/index.php\/wp-json\/wp\/v2\/posts"}],"about":[{"href":"http:\/\/hoycordobaweb.com\/index.php\/wp-json\/wp\/v2\/types\/post"}],"author":[{"embeddable":true,"href":"http:\/\/hoycordobaweb.com\/index.php\/wp-json\/wp\/v2\/users\/1"}],"replies":[{"embeddable":true,"href":"http:\/\/hoycordobaweb.com\/index.php\/wp-json\/wp\/v2\/comments?post=69642"}],"version-history":[{"count":0,"href":"http:\/\/hoycordobaweb.com\/index.php\/wp-json\/wp\/v2\/posts\/69642\/revisions"}],"wp:featuredmedia":[{"embeddable":true,"href":"http:\/\/hoycordobaweb.com\/index.php\/wp-json\/wp\/v2\/media\/69643"}],"wp:attachment":[{"href":"http:\/\/hoycordobaweb.com\/index.php\/wp-json\/wp\/v2\/media?parent=69642"}],"wp:term":[{"taxonomy":"category","embeddable":true,"href":"http:\/\/hoycordobaweb.com\/index.php\/wp-json\/wp\/v2\/categories?post=69642"},{"taxonomy":"post_tag","embeddable":true,"href":"http:\/\/hoycordobaweb.com\/index.php\/wp-json\/wp\/v2\/tags?post=69642"}],"curies":[{"name":"wp","href":"https:\/\/api.w.org\/{rel}","templated":true}]}}