{"id":6964,"date":"2020-12-07T22:30:00","date_gmt":"2020-12-07T22:30:00","guid":{"rendered":"http:\/\/hoycordobaweb.com\/index.php\/2020\/12\/07\/canada-informo-que-vacunara-contra-el-covid-19-a-124-500-personas-antes-de-fin-de-ano\/"},"modified":"2020-12-07T22:30:00","modified_gmt":"2020-12-07T22:30:00","slug":"canada-informo-que-vacunara-contra-el-covid-19-a-124-500-personas-antes-de-fin-de-ano","status":"publish","type":"post","link":"http:\/\/hoycordobaweb.com\/index.php\/2020\/12\/07\/canada-informo-que-vacunara-contra-el-covid-19-a-124-500-personas-antes-de-fin-de-ano\/","title":{"rendered":"Canad\u00e1 inform\u00f3 que vacunar\u00e1 contra el Covid-19 a 124.500 personas antes de fin de a\u00f1o"},"content":{"rendered":"<p><img src=\"http:\/\/hoycordobaweb.com\/wp-content\/uploads\/2020\/12\/canada-informo-que-vacunara-contra-el-covid-19-a-124-500-personas-antes-de-fin-de-ano.jpg\"><\/p>\n<div class=\"image\" id=\"image\" readability=\"7\"> <img src=\"http:\/\/hoycordobaweb.com\/wp-content\/uploads\/2020\/12\/canada-informo-que-vacunara-contra-el-covid-19-a-124-500-personas-antes-de-fin-de-ano-2.jpg\" alt=\"El primer ministro realiz\u00f3 el anuncio de la vacunaci\u00f3n\" title=\"El primer ministro realiz\u00f3 el anuncio de la vacunaci\u00f3n\"><\/p>\n<p>El primer ministro realiz\u00f3 el anuncio de la vacunaci\u00f3n<\/p>\n<\/div>\n<p><strong>\u00abCanad\u00e1 ha conseguido un acuerdo con Pfizer para comenzar la entrega anticipada de dosis de su vacuna; ahora estamos contratados para recibir hasta 249.000 de nuestras dosis iniciales de la vacuna de Pfizer y BioNTech en el mes de diciembre\u00bb, inform\u00f3 Justin Trudeau<\/strong>, citado por la agencia Sputnik.<\/p>\n<p>Seg\u00fan el premier, se podr\u00e1n inmunizar hasta 124.500 canadienses antes de fin de a\u00f1o, dado que la vacuna consiste en dos inyecciones y la prioridad estar\u00e1 sobre los grupos de alto riesgo en entornos urbanos.<\/p>\n<p>\u00abHabr\u00e1 m\u00e1s dosis de otras vacunas en fechas posteriores de forma prioritaria para los pueblos ind\u00edgenas, en particular los que se encuentran en el norte\u00bb, agreg\u00f3 Trudeau.<\/p>\n<p>El Comit\u00e9 Asesor Nacional sobre Inmunizaci\u00f3n (NACI) consider\u00f3 a los canadienses ind\u00edgenas como un grupo prioritario, sin embargo, el tema gener\u00f3 pol\u00e9mica ya que algunos piden una mayor prioridad, mientras que otros, incluido el primer ministro de Manitoba, Brian Pallister, lo califica de \u00abinjusto\u00bb.<\/p>\n<p>La entrega de la vacuna est\u00e1 condicionada a la aprobaci\u00f3n regulatoria de Health Canada, aunque el primer ministro dijo que se espera una autorizaci\u00f3n de emergencia a finales de esta semana.<\/p>\n<p>Hasta la fecha, el Gobierno canadiense realiz\u00f3 acuerdos con siete empresas de biotecnolog\u00eda para adquirir sus vacunas en caso de que pasen a la fase de producci\u00f3n y cuatro de ellos est\u00e1n actualmente bajo evaluaci\u00f3n por los reguladores de salud del pa\u00eds.<\/p>\n<p>Sin embargo, los cr\u00edticos dijeron en ese momento que se trata solo ofertas no reembolsables, por lo que dejar\u00e1n a Canad\u00e1 rezagado con respecto a otros pa\u00edses.<\/p>\n<p>Actualmente, y desde el inicio de la pandemia de la Covid-19, Canad\u00e1 acumulaba 420.000 casos de coronavirus y m\u00e1s de 12.600 muertes.<\/p>\n","protected":false},"excerpt":{"rendered":"<p>El primer ministro realiz\u00f3 el anuncio de la vacunaci\u00f3n \u00abCanad\u00e1 ha conseguido un acuerdo con Pfizer para comenzar la entrega anticipada de dosis de su vacuna; ahora estamos contratados para recibir hasta 249.000 de nuestras dosis iniciales de la vacuna de Pfizer y BioNTech en el mes de diciembre\u00bb, inform\u00f3 Justin Trudeau, citado por la [&hellip;]<\/p>\n","protected":false},"author":1,"featured_media":6965,"comment_status":"open","ping_status":"closed","sticky":false,"template":"","format":"standard","meta":[],"categories":[24],"tags":[],"_links":{"self":[{"href":"http:\/\/hoycordobaweb.com\/index.php\/wp-json\/wp\/v2\/posts\/6964"}],"collection":[{"href":"http:\/\/hoycordobaweb.com\/index.php\/wp-json\/wp\/v2\/posts"}],"about":[{"href":"http:\/\/hoycordobaweb.com\/index.php\/wp-json\/wp\/v2\/types\/post"}],"author":[{"embeddable":true,"href":"http:\/\/hoycordobaweb.com\/index.php\/wp-json\/wp\/v2\/users\/1"}],"replies":[{"embeddable":true,"href":"http:\/\/hoycordobaweb.com\/index.php\/wp-json\/wp\/v2\/comments?post=6964"}],"version-history":[{"count":0,"href":"http:\/\/hoycordobaweb.com\/index.php\/wp-json\/wp\/v2\/posts\/6964\/revisions"}],"wp:featuredmedia":[{"embeddable":true,"href":"http:\/\/hoycordobaweb.com\/index.php\/wp-json\/wp\/v2\/media\/6965"}],"wp:attachment":[{"href":"http:\/\/hoycordobaweb.com\/index.php\/wp-json\/wp\/v2\/media?parent=6964"}],"wp:term":[{"taxonomy":"category","embeddable":true,"href":"http:\/\/hoycordobaweb.com\/index.php\/wp-json\/wp\/v2\/categories?post=6964"},{"taxonomy":"post_tag","embeddable":true,"href":"http:\/\/hoycordobaweb.com\/index.php\/wp-json\/wp\/v2\/tags?post=6964"}],"curies":[{"name":"wp","href":"https:\/\/api.w.org\/{rel}","templated":true}]}}