{"id":69622,"date":"2023-11-13T02:17:19","date_gmt":"2023-11-13T02:17:19","guid":{"rendered":"https:\/\/www.ole.com.ar\/independiente\/carlos-tevez-conferencia-empate-independiente-banfield_0_ZEryMtM5vn.html"},"modified":"2023-11-13T02:17:19","modified_gmt":"2023-11-13T02:17:19","slug":"tevez-de-me-molestaron-los-murmullos-a-estoy-caliente","status":"publish","type":"post","link":"http:\/\/hoycordobaweb.com\/index.php\/2023\/11\/13\/tevez-de-me-molestaron-los-murmullos-a-estoy-caliente\/","title":{"rendered":"Tevez: de \u00abme molestaron los murmullos\u00bb a \u00abestoy caliente\u00bb"},"content":{"rendered":"<p><img src=\"http:\/\/hoycordobaweb.com\/wp-content\/uploads\/2023\/11\/tevez-de-me-molestaron-los-murmullos-a-estoy-caliente.jpg\"><\/p>\n<p><time class=\"createDate\" datetime=\"2023-11-12T23:17:19-03:00\">12\/11\/2023 23:17hs.<\/time><time class=\"modificatedDate\" datetime=\"2023-11-12T23:17:19-03:00\"><\/time><\/p>\n<div id=\"storyBody\">\n<div class=\"custom-text \" readability=\"28.553398058252\">\n<p>Con cierto fastidio. As\u00ed se lo not\u00f3 a <a href=\"https:\/\/www.ole.com.ar\/tema\/carlos-tevez.html\" title=\"Carlos Tevez\" alt=\"Carlos Tevez\" class=\"slug\">Carlos Tevez<\/a> una vez consumado el empate de <a href=\"https:\/\/www.ole.com.ar\/tema\/club-atletico-independiente.html\" title=\"Club Atl\u00e9tico Independiente\" alt=\"Club Atl\u00e9tico Independiente\" class=\"slug\">Independiente<\/a> con <a href=\"https:\/\/www.ole.com.ar\/tema\/banfield.html\" title=\"Banfield\" alt=\"Banfield\" class=\"slug\">Banfield<\/a>. El entrenador del Rojo termin\u00f3 molesto por algunos reproches que escuch\u00f3 durante el partido.<\/p>\n<\/div>\n<div class=\"sc-a7166897-0 exHLBh\" readability=\"6\">\n<section readability=\"2\"><picture><img alt=\"El Rojo empat\u00f3 con Banfield y a\u00fan no se asegur\u00f3 jugar los playoffs\" src=\"http:\/\/hoycordobaweb.com\/wp-content\/uploads\/2023\/11\/tevez-de-me-molestaron-los-murmullos-a-estoy-caliente-2.jpg\" width=\"290\" height=\"290\" decoding=\"async\" data-nimg=\"future\" loading=\"lazy\"><\/picture>\n<p><span>Mir\u00e1 tambi\u00e9n<\/span><\/p>\n<hr>\n<h3>El Rojo empat\u00f3 con Banfield y a\u00fan no se asegur\u00f3 jugar los playoffs<\/h3>\n<\/p>\n<\/section>\n<\/div>\n<div class=\"custom-text \" readability=\"38\">\n<p>\u201cQuiero felicitar a mis jugadores. Han sacado al club adelante y me parece que es meritorio felicitara los muchachos, que hoy se tiran de cabeza. Pero tambi\u00e9n hay que entender que hay que apoyar a los jugadores. <strong>Me molesta el murmullo, me molesta que no se los banque a los chicos\u00bb<\/strong>, coment\u00f3 el entrenador.<\/p>\n<\/div>\n<div class=\"sc-a7166897-0 exHLBh\" readability=\"6.5\">\n<section readability=\"3\"><picture><img alt=\"Se define la Copa de la Liga: cu\u00e1les ser\u00e1n los partidos m\u00e1s calientes de la fecha 14\" src=\"http:\/\/hoycordobaweb.com\/wp-content\/uploads\/2023\/11\/tevez-de-me-molestaron-los-murmullos-a-estoy-caliente-3.jpg\" width=\"290\" height=\"290\" decoding=\"async\" data-nimg=\"future\" loading=\"lazy\"><\/picture>\n<p><span>Mir\u00e1 tambi\u00e9n<\/span><\/p>\n<hr>\n<h3>Se define la Copa de la Liga: cu\u00e1les ser\u00e1n los partidos m\u00e1s calientes de la fecha 14<\/h3>\n<\/p>\n<\/section>\n<\/div>\n<div class=\"custom-text \" readability=\"38\">\n<p>El Apache record\u00f3 que cuando lleg\u00f3 el equipo se encontraba peleando por la permanencia y destac\u00f3 que el compromiso de los futbolistas fue crucial para rescatar al club del abismo: \u00abEllos trabajan, laburan, son 100% profesionales. <strong>Por ellos Independiente ya no est\u00e1 peleando el maldito descenso. Hay que reconocer m\u00e1s el esfuerzo de los jugadores. Estoy caliente por ese tema. <\/strong>Obvio que podemos ser mejores, pero en este momento es para felicitarlos\u201d.<\/p>\n<\/div>\n<div class=\"sc-a7166897-0 exHLBh\" readability=\"6.5\">\n<section readability=\"3\"><picture><img alt=\"Bernao, \u00eddolo y loco: el libro que homenajea a una gloria de Independiente\" src=\"http:\/\/hoycordobaweb.com\/wp-content\/uploads\/2023\/11\/tevez-de-me-molestaron-los-murmullos-a-estoy-caliente-4.jpg\" width=\"290\" height=\"290\" decoding=\"async\" data-nimg=\"future\" loading=\"lazy\"><\/picture>\n<p><span>Mir\u00e1 tambi\u00e9n<\/span><\/p>\n<hr>\n<h3>Bernao, \u00eddolo y loco: el libro que homenajea a una gloria de Independiente<\/h3>\n<\/p>\n<\/section>\n<\/div>\n<div class=\"custom-text \" readability=\"35\">\n<p>Tevez no ocult\u00f3 su bronca por la reacci\u00f3n de un sector de la platea. <strong>\u201cHoy estoy enojado. Recuerdo que cuando me sent\u00e9 la primera vez ac\u00e1 se hablaba s\u00f3lo del descenso. Hoy estamos peleando por entrar entre los cuatro\u201d<\/strong>, expres\u00f3 el t\u00e9cnico.<\/p>\n<\/div>\n<div class=\"sc-a7166897-0 exHLBh\" readability=\"6\">\n<section readability=\"2\"><picture><img alt=\"Las tablas de la Copa de la Liga: Boca ya no puede llegar a los playoffs\" src=\"http:\/\/hoycordobaweb.com\/wp-content\/uploads\/2023\/11\/tevez-de-me-molestaron-los-murmullos-a-estoy-caliente-5.jpg\" width=\"290\" height=\"290\" decoding=\"async\" data-nimg=\"future\" loading=\"lazy\"><\/picture>\n<p><span>Mir\u00e1 tambi\u00e9n<\/span><\/p>\n<hr>\n<h3>Las tablas de la Copa de la Liga: Boca ya no puede llegar a los playoffs<\/h3>\n<\/p>\n<\/section>\n<\/div>\n<div type=\"embed\" class=\"sc-7ce6049-0 dwIKul\">\n<div class=\"sc-7ce6049-1 bdcBBS videoText\" id=\"contentTitleembedMOsVq0fX\" type=\"embed\"><svg fill=\"#ffffff\"><symbol id=\"play\" viewBox=\"0 0 512 512\"><path d=\"M512 256C512 397.4 397.4 512 256 512C114.6 512 0 397.4 0 256C0 114.6 114.6 0 256 0C397.4 0 512 114.6 512 256zM176 168V344C176 352.7 180.7 360.7 188.3 364.9C195.8 369.2 205.1 369 212.5 364.5L356.5 276.5C363.6 272.1 368 264.4 368 256C368 247.6 363.6 239.9 356.5 235.5L212.5 147.5C205.1 142.1 195.8 142.8 188.3 147.1C180.7 151.3 176 159.3 176 168V168z\" \/><\/symbol><use xlink:href=\"#play\" \/><\/svg><\/p>\n<div class=\"right\">\n<p>Banfield<!-- --> &#8211;<!-- --> <span>12-11-2023<\/span><\/p>\n<h2 class=\"title-vid\">Lo m\u00e1s destacado de Independiente &#8211; Banfield<\/h2>\n<\/div>\n<\/div>\n<p><span class=\"back\" id=\"spanBackembedMOsVq0fX\"><\/span><\/div>\n<div class=\"custom-text \" readability=\"37\">\n<p>Carlitos analiz\u00f3 el encuentro ante el Taladro y explic\u00f3 qu\u00e9 le falt\u00f3 al Rojo para poder quebrar a la s\u00f3lida defensa del conjunto dirigido por Julio Falcioni. \u201cBanfield siempre propone una defensa baja. Se repliega muy bien y gan\u00f3 muchos partidos en los \u00faltimos 20 minutos. Hoy no se jug\u00f3 mucho, <strong>Banfield no quiere jugar los partidos. Se habr\u00e1n jugado 35 \u00f3 40 minutos netos y se hace dif\u00edcil\u201d<\/strong>, expres\u00f3. <\/p>\n<\/div>\n<div class=\"sc-a7166897-0 exHLBh\" readability=\"6.5\">\n<section readability=\"3\"><picture><img alt=\"Clasificaci\u00f3n a las Copas 2024: Boca se asegur\u00f3 un lugar en la Sudamericana pero sigue en carrera para la Libertadores \" src=\"http:\/\/hoycordobaweb.com\/wp-content\/uploads\/2023\/11\/tevez-de-me-molestaron-los-murmullos-a-estoy-caliente-6.jpg\" width=\"290\" height=\"290\" decoding=\"async\" data-nimg=\"future\" loading=\"lazy\"><\/picture>\n<p><span>Mir\u00e1 tambi\u00e9n<\/span><\/p>\n<hr>\n<h3>Clasificaci\u00f3n a las Copas 2024: Boca se asegur\u00f3 un lugar en la Sudamericana pero sigue en carrera para la Libertadores <\/h3>\n<\/p>\n<\/section>\n<\/div>\n<div class=\"custom-text \" readability=\"39\">\n<p>Al entrenador le consultaron por qu\u00e9 no tuvo en cuenta a Rodrigo Atencio, goleador de la Reserva. Y la pregunta no le cay\u00f3 bien: \u00abEl partido de hoy fue chato, peleado. Casi no se jug\u00f3. En los primeros 30 minutos no hicimos lo que entrenamos, despu\u00e9s empezamos a jugar un poco m\u00e1s. <strong>Con el tema de los juveniles, si quieren pongo a todos. Si quieren lo apuro a Atencio y lo mando a la cancha sin haber entrenado conmigo\u201d<\/strong>.<\/p>\n<\/div>\n<\/div>\n","protected":false},"excerpt":{"rendered":"<p>12\/11\/2023 23:17hs. Con cierto fastidio. As\u00ed se lo not\u00f3 a Carlos Tevez una vez consumado el empate de Independiente con Banfield. El entrenador del Rojo termin\u00f3 molesto por algunos reproches que escuch\u00f3 durante el partido. Mir\u00e1 tambi\u00e9n El Rojo empat\u00f3 con Banfield y a\u00fan no se asegur\u00f3 jugar los playoffs \u201cQuiero felicitar a mis jugadores. [&hellip;]<\/p>\n","protected":false},"author":1,"featured_media":69623,"comment_status":"open","ping_status":"closed","sticky":false,"template":"","format":"standard","meta":[],"categories":[16],"tags":[],"_links":{"self":[{"href":"http:\/\/hoycordobaweb.com\/index.php\/wp-json\/wp\/v2\/posts\/69622"}],"collection":[{"href":"http:\/\/hoycordobaweb.com\/index.php\/wp-json\/wp\/v2\/posts"}],"about":[{"href":"http:\/\/hoycordobaweb.com\/index.php\/wp-json\/wp\/v2\/types\/post"}],"author":[{"embeddable":true,"href":"http:\/\/hoycordobaweb.com\/index.php\/wp-json\/wp\/v2\/users\/1"}],"replies":[{"embeddable":true,"href":"http:\/\/hoycordobaweb.com\/index.php\/wp-json\/wp\/v2\/comments?post=69622"}],"version-history":[{"count":0,"href":"http:\/\/hoycordobaweb.com\/index.php\/wp-json\/wp\/v2\/posts\/69622\/revisions"}],"wp:featuredmedia":[{"embeddable":true,"href":"http:\/\/hoycordobaweb.com\/index.php\/wp-json\/wp\/v2\/media\/69623"}],"wp:attachment":[{"href":"http:\/\/hoycordobaweb.com\/index.php\/wp-json\/wp\/v2\/media?parent=69622"}],"wp:term":[{"taxonomy":"category","embeddable":true,"href":"http:\/\/hoycordobaweb.com\/index.php\/wp-json\/wp\/v2\/categories?post=69622"},{"taxonomy":"post_tag","embeddable":true,"href":"http:\/\/hoycordobaweb.com\/index.php\/wp-json\/wp\/v2\/tags?post=69622"}],"curies":[{"name":"wp","href":"https:\/\/api.w.org\/{rel}","templated":true}]}}