{"id":69573,"date":"2023-11-12T01:29:20","date_gmt":"2023-11-12T01:29:20","guid":{"rendered":"https:\/\/www.ole.com.ar\/ecuador\/internacional\/enner-valencia-seleccion-ecuador-lesion-derrota-internacional-palmeiras_0_60t7sWKQQZ.html"},"modified":"2023-11-12T01:29:20","modified_gmt":"2023-11-12T01:29:20","slug":"la-peor-noticia-se-lesiono-enner-valencia","status":"publish","type":"post","link":"http:\/\/hoycordobaweb.com\/index.php\/2023\/11\/12\/la-peor-noticia-se-lesiono-enner-valencia\/","title":{"rendered":"La peor noticia: se lesion\u00f3 Enner Valencia"},"content":{"rendered":"<p><img src=\"http:\/\/hoycordobaweb.com\/wp-content\/uploads\/2023\/11\/la-peor-noticia-se-lesiono-enner-valencia.jpg\"><\/p>\n<p><time class=\"createDate\" datetime=\"2023-11-11T22:29:20-03:00\">11\/11\/2023 22:29hs.<\/time><time class=\"modificatedDate\" datetime=\"2023-11-11T22:55:007-03:00\"> Actualizado al 11\/11\/2023 22:55hs.<\/time><\/p>\n<div id=\"storyBody\">\n<div class=\"custom-text \" readability=\"28.617647058824\">\n<p>La <strong><a href=\"https:\/\/www.ole.com.ar\/tema\/seleccion-de-ecuador.html\" title=\"Selecci\u00f3n de Ecuador\" alt=\"Selecci\u00f3n de Ecuador\" class=\"slug\">Selecci\u00f3n de Ecuador<\/a><\/strong> recibi\u00f3 un baldazo de agua fr\u00eda a d\u00edas de una nueva doble fecha de <strong><a href=\"https:\/\/www.ole.com.ar\/tema\/eliminatorias-sudamericanas.html\" title=\"Eliminatorias Sudamericanas\" alt=\"Eliminatorias Sudamericanas\" class=\"slug\">Eliminatorias Sudamericanas<\/a><\/strong> para el Mundial 2026: <strong>se lesion\u00f3 <a href=\"https:\/\/www.ole.com.ar\/tema\/enner-valencia.html\" title=\"Enner Valencia\" alt=\"Enner Valencia\" class=\"slug\">Enner Valencia<\/a><\/strong>. Superman <strong>fue titular en Internacional en el duelo ante Palmeiras y pidi\u00f3 el cambio a los 62 minutos luego de sentir una molestia en el posterior de la pierna derecha. <\/strong><\/p>\n<\/div>\n<div class=\"custom-text \" readability=\"37\">\n<p>La noche ya ven\u00eda complicada para el delantero, que no vio mucho el bal\u00f3n en el Colorado y la \u00fanica clara que tuvo se la sac\u00f3 Weverton con una atajada espectacular. La situaci\u00f3n era cr\u00edtica con un 0-2 en el marcador luego de que el Verdao lograra la ventaja gracias a los goles de Ze Rafael y Endrick, pero empeorar\u00eda de la forma menos pensada.<\/p>\n<\/div>\n<div class=\"custom-text \" readability=\"38\">\n<p>Superando apenas la hora de partido, la televisaci\u00f3n mostr\u00f3 a Superman tirado en el c\u00e9sped masaje\u00e1ndose la pierna derecha. Luego de la intervenci\u00f3n de los m\u00e9dicos, el atacante de 34 a\u00f1os se levant\u00f3 con dificultad y sali\u00f3 en carrito. Si bien no hay informaci\u00f3n oficial, todo indicar\u00eda que se trata de una lesi\u00f3n muscular.<\/p>\n<\/div>\n<div class=\"sc-e7b891c4-0 jPbnQF\"><img alt=\"Enner Valencia se retir\u00f3 lesionado en Inter.\" src=\"http:\/\/hoycordobaweb.com\/wp-content\/uploads\/2023\/11\/la-peor-noticia-se-lesiono-enner-valencia-2.jpg\" width=\"720\" height=\"100\" decoding=\"async\" data-nimg=\"future\" loading=\"lazy\"><span class=\"epigraphe\">Enner Valencia se retir\u00f3 lesionado en Inter.<\/span><\/div>\n<div class=\"custom-text \" readability=\"36\">\n<p>Una p\u00e9sima noticia para el club pero sobre todo para La Tri, que lo ten\u00eda como su principal arma de ataque en la lista de concentrados de F\u00e9lix S\u00e1nchez Bas para los duelos ante Venezuela y Chile, los pr\u00f3ximos 16 y 21 de noviembre.<\/p>\n<\/div>\n<p><h2><strong>Internacional: derrota y peligra la clasificaci\u00f3n a copas<\/strong><\/h2>\n<\/p>\n<div class=\"custom-text \" readability=\"35\">\n<p>La lesi\u00f3n de Enner Valencia no fue el \u00fanico dolor de cabeza para Internacional de Porto Alegre en esta noche negra de s\u00e1bado. <strong>Los dirigidos por Chacho Coudet no hicieron pie en su visita a Palmeiras y cayeron por 3 a 0 <\/strong>debido a los goles de Ze Rafael, Endrick y Rony Lopes.<\/p>\n<\/div>\n<div class=\"sc-e7b891c4-0 jPbnQF\"><img alt=\"Otro gol de Endrick para la victoria del Palmeiras.\" src=\"http:\/\/hoycordobaweb.com\/wp-content\/uploads\/2023\/11\/la-peor-noticia-se-lesiono-enner-valencia-3.jpg\" width=\"720\" height=\"100\" decoding=\"async\" data-nimg=\"future\" loading=\"lazy\"><span class=\"epigraphe\">Otro gol de Endrick para la victoria del Palmeiras.<\/span><\/div>\n<div class=\"custom-text \" readability=\"35.082317073171\">\n<p>Una dura derrota para el Colorado que <strong>se mantiene con 43 puntos en la 12\u00b0 posici\u00f3n, \u00faltima ubicaci\u00f3n que clasifica a la <a href=\"https:\/\/www.ole.com.ar\/tema\/copa-sudamericana.html\" title=\"Copa Sudamericana\" alt=\"Copa Sudamericana\" class=\"slug\">Copa Sudamericana<\/a>.<\/strong> No obstante, <strong>podr\u00eda ser superado por el Santos<\/strong> si es que consigue una victoria cuando reciba a Sao Paulo este domingo. Los de Porto Alegre recibir\u00e1n a Bragantino en la pr\u00f3xima fecha.<\/p>\n<\/div>\n<div class=\"custom-text \" readability=\"35\">\n<p> En tanto, Palmeiras se convirti\u00f3 en el nuevo l\u00edder del Brasileirao, a la espera de lo que suceda con Botafogo.<\/p>\n<\/div>\n<div class=\"sc-a7166897-0 exHLBh\" readability=\"6\">\n<section readability=\"2\"><picture><img alt=\"Universidad Cat\u00f3lica gan\u00f3 ag\u00f3nicamente y se asegur\u00f3 Copa Sudamericana\" src=\"http:\/\/hoycordobaweb.com\/wp-content\/uploads\/2023\/11\/la-peor-noticia-se-lesiono-enner-valencia-4.jpg\" width=\"290\" height=\"290\" decoding=\"async\" data-nimg=\"future\" loading=\"lazy\"><\/picture>\n<p><span>Mir\u00e1 tambi\u00e9n<\/span><\/p>\n<hr>\n<h3>Universidad Cat\u00f3lica gan\u00f3 ag\u00f3nicamente y se asegur\u00f3 Copa Sudamericana<\/h3>\n<\/p>\n<\/section>\n<\/div>\n<div class=\"sc-a7166897-0 exHLBh\" readability=\"6.5\">\n<section readability=\"3\"><picture><img alt=\"Posiciones de la LigaPro: es oficial, habr\u00e1 final \" src=\"http:\/\/hoycordobaweb.com\/wp-content\/uploads\/2023\/11\/la-peor-noticia-se-lesiono-enner-valencia-5.jpg\" width=\"290\" height=\"290\" decoding=\"async\" data-nimg=\"future\" loading=\"lazy\"><\/picture>\n<p><span>Mir\u00e1 tambi\u00e9n<\/span><\/p>\n<hr>\n<h3>Posiciones de la LigaPro: es oficial, habr\u00e1 final <\/h3>\n<\/p>\n<\/section>\n<\/div>\n<div class=\"sc-a7166897-0 exHLBh\" readability=\"6.5\">\n<section readability=\"3\"><picture><img alt=\"Alarma en La Tri: Jhoanner Ch\u00e1vez no pudo completar el partido de Independiente del Valle\" src=\"http:\/\/hoycordobaweb.com\/wp-content\/uploads\/2023\/11\/la-peor-noticia-se-lesiono-enner-valencia-6.jpg\" width=\"290\" height=\"290\" decoding=\"async\" data-nimg=\"future\" loading=\"lazy\"><\/picture>\n<p><span>Mir\u00e1 tambi\u00e9n<\/span><\/p>\n<hr>\n<h3>Alarma en La Tri: Jhoanner Ch\u00e1vez no pudo completar el partido de Independiente del Valle<\/h3>\n<\/p>\n<\/section>\n<\/div>\n<\/div>\n","protected":false},"excerpt":{"rendered":"<p>11\/11\/2023 22:29hs. Actualizado al 11\/11\/2023 22:55hs. La Selecci\u00f3n de Ecuador recibi\u00f3 un baldazo de agua fr\u00eda a d\u00edas de una nueva doble fecha de Eliminatorias Sudamericanas para el Mundial 2026: se lesion\u00f3 Enner Valencia. Superman fue titular en Internacional en el duelo ante Palmeiras y pidi\u00f3 el cambio a los 62 minutos luego de sentir [&hellip;]<\/p>\n","protected":false},"author":1,"featured_media":69574,"comment_status":"open","ping_status":"closed","sticky":false,"template":"","format":"standard","meta":[],"categories":[16],"tags":[],"_links":{"self":[{"href":"http:\/\/hoycordobaweb.com\/index.php\/wp-json\/wp\/v2\/posts\/69573"}],"collection":[{"href":"http:\/\/hoycordobaweb.com\/index.php\/wp-json\/wp\/v2\/posts"}],"about":[{"href":"http:\/\/hoycordobaweb.com\/index.php\/wp-json\/wp\/v2\/types\/post"}],"author":[{"embeddable":true,"href":"http:\/\/hoycordobaweb.com\/index.php\/wp-json\/wp\/v2\/users\/1"}],"replies":[{"embeddable":true,"href":"http:\/\/hoycordobaweb.com\/index.php\/wp-json\/wp\/v2\/comments?post=69573"}],"version-history":[{"count":0,"href":"http:\/\/hoycordobaweb.com\/index.php\/wp-json\/wp\/v2\/posts\/69573\/revisions"}],"wp:featuredmedia":[{"embeddable":true,"href":"http:\/\/hoycordobaweb.com\/index.php\/wp-json\/wp\/v2\/media\/69574"}],"wp:attachment":[{"href":"http:\/\/hoycordobaweb.com\/index.php\/wp-json\/wp\/v2\/media?parent=69573"}],"wp:term":[{"taxonomy":"category","embeddable":true,"href":"http:\/\/hoycordobaweb.com\/index.php\/wp-json\/wp\/v2\/categories?post=69573"},{"taxonomy":"post_tag","embeddable":true,"href":"http:\/\/hoycordobaweb.com\/index.php\/wp-json\/wp\/v2\/tags?post=69573"}],"curies":[{"name":"wp","href":"https:\/\/api.w.org\/{rel}","templated":true}]}}