{"id":69508,"date":"2023-11-10T22:54:00","date_gmt":"2023-11-10T22:54:00","guid":{"rendered":"http:\/\/hoycordobaweb.com\/index.php\/2023\/11\/10\/la-oms-alerto-ante-la-onu-que-el-sistema-de-salud-de-gaza-esta-de-rodillas\/"},"modified":"2023-11-10T22:54:00","modified_gmt":"2023-11-10T22:54:00","slug":"la-oms-alerto-ante-la-onu-que-el-sistema-de-salud-de-gaza-esta-de-rodillas","status":"publish","type":"post","link":"http:\/\/hoycordobaweb.com\/index.php\/2023\/11\/10\/la-oms-alerto-ante-la-onu-que-el-sistema-de-salud-de-gaza-esta-de-rodillas\/","title":{"rendered":"La OMS alert\u00f3 ante la ONU que el sistema de salud de Gaza est\u00e1 \u00abde rodillas\u00bb"},"content":{"rendered":"<p><img src=\"http:\/\/hoycordobaweb.com\/wp-content\/uploads\/2023\/11\/la-oms-alerto-ante-la-onu-que-el-sistema-de-salud-de-gaza-esta-de-rodillas.jpg\"><\/p>\n<figure class=\"mb-3\"><img loading=\"lazy\" data-src=\"http:\/\/hoycordobaweb.com\/wp-content\/uploads\/2023\/11\/la-oms-alerto-ante-la-onu-que-el-sistema-de-salud-de-gaza-esta-de-rodillas-2.jpg\" src=\"https:\/\/www.telam.com.ar\/assets\/img\/not_image.png\" class=\" lazy \" width=\"100%\" height=\"100%\" alt=\"Foto ONU \"><figcaption> Foto: ONU. <\/figcaption><\/figure>\n<p>El sistema de salud en la Franja de Gaza est\u00e1 \u00abde rodillas y la mitad de sus 36 hospitales no funcionan en absoluto\u00bb, advirti\u00f3 este viernes el director de la Organizaci\u00f3n Mundial de la Salud (OMS), Tedros Adhanom Ghebreyesus, ante el Consejo de Seguridad de la ONU.<\/p>\n<p>\u00abPasillos de hospitales atestados de heridos, enfermos y moribundos, morgues desbordadas, consultorios sin anestesia, decenas de miles de personas refugiadas en los hospitales\u00bb, describi\u00f3 el investigador et\u00edope de salud p\u00fablica.<\/p>\n<figure class=\"mb-3\"><img loading=\"lazy\" data-src=\"http:\/\/hoycordobaweb.com\/wp-content\/uploads\/2023\/11\/la-oms-alerto-ante-la-onu-que-el-sistema-de-salud-de-gaza-esta-de-rodillas-3.jpg\" src=\"https:\/\/www.telam.com.ar\/assets\/img\/not_image.png\" class=\" lazy \" width=\"100%\" height=\"100%\" alt=\"Foto AFP\"><figcaption> Foto: AFP. <\/figcaption><\/figure>\n<p>Tedros report\u00f3 \u00abm\u00e1s de 250 ataques\u00bb contra establecimientos sanitarios en Gaza y Cisjordania desde el inicio de la guerra el 7 de octubre, tras la ofensiva sin precedentes que lanz\u00f3 el grupo islamista palestino Hamas en Israel que dej\u00f3 1.200 muertos, seg\u00fan la correcci\u00f3n que hizo este viernes&nbsp; Israel de la anterior cifra de 1.400.<\/p>\n<p>\u00abVisit\u00e9 el hospital Al Shifa en Gaza cinco a\u00f1os atr\u00e1s, en 2018 e incluso entonces las condiciones para los trabajadores sanitarios eran extremadamente dif\u00edciles, pero ahora son imposibles\u00bb, alert\u00f3 el funcionario, citado por las agencias de noticias AFP y Europa Press.<\/p>\n<blockquote class><p>Tedros report\u00f3 \u00abm\u00e1s de 250 ataques\u00bb contra establecimientos sanitarios en Gaza y Cisjordania desde el inicio de la guerra el 7 de octubre, tras la ofensiva sin precedentes que lanz\u00f3 el grupo islamista palestino Hamas en Israel que dej\u00f3 1.200 muertos, seg\u00fan la correcci\u00f3n que hizo este viernes Israel de la anterior cifra de 1.400<\/p><\/blockquote>\n<p>La semana pasada se produjeron cinco ataques contra cinco hospitales en un solo d\u00eda, mientras que en las \u00faltimas 48 horas al menos cuatro quedaron fuera de servicio, agreg\u00f3.<\/p>\n<p>\u00abMientras hablamos, hay informaciones de que se est\u00e1n produciendo ataques en el hospital Al Shifa y en el de Rantisi\u00bb, ampli\u00f3.<\/p>\n<figure class=\"mb-3\"><img loading=\"lazy\" data-src=\"http:\/\/hoycordobaweb.com\/wp-content\/uploads\/2023\/11\/la-oms-alerto-ante-la-onu-que-el-sistema-de-salud-de-gaza-esta-de-rodillas-4.jpg\" src=\"https:\/\/www.telam.com.ar\/assets\/img\/not_image.png\" class=\" lazy \" width=\"100%\" height=\"100%\" alt=\"Foto AFP\"><figcaption> Foto: AFP. <\/figcaption><\/figure>\n<p>Por otro lado, vaticin\u00f3 que \u00ablas consecuencias para la salud mental\u00bb de los supervivientes y v\u00edctimas del conflicto armado \u00abperdurar\u00e1n durante mucho tiempo\u00bb.<\/p>\n<p>En el final de su alocuci\u00f3n, dijo sentirse \u00abpreocupado\u00bb por la salud y el bienestar de los 240 rehenes retenidos por Hamas en la Franja de Gaza, entre ellos una veintena de nacionalidad argentina, \u00abmuchos de los cuales son personas mayores, ni\u00f1os y personas con necesidades m\u00e9dicas urgentes\u00bb. <\/p>\n","protected":false},"excerpt":{"rendered":"<p>Foto: ONU. El sistema de salud en la Franja de Gaza est\u00e1 \u00abde rodillas y la mitad de sus 36 hospitales no funcionan en absoluto\u00bb, advirti\u00f3 este viernes el director de la Organizaci\u00f3n Mundial de la Salud (OMS), Tedros Adhanom Ghebreyesus, ante el Consejo de Seguridad de la ONU. \u00abPasillos de hospitales atestados de heridos, [&hellip;]<\/p>\n","protected":false},"author":1,"featured_media":69509,"comment_status":"open","ping_status":"closed","sticky":false,"template":"","format":"standard","meta":[],"categories":[24],"tags":[],"_links":{"self":[{"href":"http:\/\/hoycordobaweb.com\/index.php\/wp-json\/wp\/v2\/posts\/69508"}],"collection":[{"href":"http:\/\/hoycordobaweb.com\/index.php\/wp-json\/wp\/v2\/posts"}],"about":[{"href":"http:\/\/hoycordobaweb.com\/index.php\/wp-json\/wp\/v2\/types\/post"}],"author":[{"embeddable":true,"href":"http:\/\/hoycordobaweb.com\/index.php\/wp-json\/wp\/v2\/users\/1"}],"replies":[{"embeddable":true,"href":"http:\/\/hoycordobaweb.com\/index.php\/wp-json\/wp\/v2\/comments?post=69508"}],"version-history":[{"count":0,"href":"http:\/\/hoycordobaweb.com\/index.php\/wp-json\/wp\/v2\/posts\/69508\/revisions"}],"wp:featuredmedia":[{"embeddable":true,"href":"http:\/\/hoycordobaweb.com\/index.php\/wp-json\/wp\/v2\/media\/69509"}],"wp:attachment":[{"href":"http:\/\/hoycordobaweb.com\/index.php\/wp-json\/wp\/v2\/media?parent=69508"}],"wp:term":[{"taxonomy":"category","embeddable":true,"href":"http:\/\/hoycordobaweb.com\/index.php\/wp-json\/wp\/v2\/categories?post=69508"},{"taxonomy":"post_tag","embeddable":true,"href":"http:\/\/hoycordobaweb.com\/index.php\/wp-json\/wp\/v2\/tags?post=69508"}],"curies":[{"name":"wp","href":"https:\/\/api.w.org\/{rel}","templated":true}]}}