{"id":69479,"date":"2023-11-09T12:40:16","date_gmt":"2023-11-09T12:40:16","guid":{"rendered":"https:\/\/www.mujerhoy.com\/moda\/tendencias\/como-llevar-medias-rojas-looks-tendencia-temporada-20231109120844-nt.html"},"modified":"2023-11-09T12:40:16","modified_gmt":"2023-11-09T12:40:16","slug":"medias-rojas-el-manual-de-uso-para-llevar-con-buen-gusto-el-accesorio-inesperado-de-la-temporada","status":"publish","type":"post","link":"http:\/\/hoycordobaweb.com\/index.php\/2023\/11\/09\/medias-rojas-el-manual-de-uso-para-llevar-con-buen-gusto-el-accesorio-inesperado-de-la-temporada\/","title":{"rendered":"Medias rojas: el manual de uso para llevar con buen gusto el accesorio inesperado de la temporada"},"content":{"rendered":"<p><!-- AUTHOR --> <\/p>\n<div class=\"voc-author-timesocial \"> <!-- AUTHOR --> <\/p>\n<div class=\"voc-author-timesocial__signature\"> <!-- IMAGE AUTHOR --> <picture class=\"voc-image-signature\"> <img class=\"voc-image-signature__img\" src=\"http:\/\/hoycordobaweb.com\/wp-content\/uploads\/2023\/11\/medias-rojas-el-manual-de-uso-para-llevar-con-buen-gusto-el-accesorio-inesperado-de-la-temporada.jpg\" alt=\"Carla Dom\u00ednguez\"> <\/picture> <!-- INFO AUTHOR --> <\/div><\/div>\n<p> <!-- COMPONENTS --> <\/p>\n<p class=\"voc-paragraph\">Si hay un color que se ha convertido en tendencia de forma absoluta esta temporada es <a data-voc-vtm-id=\"in-text-traffic\" href=\"https:\/\/www.mujerhoy.com\/moda\/no-te-pierdas\/color-rojo-simbolo-suerte-triunfa-primavera-tendencia-20230409092311-nt.html\">el rojo<\/a>. Cualquier firma de moda ha incorporado en su nueva colecci\u00f3n alguna prenda en este tono tan llamativo y potente solo apto para las m\u00e1s atrevidas. <\/p>\n<p class=\"voc-paragraph\">Aunque no es un color nuevo. Algunas de las principales firmas, como Valentino, llevan a\u00f1os haciendo <a data-voc-vtm-id=\"in-text-traffic\" href=\"https:\/\/www.mujerhoy.com\/moda\/no-te-pierdas\/como-combinar-color-rojo-looks-favorecedores-todas-edades-20230928125300-nt.html\">una especial menci\u00f3n al rojo<\/a> en pr\u00e1cticamente todas sus propuestas tales como accesorios o prendas. Dir\u00edamos que es un color reconocido y que se relaciona desde siempre con la sofisticaci\u00f3n.\n<\/p>\n<p class=\"voc-paragraph\">Sin embargo, <strong>el rojo no es un color f\u00e1cil de llevar<\/strong>. Por eso, es normal que todav\u00eda te atrevas con este tono en pocas cantidades. Por ejemplo, lo hemos visto mucho en manicuras, o tambi\u00e9n a trav\u00e9s de labiales. Pero con la ropa, dir\u00edamos que todav\u00eda nos cuesta a\u00f1adirlo.\n<\/p>\n<p class=\"voc-paragraph\">Eso s\u00ed, parece que este a\u00f1o, le hemos querido dar una oportunidad al color rojo y se ha convertido en pocas semanas en uno de los protagonistas de la temporada. Lo ver\u00e1s por todas partes: <strong>desde abrigos de lana, pasando por jers\u00e9is de punto hasta accesorios como bolsos.<\/strong><\/p>\n<p class=\"voc-paragraph\">Tambi\u00e9n hemos visto que esta temporada se llevan las medias en color rojo. No es una tendencia nueva, ya que hace unos a\u00f1os vimos como algunas influencers y expertas en moda se atrev\u00edan a lucir estas medias en este tono tan potente en algunos looks.\n<\/p>\n<p class=\"voc-paragraph\">Recuerdo que hace a\u00f1os yo ca\u00ed y tambi\u00e9n me compr\u00e9 <strong>unas medias en rojo<\/strong>. Sin embargo, confieso que son dif\u00edciles de llevar. Eso s\u00ed, nunca es tarde para atreverse y parece que este a\u00f1o las medias en rojo si tendr\u00e1n un protagonismo mayor que en los \u00faltimos a\u00f1os.\n<\/p>\n<p><h3 class=\"voc-detail__title\"> C\u00f3mo combinar unas medias rojas<br \/>\n<\/h3>\n<\/p>\n<p class=\"voc-paragraph\">\u00bfPero c\u00f3mo combinarlas? Quiz\u00e1s es la parte m\u00e1s dif\u00edcil. Lo ideal para lucir este tipo de medias, <strong>es acudir a un color que no falla: el negro.<\/strong> Es un tono que combina a la perfecci\u00f3n con el rojo y con el que, seguramente, te sentir\u00e1s m\u00e1s c\u00f3moda.\n<\/p>\n<div class=\"voc-detail-photo-zoom\"> <picture data-toggle=\"modal\" data-target=\"#photoZoomModal-200\" target=\"modal\">\n<div class=\"voc-img-icon-link\"> <img loading=\"lazy\" data-original=\"\/\/static3.mujerhoy.com\/www\/multimedia\/202311\/07\/media\/cortadas\/influencer-medias-rojas-kC0G--650x900@MujerHoy.jpg\" class=\"lazy adsviu_analyse\" alt=\"Una influencer con medias rojas. Foto: @alesegurasanz\"> <noscript> <img src=\"http:\/\/hoycordobaweb.com\/wp-content\/uploads\/2023\/11\/medias-rojas-el-manual-de-uso-para-llevar-con-buen-gusto-el-accesorio-inesperado-de-la-temporada.webp\" alt=\"Una influencer con medias rojas. Foto: @alesegurasanz\"> <\/noscript> <i class=\"voc-icons zoom voc-multimedia-box voc-ico-l\"><\/i> <\/div><figcaption class=\"figure-caption\">Una influencer con medias rojas. Foto: @alesegurasanz<\/figcaption><\/picture>\n<\/div>\n<div id=\"photoZoomModal-200\" class=\"voc-lightbox modal fade voc-lightbox--photo-zoom\" role=\"dialog\" data-voc-photozoom-lightbox>\n<div class=\"voc-lightbox__dialog\" role=\"document\">\n<div class=\"voc-lightbox__content\"> <!-- Modal header --> <!-- Modal content --> <\/p>\n<div class=\"voc-lightbox__photo-container\"> <picture class> <img loading=\"lazy\" data-original=\"\/\/static3.mujerhoy.com\/www\/multimedia\/202311\/07\/media\/cortadas\/influencer-medias-rojas-kC0G--650x900@MujerHoy.jpg\" alt=\"Una influencer con medias rojas. Foto: @alesegurasanz\" class=\"lazy\"> <noscript> <img src=\"http:\/\/hoycordobaweb.com\/wp-content\/uploads\/2023\/11\/medias-rojas-el-manual-de-uso-para-llevar-con-buen-gusto-el-accesorio-inesperado-de-la-temporada.webp\" alt=\"Una influencer con medias rojas. Foto: @alesegurasanz\"> <\/noscript> <\/picture> <\/div><\/div><\/div>\n<\/div>\n<p class=\"voc-paragraph\">Muchos looks de <i>street style<\/i> o redes sociales, combina las medias rojas con estilismos en color negro. Puedes lucir, por ejemplo, un vestido negro acompa\u00f1ado de medias rojas, y <a data-voc-vtm-id=\"in-text-traffic\" href=\"https:\/\/www.mujerhoy.com\/moda\/no-te-pierdas\/mary-janes-zapatos-comodos-tendencia-merceditas-otono-2023-20230905131846-nt.html\">zapatos Mary Jane<\/a> es negro tambi\u00e9n. Estos zapatos son los que m\u00e1s ver\u00e1s acompa\u00f1ados de medias rojas.\n<\/p>\n<div class=\"voc-detail-photo-zoom\"> <picture data-toggle=\"modal\" data-target=\"#photoZoomModal-649\" target=\"modal\">\n<div class=\"voc-img-icon-link\"> <img loading=\"lazy\" data-original=\"\/\/static2.mujerhoy.com\/www\/multimedia\/202311\/07\/media\/cortadas\/como-lucir-medias-rojas-kC0G--650x900@MujerHoy.jpg\" class=\"lazy adsviu_analyse\" alt=\"Una modelo con medias rojas. Foto: Launchmetrics Spotlight\"> <noscript> <img src=\"http:\/\/hoycordobaweb.com\/wp-content\/uploads\/2023\/11\/medias-rojas-el-manual-de-uso-para-llevar-con-buen-gusto-el-accesorio-inesperado-de-la-temporada-1.webp\" alt=\"Una modelo con medias rojas. Foto: Launchmetrics Spotlight\"> <\/noscript> <i class=\"voc-icons zoom voc-multimedia-box voc-ico-l\"><\/i> <\/div><figcaption class=\"figure-caption\">Una modelo con medias rojas. Foto: Launchmetrics Spotlight<\/figcaption><\/picture>\n<\/div>\n<div id=\"photoZoomModal-649\" class=\"voc-lightbox modal fade voc-lightbox--photo-zoom\" role=\"dialog\" data-voc-photozoom-lightbox>\n<div class=\"voc-lightbox__dialog\" role=\"document\">\n<div class=\"voc-lightbox__content\"> <!-- Modal header --> <!-- Modal content --> <\/p>\n<div class=\"voc-lightbox__photo-container\"> <picture class> <img loading=\"lazy\" data-original=\"\/\/static2.mujerhoy.com\/www\/multimedia\/202311\/07\/media\/cortadas\/como-lucir-medias-rojas-kC0G--650x900@MujerHoy.jpg\" alt=\"Una modelo con medias rojas. Foto: Launchmetrics Spotlight\" class=\"lazy\"> <noscript> <img src=\"http:\/\/hoycordobaweb.com\/wp-content\/uploads\/2023\/11\/medias-rojas-el-manual-de-uso-para-llevar-con-buen-gusto-el-accesorio-inesperado-de-la-temporada-1.webp\" alt=\"Una modelo con medias rojas. Foto: Launchmetrics Spotlight\"> <\/noscript> <\/picture> <\/div><\/div><\/div>\n<\/div>\n<p class=\"voc-paragraph\">Otra idea es arriesgar un poco m\u00e1s y en lugar de a\u00f1adir unos zapatos en negro, incorporar otros en color rojo tambi\u00e9n. Es un toque m\u00e1s arriesgado, pero tambi\u00e9n divertido. \u00bfTe animar\u00edas esta temporada a sumarte a las famosas medias rojas?\n<\/p>\n<p> <!-- TOPICS --> <\/p>\n","protected":false},"excerpt":{"rendered":"<p>Si hay un color que se ha convertido en tendencia de forma absoluta esta temporada es el rojo. Cualquier firma de moda ha incorporado en su nueva colecci\u00f3n alguna prenda en este tono tan llamativo y potente solo apto para las m\u00e1s atrevidas. Aunque no es un color nuevo. Algunas de las principales firmas, como [&hellip;]<\/p>\n","protected":false},"author":1,"featured_media":69480,"comment_status":"closed","ping_status":"closed","sticky":false,"template":"","format":"standard","meta":[],"categories":[1],"tags":[],"_links":{"self":[{"href":"http:\/\/hoycordobaweb.com\/index.php\/wp-json\/wp\/v2\/posts\/69479"}],"collection":[{"href":"http:\/\/hoycordobaweb.com\/index.php\/wp-json\/wp\/v2\/posts"}],"about":[{"href":"http:\/\/hoycordobaweb.com\/index.php\/wp-json\/wp\/v2\/types\/post"}],"author":[{"embeddable":true,"href":"http:\/\/hoycordobaweb.com\/index.php\/wp-json\/wp\/v2\/users\/1"}],"replies":[{"embeddable":true,"href":"http:\/\/hoycordobaweb.com\/index.php\/wp-json\/wp\/v2\/comments?post=69479"}],"version-history":[{"count":0,"href":"http:\/\/hoycordobaweb.com\/index.php\/wp-json\/wp\/v2\/posts\/69479\/revisions"}],"wp:featuredmedia":[{"embeddable":true,"href":"http:\/\/hoycordobaweb.com\/index.php\/wp-json\/wp\/v2\/media\/69480"}],"wp:attachment":[{"href":"http:\/\/hoycordobaweb.com\/index.php\/wp-json\/wp\/v2\/media?parent=69479"}],"wp:term":[{"taxonomy":"category","embeddable":true,"href":"http:\/\/hoycordobaweb.com\/index.php\/wp-json\/wp\/v2\/categories?post=69479"},{"taxonomy":"post_tag","embeddable":true,"href":"http:\/\/hoycordobaweb.com\/index.php\/wp-json\/wp\/v2\/tags?post=69479"}],"curies":[{"name":"wp","href":"https:\/\/api.w.org\/{rel}","templated":true}]}}