{"id":69457,"date":"2023-11-09T22:09:00","date_gmt":"2023-11-09T22:09:00","guid":{"rendered":"http:\/\/hoycordobaweb.com\/index.php\/2023\/11\/09\/una-conferencia-de-ayuda-humanitaria-para-gaza-logro-compromisos-por-millones-de-dolares\/"},"modified":"2023-11-09T22:09:00","modified_gmt":"2023-11-09T22:09:00","slug":"una-conferencia-de-ayuda-humanitaria-para-gaza-logro-compromisos-por-millones-de-dolares","status":"publish","type":"post","link":"http:\/\/hoycordobaweb.com\/index.php\/2023\/11\/09\/una-conferencia-de-ayuda-humanitaria-para-gaza-logro-compromisos-por-millones-de-dolares\/","title":{"rendered":"Una conferencia de ayuda humanitaria para Gaza logr\u00f3 compromisos por millones de d\u00f3lares"},"content":{"rendered":"<p><img src=\"http:\/\/hoycordobaweb.com\/wp-content\/uploads\/2023\/11\/una-conferencia-de-ayuda-humanitaria-para-gaza-logro-compromisos-por-millones-de-dolares.jpg\"><\/p>\n<figure class=\"mb-3\"><img loading=\"lazy\" data-src=\"http:\/\/hoycordobaweb.com\/wp-content\/uploads\/2023\/11\/una-conferencia-de-ayuda-humanitaria-para-gaza-logro-compromisos-por-millones-de-dolares-2.jpg\" src=\"https:\/\/www.telam.com.ar\/assets\/img\/not_image.png\" class=\" lazy \" width=\"100%\" height=\"100%\" alt=\"La conferencia se realiz en Pars Foto AFP\"><figcaption> La conferencia se realiz\u00f3 en Par\u00eds. Foto: AFP <\/figcaption><\/figure>\n<p>La conferencia de ayuda humanitaria para la Franja de Gaza celebrada este jueves en Par\u00eds logr\u00f3 compromisos de nuevos aportes por m\u00e1s de 1.000 millones de d\u00f3lares, entre llamados al cese del fuego para el enclave palestino, aunque cerr\u00f3 sin declaraci\u00f3n final y estuvo marcada por la ausencia de representantes israel\u00edes y pocos delegados de naciones \u00e1rabes.<\/p>\n<p>La conferencia buscaba reunir a los principales donantes y acelerar la ayuda humanitaria con alimentos, energ\u00eda y equipos m\u00e9dicos para Gaza.<\/p>\n<p>As\u00ed, <strong>los organizadores anunciaron que se contrajeron compromisos por m\u00e1s de 1.070 millones de d\u00f3lares, <\/strong>aunque precisaron que estos pueden incluir, seg\u00fan los casos, contribuciones ya anunciadas desde el 7 de octubre, seg\u00fan la agencia de noticias AFP.<\/p>\n<p>Por su parte<strong>, la ONU estim\u00f3 que se necesitar\u00e1n 1.200 millones de d\u00f3lares de ayuda para las poblaciones de Gaza y Cisjordania<\/strong> de aqu\u00ed a fin de a\u00f1o, y alert\u00f3 sobre una<strong> \u00absituaci\u00f3n humanitaria desastrosa\u00bb<\/strong> en el norte del territorio gazat\u00ed.<\/p>\n<p>La conferencia, en la que no hubo representantes de alto nivel salvo algunos mandatarios europeos y el primer ministro de la Autoridad Palestina, Mohammed Shtayyeh, estuvo marcada tambi\u00e9n por los llamados a un cese del fuego.<\/p>\n<p><strong>\u00abEn lo inmediato tenemos que trabajar para proteger a los civiles; esto requiere una pausa humanitaria muy r\u00e1pida y tenemos que trabajar para lograr un alto el fuego\u00bb, declar\u00f3 el presidente de Francia, <\/strong>Emmanuel Macron.<\/p>\n<p>El mandatario subray\u00f3 el derecho de Israel a defenderse, pero \u00abrespetando el derecho internacional y protegiendo a los civiles\u00bb gazat\u00edes.<\/p>\n<figure class=\"mb-3\"><img loading=\"lazy\" data-src=\"http:\/\/hoycordobaweb.com\/wp-content\/uploads\/2023\/11\/una-conferencia-de-ayuda-humanitaria-para-gaza-logro-compromisos-por-millones-de-dolares-3.jpg\" src=\"https:\/\/www.telam.com.ar\/assets\/img\/not_image.png\" class=\" lazy \" width=\"100%\" height=\"100%\" alt=\"Segn la ONU la situacin humanitaria desastrosa en el norte del territorio gazat\"><figcaption> Seg\u00fan la ONU, la \u00absituaci\u00f3n humanitaria desastrosa\u00bb en el norte del territorio gazat\u00ed. <\/figcaption><\/figure>\n<p>Macron tambi\u00e9n expres\u00f3 su confianza en la Autoridad Nacional Palestina (ANP), \u00abla \u00fanica leg\u00edtima para representar al pueblo palestino y su causa\u00bb.<\/p>\n<p><strong>\u00ab\u00bfCu\u00e1ntos palestinos tienen que morir para que termine la guerra?\u00bb, dijo, por su parte, Shtayyeh<\/strong>, quien enumer\u00f3 las necesidades, que van desde curar a los heridos hasta el suministro de agua, electricidad y medicamentos.<\/p>\n<p>En tanto, el representante de<strong> Brasil, el exministro Celso Amorim, abog\u00f3 por un \u00abcese del fuego\u00bb y estim\u00f3 que la muerte de miles de ni\u00f1os en bombardeos israel\u00edes hace pensar en un \u00abgenocidio\u00bb.<\/strong><\/p>\n<p>\u00abReitero la condena de Brasil a los ataques terroristas contra el pueblo israel\u00ed y la toma de rehenes; sin embargo, esos actos b\u00e1rbaros no justifican el uso indiscriminado de la fuerza contra civiles\u00bb, afirm\u00f3 Amorim.<\/p>\n<p><strong>Amorim consider\u00f3 que la situaci\u00f3n actual forma parte de \u00abun conflicto m\u00e1s amplio que ya dura 75 a\u00f1os\u00bb y cuya soluci\u00f3n, en su opini\u00f3n, es \u00abel reconocimiento de un Estado palestino viable\u00bb<\/strong> junto a Israel \u00abcon fronteras seguras y aceptadas\u00bb por ambos.<\/p>\n<p>Israel no particip\u00f3 de la conferencia, aunque Macron acord\u00f3 con el primer ministro israel\u00ed, Benjamin Netanyahu, relatarle parte del evento en una conversaci\u00f3n telef\u00f3nica al t\u00e9rmino de la reuni\u00f3n, seg\u00fan la Presidencia francesa.<\/p>\n<p>S\u00ed particip\u00f3 el secretario general adjunto de Asuntos Humanitarios de Naciones Unidas, Martin Griffiths, que dijo que el organismo \u00abno puede contribuir\u00bb al desplazamiento forzado de gazat\u00edes hacia el sur de la Franja de Gaza, en referencia a los corredores abiertos los \u00faltimos dos d\u00edas para evacuarlos hacia el norte.<\/p>\n<p>\u00abEn nombre de la comunidad humanitaria a la que represento, puedo decirles que existen preocupaciones por la seguridad de los civiles en las denominadas zonas seguras si no hay acuerdo entre todas las partes sobre su establecimiento\u00bb, expres\u00f3.<\/p>\n<p>\u00abPreocupa que no existan condiciones satisfactorias en ninguna parte de Gaza para garantizar un refugio, alimentos, agua, saneamiento y salud adecuados\u00bb, continu\u00f3 Griffiths.<\/p>\n<p>La reuni\u00f3n no produjo una declaraci\u00f3n final.<\/p>\n<p>Bajo este contexto, una decena de ONGs expresaron su descontento en una conferencia de prensa conjunta tras la conferencia.<\/p>\n<p><strong>\u00abEstamos bastante decepcionados porque no hubo consenso sobre un cese del fuego inmediato; m\u00e1s all\u00e1 de la ayuda movilizada, el reto es hacerla entrar en Gaza\u00bb, estim\u00f3 Jean-Fran\u00e7ois Corty, de M\u00e9dicos del Mundo.<\/strong><\/p>\n<p>Aunque los llamados a \u00abpausas\u00bb humanitarias aumentaron en las \u00faltimas semanas, Netanyahu asegur\u00f3 que mantendr\u00e1 su ofensiva si Hamas no libera a los rehenes.<\/p>\n<p>Israel lanz\u00f3 una campa\u00f1a de bombardeos en Gaza el 7 de octubre en respuesta al ataque de Hamas que mat\u00f3 a m\u00e1s de 1.400 personas, en su mayor\u00eda civiles, en suelo israel\u00ed, y secuestr\u00f3 a otras 240, entre ellas una veintena con nacionalidad argentina<\/p>\n<p>M\u00e1s de 10.800 personas, entre ellas m\u00e1s de 4.400 ni\u00f1os, murieron bajo las bombas israel\u00edes en Gaza. <\/p>\n","protected":false},"excerpt":{"rendered":"<p>La conferencia se realiz\u00f3 en Par\u00eds. Foto: AFP La conferencia de ayuda humanitaria para la Franja de Gaza celebrada este jueves en Par\u00eds logr\u00f3 compromisos de nuevos aportes por m\u00e1s de 1.000 millones de d\u00f3lares, entre llamados al cese del fuego para el enclave palestino, aunque cerr\u00f3 sin declaraci\u00f3n final y estuvo marcada por la [&hellip;]<\/p>\n","protected":false},"author":1,"featured_media":69458,"comment_status":"open","ping_status":"closed","sticky":false,"template":"","format":"standard","meta":[],"categories":[24],"tags":[],"_links":{"self":[{"href":"http:\/\/hoycordobaweb.com\/index.php\/wp-json\/wp\/v2\/posts\/69457"}],"collection":[{"href":"http:\/\/hoycordobaweb.com\/index.php\/wp-json\/wp\/v2\/posts"}],"about":[{"href":"http:\/\/hoycordobaweb.com\/index.php\/wp-json\/wp\/v2\/types\/post"}],"author":[{"embeddable":true,"href":"http:\/\/hoycordobaweb.com\/index.php\/wp-json\/wp\/v2\/users\/1"}],"replies":[{"embeddable":true,"href":"http:\/\/hoycordobaweb.com\/index.php\/wp-json\/wp\/v2\/comments?post=69457"}],"version-history":[{"count":0,"href":"http:\/\/hoycordobaweb.com\/index.php\/wp-json\/wp\/v2\/posts\/69457\/revisions"}],"wp:featuredmedia":[{"embeddable":true,"href":"http:\/\/hoycordobaweb.com\/index.php\/wp-json\/wp\/v2\/media\/69458"}],"wp:attachment":[{"href":"http:\/\/hoycordobaweb.com\/index.php\/wp-json\/wp\/v2\/media?parent=69457"}],"wp:term":[{"taxonomy":"category","embeddable":true,"href":"http:\/\/hoycordobaweb.com\/index.php\/wp-json\/wp\/v2\/categories?post=69457"},{"taxonomy":"post_tag","embeddable":true,"href":"http:\/\/hoycordobaweb.com\/index.php\/wp-json\/wp\/v2\/tags?post=69457"}],"curies":[{"name":"wp","href":"https:\/\/api.w.org\/{rel}","templated":true}]}}