{"id":69389,"date":"2023-11-08T03:07:00","date_gmt":"2023-11-08T03:07:00","guid":{"rendered":"http:\/\/hoycordobaweb.com\/index.php\/2023\/11\/08\/boric-recibio-a-pena-y-acordaron-relanzar-las-relaciones-bilaterales\/"},"modified":"2023-11-08T03:07:00","modified_gmt":"2023-11-08T03:07:00","slug":"boric-recibio-a-pena-y-acordaron-relanzar-las-relaciones-bilaterales","status":"publish","type":"post","link":"http:\/\/hoycordobaweb.com\/index.php\/2023\/11\/08\/boric-recibio-a-pena-y-acordaron-relanzar-las-relaciones-bilaterales\/","title":{"rendered":"Boric recibi\u00f3 a Pe\u00f1a y acordaron \u00abrelanzar\u00bb las relaciones bilaterales"},"content":{"rendered":"<p><img src=\"http:\/\/hoycordobaweb.com\/wp-content\/uploads\/2023\/11\/boric-recibio-a-pena-y-acordaron-relanzar-las-relaciones-bilaterales.jpg\"><\/p>\n<figure class=\"mb-3\"><img loading=\"lazy\" data-src=\"http:\/\/hoycordobaweb.com\/wp-content\/uploads\/2023\/11\/boric-recibio-a-pena-y-acordaron-relanzar-las-relaciones-bilaterales-2.jpg\" src=\"https:\/\/www.telam.com.ar\/assets\/img\/not_image.png\" class=\" lazy \" width=\"100%\" height=\"100%\" alt=\"Los presidentes de Paraguay Santiago Pea y de Chile Gabriel Boric Foto X SantiPenap\"><figcaption> Los presidentes de Paraguay, Santiago Pe\u00f1a, y de Chile, Gabriel Boric \/ Foto X @SantiPenap. <\/figcaption><\/figure>\n<p>Los presidentes de Chile, Gabriel Boric, y de Paraguay, Santiago Pe\u00f1a, se reunieron este martes, en una de las actividades centrales del paso del mandatario paraguayo por Santiago, donde insisti\u00f3 en una conferencia en la Cepal que su pa\u00eds est\u00e1 \u201ccomprometido con el libre comercio y una econom\u00eda verde y sostenible\u201d.<\/p>\n<p>\u00abVengo a relanzar la relaci\u00f3n entre Chile y Paraguay, que nos va a permitir liderar esta integraci\u00f3n regional. Veo un camino com\u00fan en el que no quiero mirar a la derecha o a la izquierda, sino mirar para adelante\u00bb, dijo Pe\u00f1a en una declaraci\u00f3n conjunta con Boric en el Palacio de la Moneda.<\/p>\n<p>A su turno, Boric dijo que <strong>comparte con Pe\u00f1a valores como el respeto a la democracia y los derechos humanos<\/strong>, y el deseo de que la integraci\u00f3n no sea una cuesti\u00f3n ret\u00f3rica.<\/p>\n<p>Destac\u00f3 adem\u00e1s la coincidencia en que <strong>Am\u00e9rica Latina \u201cdebe tener una voz com\u00fan m\u00e1s all\u00e1 de las diferencias ideol\u00f3gicas\u00bb<\/strong>, y valor\u00f3 las m\u00faltiples oportunidades que se abren para los dos pa\u00edses en esta nueva etapa de sus relaciones, establecidas hace 180 a\u00f1os.<\/p>\n<p>\u00abLes pido que nos juzguen por nuestros resultados; no me cabe duda que poder sacar adelante cuestiones que van a ir en directo beneficio de nuestro pueblo\u00bb, asegur\u00f3 Boric, al referirse a asuntos como el <strong>Corredor Bioce\u00e1nico<\/strong> y la actualizaci\u00f3n del <strong>Tratado de Libre Comercio<\/strong>.<\/p>\n<p>Pe\u00f1a est\u00e1 desde el lunes en Chile, en visita junto a varios de sus ministros.<\/p>\n<p>\u201cMe reun\u00ed con Gabriel Boric, presidente de la Rep\u00fablica de Chile. Conversamos sobre el fortalecimiento de nuestras relaciones y el trabajo conjunto para beneficio de nuestros pueblos\u201d, rese\u00f1\u00f3 en su cuenta de la red X (antes Twitter).<\/p>\n<blockquote class=\"twitter-tweet\" readability=\"5.864768683274\">\n<p lang=\"es\" dir=\"ltr\">Me reun\u00ed con <a href=\"https:\/\/twitter.com\/GabrielBoric?ref_src=twsrc%5Etfw\">@GabrielBoric<\/a>, presidente de la Rep\u00fablica de Chile. Conversamos sobre el fortalecimiento de nuestras relaciones y el trabajo conjunto para beneficio de nuestros pueblos. <a href=\"https:\/\/twitter.com\/hashtag\/GobiernoDelParaguay?src=hash&amp;ref_src=twsrc%5Etfw\">#GobiernoDelParaguay<\/a> <a href=\"https:\/\/t.co\/HayR2F4mO3\">pic.twitter.com\/HayR2F4mO3<\/a><\/p>\n<p>\u2014 Santiago Pe\u00f1a (@SantiPenap) <a href=\"https:\/\/twitter.com\/SantiPenap\/status\/1721999978845868127?ref_src=twsrc%5Etfw\">November 7, 2023<\/a><\/p><\/blockquote>\n<p>Antes, el presidente paraguayo dio una conferencia en la sede de la Comisi\u00f3n Econ\u00f3mica para Am\u00e9rica Latina (Cepal), donde <strong>resalt\u00f3 el rol de la entidad y su aporte \u201cpara impulsar un comercio inclusivo y reducir las desigualdades de g\u00e9nero en la regi\u00f3n\u201d<\/strong>.<\/p>\n<p>Volvi\u00f3 a presentar a <strong>Paraguay como \u201cuno de los pa\u00edses m\u00e1s abiertos para el comercio\u201d<\/strong> y ponder\u00f3 su potencial \u201cpara la producci\u00f3n de energ\u00eda sostenible\u201d.<\/p>\n<p>\u201cPara los pa\u00edses en desarrollo el comercio exterior es clave para la generaci\u00f3n de empleo y prosperidad, por lo que consideramos inaceptables medidas proteccionistas como barreras arancelarias y no arancelarias que muchos pa\u00edses hoy siguen aplicando\u201d, dijo Pe\u00f1a, y reclam\u00f3 que el comercio \u201cno est\u00e9 subordinado a intereses geopol\u00edticos mezquinos\u201d.<\/p>\n<blockquote class><p>Para los pa\u00edses en desarrollo el comercio exterior es clave para la generaci\u00f3n de empleo y prosperidad, por lo que consideramos inaceptables medidas proteccionistas como barreras arancelarias y no arancelarias que muchos pa\u00edses hoy siguen aplicando\u201d<cite class=\"author\">Santiago pe\u00f1a, presidente de paraguay<\/cite><\/p><\/blockquote>\n<p>El jefe del Estado manifest\u00f3 que su objetivo es <strong>impulsar la producci\u00f3n de hidr\u00f3geno verde<\/strong> y convertir al pa\u00eds en \u201cun hub log\u00edstico para la producci\u00f3n a gran escala y a precios competitivos\u00bb, seg\u00fan la agencia estatal paraguaya de noticias IP.<\/p>\n<p>\u201cLa preocupaci\u00f3n real y com\u00fan que tenemos sobre el medio ambiente no debe verse empa\u00f1ada por medidas cuyos objetivos sean distintos a los de su protecci\u00f3n, convirti\u00e9ndose en medidas comerciales que se vuelven en restricciones econ\u00f3micas injustas y discriminatorias que generan descontento e incertidumbre en los pa\u00edses en desarrollo\u201d, expres\u00f3, y <strong>lament\u00f3 que no se hayan cumplido con principios fundamentales del Acuerdo de Par\u00eds<\/strong>, como \u201cresponsabilidades compartidas pero diferenciadas\u201d.<\/p>\n<p>En este segundo d\u00eda de visita, Pe\u00f1a almorz\u00f3 con empresarios de la C\u00e1mara Chilena de la Construcci\u00f3n, coloc\u00f3 una ofrenda floral al monumento del Libertador Bernardo O\u2019Higgins, y mantuvo encuentros con el gobernador de Tarapac\u00e1, Jos\u00e9 Miguel Carvajal, y el alcalde de Iquique, Mauricio Soria. <\/p>\n","protected":false},"excerpt":{"rendered":"<p>Los presidentes de Paraguay, Santiago Pe\u00f1a, y de Chile, Gabriel Boric \/ Foto X @SantiPenap. Los presidentes de Chile, Gabriel Boric, y de Paraguay, Santiago Pe\u00f1a, se reunieron este martes, en una de las actividades centrales del paso del mandatario paraguayo por Santiago, donde insisti\u00f3 en una conferencia en la Cepal que su pa\u00eds est\u00e1 [&hellip;]<\/p>\n","protected":false},"author":1,"featured_media":69390,"comment_status":"open","ping_status":"closed","sticky":false,"template":"","format":"standard","meta":[],"categories":[19],"tags":[],"_links":{"self":[{"href":"http:\/\/hoycordobaweb.com\/index.php\/wp-json\/wp\/v2\/posts\/69389"}],"collection":[{"href":"http:\/\/hoycordobaweb.com\/index.php\/wp-json\/wp\/v2\/posts"}],"about":[{"href":"http:\/\/hoycordobaweb.com\/index.php\/wp-json\/wp\/v2\/types\/post"}],"author":[{"embeddable":true,"href":"http:\/\/hoycordobaweb.com\/index.php\/wp-json\/wp\/v2\/users\/1"}],"replies":[{"embeddable":true,"href":"http:\/\/hoycordobaweb.com\/index.php\/wp-json\/wp\/v2\/comments?post=69389"}],"version-history":[{"count":0,"href":"http:\/\/hoycordobaweb.com\/index.php\/wp-json\/wp\/v2\/posts\/69389\/revisions"}],"wp:featuredmedia":[{"embeddable":true,"href":"http:\/\/hoycordobaweb.com\/index.php\/wp-json\/wp\/v2\/media\/69390"}],"wp:attachment":[{"href":"http:\/\/hoycordobaweb.com\/index.php\/wp-json\/wp\/v2\/media?parent=69389"}],"wp:term":[{"taxonomy":"category","embeddable":true,"href":"http:\/\/hoycordobaweb.com\/index.php\/wp-json\/wp\/v2\/categories?post=69389"},{"taxonomy":"post_tag","embeddable":true,"href":"http:\/\/hoycordobaweb.com\/index.php\/wp-json\/wp\/v2\/tags?post=69389"}],"curies":[{"name":"wp","href":"https:\/\/api.w.org\/{rel}","templated":true}]}}