{"id":69379,"date":"2023-11-08T06:13:28","date_gmt":"2023-11-08T06:13:28","guid":{"rendered":"https:\/\/www.mujerhoy.com\/moda\/no-te-pierdas\/novedades-sfera-vestidos-basicos-baratos-frio-noviembre-2023-20231108014535-nt.html"},"modified":"2023-11-08T06:13:28","modified_gmt":"2023-11-08T06:13:28","slug":"las-novedades-de-sfera-para-hoy-vestidos-botines-y-otras-propuestas-para-los-dias-de-invierno","status":"publish","type":"post","link":"http:\/\/hoycordobaweb.com\/index.php\/2023\/11\/08\/las-novedades-de-sfera-para-hoy-vestidos-botines-y-otras-propuestas-para-los-dias-de-invierno\/","title":{"rendered":"Las novedades de Sfera para hoy: vestidos, botines y otras propuestas para los d\u00edas de invierno"},"content":{"rendered":"<p><!-- AUTHOR --> <\/p>\n<div class=\"voc-author-timesocial \"> <!-- AUTHOR --> <\/p>\n<div class=\"voc-author-timesocial__signature\"> <!-- IMAGE AUTHOR --> <picture class=\"voc-image-signature\"> <img class=\"voc-image-signature__img\" src=\"http:\/\/hoycordobaweb.com\/wp-content\/uploads\/2023\/11\/las-novedades-de-sfera-para-hoy-vestidos-botines-y-otras-propuestas-para-los-dias-de-invierno.jpg\" alt=\"Gemma Cano\"> <\/picture> <!-- INFO AUTHOR --> <\/p>\n<div class=\"voc-author-timesocial__info\">\n<div class=\"voc-author-info\"> <author> <a title=\"GEMMA CANO\" href=\"https:\/\/www.mujerhoy.com\/autor\/gemma-cano-1220.html\" class=\"voc-author\">GEMMA CANO <\/a> <\/author> <time datetime=\"2023-11-08T06:13:28Z\" data-timestamp>Publicado \u00b7 <span data-voc-date-modified-short>8 de noviembre de 2023, 07:13 h<\/span><\/time> <\/div><\/div><\/div><\/div>\n<p> <!-- COMPONENTS --> <\/p>\n<p class=\"voc-paragraph\">Con la ca\u00edda en picado de las temperaturas ha llegado el momento de empezar a hablar de la <a data-voc-vtm-id=\"in-text-traffic\" href=\"https:\/\/www.mujerhoy.com\/moda\/no-te-pierdas\/novedades-zara-recien-llegado-tienda-basicos-verano-vestidos-agotados-20230523005556-nt.html\">nueva temporada de invierno<\/a>. Aunque oficialmente todav\u00eda no hemos estrenado la nueva estaci\u00f3n, los term\u00f3metros nos invitan a cambiar de rumbo. Una vez m\u00e1s, el calendario de la moda sigue siempre su propio ritmo y <strong>las novedades de la \u00faltima semana se han vuelto totalmente invernales<\/strong>.\n<\/p>\n<p class=\"voc-paragraph\">\u00bf<br \/>\n<a data-voc-vtm-id=\"in-text-traffic\" href=\"https:\/\/www.mujerhoy.com\/moda\/no-te-pierdas\/nuevo-mango-basicos-verano-estampados-vestidos-midi-20230522004142-nt.html\">Qu\u00e9 hay de nuevo<\/a> en Sfera? Elegantes vestidos con estampado de flores para llevar en la recta final del a\u00f1o, prendas de punto con flores en relieve, accesorios metalizados, bolsos acolchados para lucir en cualquier momento y muchas otras novedades, que <strong>llevar\u00e1s sin parar los d\u00edas m\u00e1s fr\u00edos del a\u00f1o<\/strong>.\n<\/p>\n<div class=\"voc-detail-photo-zoom\"> <picture data-toggle=\"modal\" data-target=\"#photoZoomModal-318\" target=\"modal\">\n<div class=\"voc-img-icon-link\"> <img loading=\"lazy\" data-original=\"\/\/static2.mujerhoy.com\/www\/multimedia\/202311\/08\/media\/cortadas\/blusa-sfera-estampado-nuevo-zara-kkyD--460x637@MujerHoy.jpg\" class=\"lazy adsviu_analyse\" alt=\"Blusa con estampado de lunares de Sfera (25,99 euros)\"> <noscript> <img src=\"http:\/\/hoycordobaweb.com\/wp-content\/uploads\/2023\/11\/las-novedades-de-sfera-para-hoy-vestidos-botines-y-otras-propuestas-para-los-dias-de-invierno.webp\" alt=\"Blusa con estampado de lunares de Sfera (25,99 euros)\"> <\/noscript> <i class=\"voc-icons zoom voc-multimedia-box voc-ico-l\"><\/i> <\/div><figcaption class=\"figure-caption\">Blusa con estampado de lunares de Sfera (25,99 euros)<\/figcaption><\/picture>\n<\/div>\n<div id=\"photoZoomModal-318\" class=\"voc-lightbox modal fade voc-lightbox--photo-zoom\" role=\"dialog\" data-voc-photozoom-lightbox>\n<div class=\"voc-lightbox__dialog\" role=\"document\">\n<div class=\"voc-lightbox__content\"> <!-- Modal header --> <!-- Modal content --> <\/p>\n<div class=\"voc-lightbox__photo-container\"> <picture class> <img loading=\"lazy\" data-original=\"\/\/static2.mujerhoy.com\/www\/multimedia\/202311\/08\/media\/cortadas\/blusa-sfera-estampado-nuevo-zara-kkyD--460x637@MujerHoy.jpg\" alt=\"Blusa con estampado de lunares de Sfera (25,99 euros)\" class=\"lazy\"> <noscript> <img src=\"http:\/\/hoycordobaweb.com\/wp-content\/uploads\/2023\/11\/las-novedades-de-sfera-para-hoy-vestidos-botines-y-otras-propuestas-para-los-dias-de-invierno.webp\" alt=\"Blusa con estampado de lunares de Sfera (25,99 euros)\"> <\/noscript> <\/picture> <\/div><\/div><\/div>\n<\/div>\n<p><h3 class=\"voc-detail__title\"> Blusa con estampado de lunares de Sfera (25,99 euros)<br \/>\n<\/h3>\n<\/p>\n<p class=\"voc-paragraph\">Si quieres a\u00f1adir una prenda estampada a tu colecci\u00f3n de oto\u00f1o, apuesta por esta camisa con lazada.\n<\/p>\n<div class=\"voc-detail-photo-zoom\"> <picture data-toggle=\"modal\" data-target=\"#photoZoomModal-512\" target=\"modal\">\n<div class=\"voc-img-icon-link\"> <img loading=\"lazy\" data-original=\"\/\/static.mujerhoy.com\/www\/multimedia\/202311\/08\/media\/cortadas\/abrigo-sfera-estampado-nuevo-zara-kkyD--460x637@MujerHoy.jpg\" class=\"lazy adsviu_analyse\" alt=\"Abrigo largo de Sfera (89,95 euros)\"> <noscript> <img src=\"http:\/\/hoycordobaweb.com\/wp-content\/uploads\/2023\/11\/las-novedades-de-sfera-para-hoy-vestidos-botines-y-otras-propuestas-para-los-dias-de-invierno-1.webp\" alt=\"Abrigo largo de Sfera (89,95 euros)\"> <\/noscript> <i class=\"voc-icons zoom voc-multimedia-box voc-ico-l\"><\/i> <\/div><figcaption class=\"figure-caption\">Abrigo largo de Sfera (89,95 euros)<\/figcaption><\/picture>\n<\/div>\n<div id=\"photoZoomModal-512\" class=\"voc-lightbox modal fade voc-lightbox--photo-zoom\" role=\"dialog\" data-voc-photozoom-lightbox>\n<div class=\"voc-lightbox__dialog\" role=\"document\">\n<div class=\"voc-lightbox__content\"> <!-- Modal header --> <!-- Modal content --> <\/p>\n<div class=\"voc-lightbox__photo-container\"> <picture class> <img loading=\"lazy\" data-original=\"\/\/static.mujerhoy.com\/www\/multimedia\/202311\/08\/media\/cortadas\/abrigo-sfera-estampado-nuevo-zara-kkyD--460x637@MujerHoy.jpg\" alt=\"Abrigo largo de Sfera (89,95 euros)\" class=\"lazy\"> <noscript> <img src=\"http:\/\/hoycordobaweb.com\/wp-content\/uploads\/2023\/11\/las-novedades-de-sfera-para-hoy-vestidos-botines-y-otras-propuestas-para-los-dias-de-invierno-1.webp\" alt=\"Abrigo largo de Sfera (89,95 euros)\"> <\/noscript> <\/picture> <\/div><\/div><\/div>\n<\/div>\n<p><h3 class=\"voc-detail__title\"> Abrigo largo de Sfera (89,95 euros)<br \/>\n<\/h3>\n<\/p>\n<p class=\"voc-paragraph\">Si est\u00e1s buscando un abrigo que puedas llevar en cualquier ocasi\u00f3n, pero que sea vistoso, ya lo has encontrado.\n<\/p>\n<div class=\"voc-detail-photo-zoom\"> <picture data-toggle=\"modal\" data-target=\"#photoZoomModal-398\" target=\"modal\">\n<div class=\"voc-img-icon-link\"> <img loading=\"lazy\" data-original=\"\/\/static2.mujerhoy.com\/www\/multimedia\/202311\/08\/media\/cortadas\/chaqueta-sfera-estampado-nuevo-zara-kkyD--460x637@MujerHoy.jpg\" class=\"lazy adsviu_analyse\" alt=\"Chaqueta con flores de Sfera (35,99 euros)\"> <noscript> <img src=\"http:\/\/hoycordobaweb.com\/wp-content\/uploads\/2023\/11\/las-novedades-de-sfera-para-hoy-vestidos-botines-y-otras-propuestas-para-los-dias-de-invierno-2.webp\" alt=\"Chaqueta con flores de Sfera (35,99 euros)\"> <\/noscript> <i class=\"voc-icons zoom voc-multimedia-box voc-ico-l\"><\/i> <\/div><figcaption class=\"figure-caption\">Chaqueta con flores de Sfera (35,99 euros)<\/figcaption><\/picture>\n<\/div>\n<div id=\"photoZoomModal-398\" class=\"voc-lightbox modal fade voc-lightbox--photo-zoom\" role=\"dialog\" data-voc-photozoom-lightbox>\n<div class=\"voc-lightbox__dialog\" role=\"document\">\n<div class=\"voc-lightbox__content\"> <!-- Modal header --> <!-- Modal content --> <\/p>\n<div class=\"voc-lightbox__photo-container\"> <picture class> <img loading=\"lazy\" data-original=\"\/\/static2.mujerhoy.com\/www\/multimedia\/202311\/08\/media\/cortadas\/chaqueta-sfera-estampado-nuevo-zara-kkyD--460x637@MujerHoy.jpg\" alt=\"Chaqueta con flores de Sfera (35,99 euros)\" class=\"lazy\"> <noscript> <img src=\"http:\/\/hoycordobaweb.com\/wp-content\/uploads\/2023\/11\/las-novedades-de-sfera-para-hoy-vestidos-botines-y-otras-propuestas-para-los-dias-de-invierno-2.webp\" alt=\"Chaqueta con flores de Sfera (35,99 euros)\"> <\/noscript> <\/picture> <\/div><\/div><\/div>\n<\/div>\n<p><h3 class=\"voc-detail__title\"> Chaqueta con flores de Sfera (35,99 euros)<br \/>\n<\/h3>\n<\/p>\n<p class=\"voc-paragraph\">Las flores en relieve a\u00f1adir\u00e1n un toque instant\u00e1neo de sofisticaci\u00f3n a cualquier prenda de punto.\n<\/p>\n<div class=\"voc-detail-photo-zoom\"> <picture data-toggle=\"modal\" data-target=\"#photoZoomModal-115\" target=\"modal\">\n<div class=\"voc-img-icon-link\"> <img loading=\"lazy\" data-original=\"\/\/static2.mujerhoy.com\/www\/multimedia\/202311\/08\/media\/cortadas\/vestido-sfera-estampado-nuevo-zara-kkyD--460x637@MujerHoy.jpg\" class=\"lazy adsviu_analyse\" alt=\"Vestido con estampado de flores de Sfera (35,99 euros)\"> <noscript> <img src=\"http:\/\/hoycordobaweb.com\/wp-content\/uploads\/2023\/11\/las-novedades-de-sfera-para-hoy-vestidos-botines-y-otras-propuestas-para-los-dias-de-invierno-3.webp\" alt=\"Vestido con estampado de flores de Sfera (35,99 euros)\"> <\/noscript> <i class=\"voc-icons zoom voc-multimedia-box voc-ico-l\"><\/i> <\/div><figcaption class=\"figure-caption\">Vestido con estampado de flores de Sfera (35,99 euros)<\/figcaption><\/picture>\n<\/div>\n<div id=\"photoZoomModal-115\" class=\"voc-lightbox modal fade voc-lightbox--photo-zoom\" role=\"dialog\" data-voc-photozoom-lightbox>\n<div class=\"voc-lightbox__dialog\" role=\"document\">\n<div class=\"voc-lightbox__content\"> <!-- Modal header --> <!-- Modal content --> <\/p>\n<div class=\"voc-lightbox__photo-container\"> <picture class> <img loading=\"lazy\" data-original=\"\/\/static2.mujerhoy.com\/www\/multimedia\/202311\/08\/media\/cortadas\/vestido-sfera-estampado-nuevo-zara-kkyD--460x637@MujerHoy.jpg\" alt=\"Vestido con estampado de flores de Sfera (35,99 euros)\" class=\"lazy\"> <noscript> <img src=\"http:\/\/hoycordobaweb.com\/wp-content\/uploads\/2023\/11\/las-novedades-de-sfera-para-hoy-vestidos-botines-y-otras-propuestas-para-los-dias-de-invierno-3.webp\" alt=\"Vestido con estampado de flores de Sfera (35,99 euros)\"> <\/noscript> <\/picture> <\/div><\/div><\/div>\n<\/div>\n<p><h3 class=\"voc-detail__title\"> Vestido con estampado de flores de Sfera (35,99 euros)<br \/>\n<\/h3>\n<\/p>\n<p class=\"voc-paragraph\">Uno de los dise\u00f1os m\u00e1s bonitos de la nueva temporada. Un mini vestido con volantes.\n<\/p>\n<div class=\"voc-detail-photo-zoom\"> <picture data-toggle=\"modal\" data-target=\"#photoZoomModal-624\" target=\"modal\">\n<div class=\"voc-img-icon-link\"> <img loading=\"lazy\" data-original=\"\/\/static1.mujerhoy.com\/www\/multimedia\/202311\/08\/media\/cortadas\/vestidos-sfera-estampado-nuevo-zara-kkyD--460x637@MujerHoy.jpg\" class=\"lazy adsviu_analyse\" alt=\"Vestido plisado de Sfera (19,99 euros)\"> <noscript> <img src=\"http:\/\/hoycordobaweb.com\/wp-content\/uploads\/2023\/11\/las-novedades-de-sfera-para-hoy-vestidos-botines-y-otras-propuestas-para-los-dias-de-invierno-4.webp\" alt=\"Vestido plisado de Sfera (19,99 euros)\"> <\/noscript> <i class=\"voc-icons zoom voc-multimedia-box voc-ico-l\"><\/i> <\/div><figcaption class=\"figure-caption\">Vestido plisado de Sfera (19,99 euros)<\/figcaption><\/picture>\n<\/div>\n<div id=\"photoZoomModal-624\" class=\"voc-lightbox modal fade voc-lightbox--photo-zoom\" role=\"dialog\" data-voc-photozoom-lightbox>\n<div class=\"voc-lightbox__dialog\" role=\"document\">\n<div class=\"voc-lightbox__content\"> <!-- Modal header --> <!-- Modal content --> <\/p>\n<div class=\"voc-lightbox__photo-container\"> <picture class> <img loading=\"lazy\" data-original=\"\/\/static1.mujerhoy.com\/www\/multimedia\/202311\/08\/media\/cortadas\/vestidos-sfera-estampado-nuevo-zara-kkyD--460x637@MujerHoy.jpg\" alt=\"Vestido plisado de Sfera (19,99 euros)\" class=\"lazy\"> <noscript> <img src=\"http:\/\/hoycordobaweb.com\/wp-content\/uploads\/2023\/11\/las-novedades-de-sfera-para-hoy-vestidos-botines-y-otras-propuestas-para-los-dias-de-invierno-4.webp\" alt=\"Vestido plisado de Sfera (19,99 euros)\"> <\/noscript> <\/picture> <\/div><\/div><\/div>\n<\/div>\n<p><h3 class=\"voc-detail__title\"> Vestido plisado de Sfera (19,99 euros)<br \/>\n<\/h3>\n<\/p>\n<p class=\"voc-paragraph\">Un vestido de punto en un color inesperado, pero que elevar\u00e1 todos tus looks de invierno.\n<\/p>\n<div class=\"voc-detail-photo-zoom\"> <picture data-toggle=\"modal\" data-target=\"#photoZoomModal-610\" target=\"modal\">\n<div class=\"voc-img-icon-link\"> <img loading=\"lazy\" data-original=\"\/\/static1.mujerhoy.com\/www\/multimedia\/202311\/08\/media\/cortadas\/vestido-sfera-morado-nuevo-zara-kkyD--460x637@MujerHoy.jpg\" class=\"lazy adsviu_analyse\" alt=\"Vestido morado de Sfera (29,99 euros)\"> <noscript> <img src=\"http:\/\/hoycordobaweb.com\/wp-content\/uploads\/2023\/11\/las-novedades-de-sfera-para-hoy-vestidos-botines-y-otras-propuestas-para-los-dias-de-invierno-5.webp\" alt=\"Vestido morado de Sfera (29,99 euros)\"> <\/noscript> <i class=\"voc-icons zoom voc-multimedia-box voc-ico-l\"><\/i> <\/div><figcaption class=\"figure-caption\">Vestido morado de Sfera (29,99 euros)<\/figcaption><\/picture>\n<\/div>\n<div id=\"photoZoomModal-610\" class=\"voc-lightbox modal fade voc-lightbox--photo-zoom\" role=\"dialog\" data-voc-photozoom-lightbox>\n<div class=\"voc-lightbox__dialog\" role=\"document\">\n<div class=\"voc-lightbox__content\"> <!-- Modal header --> <!-- Modal content --> <\/p>\n<div class=\"voc-lightbox__photo-container\"> <picture class> <img loading=\"lazy\" data-original=\"\/\/static1.mujerhoy.com\/www\/multimedia\/202311\/08\/media\/cortadas\/vestido-sfera-morado-nuevo-zara-kkyD--460x637@MujerHoy.jpg\" alt=\"Vestido morado de Sfera (29,99 euros)\" class=\"lazy\"> <noscript> <img src=\"http:\/\/hoycordobaweb.com\/wp-content\/uploads\/2023\/11\/las-novedades-de-sfera-para-hoy-vestidos-botines-y-otras-propuestas-para-los-dias-de-invierno-5.webp\" alt=\"Vestido morado de Sfera (29,99 euros)\"> <\/noscript> <\/picture> <\/div><\/div><\/div>\n<\/div>\n<p><h3 class=\"voc-detail__title\"> Vestido morado de Sfera (29,99 euros)<br \/>\n<\/h3>\n<\/p>\n<p class=\"voc-paragraph\">Un dise\u00f1o de fiesta en un color inesperado. \u00c9xito asegurado.\n<\/p>\n<div class=\"voc-detail-photo-zoom\"> <picture data-toggle=\"modal\" data-target=\"#photoZoomModal-325\" target=\"modal\">\n<div class=\"voc-img-icon-link\"> <img loading=\"lazy\" data-original=\"\/\/static.mujerhoy.com\/www\/multimedia\/202311\/08\/media\/cortadas\/vestido-sfera-rojo-nuevo-zara-kkyD--460x637@MujerHoy.jpg\" class=\"lazy adsviu_analyse\" alt=\"Vestido rojo de Sfera (35,99 euros)\"> <noscript> <img src=\"http:\/\/hoycordobaweb.com\/wp-content\/uploads\/2023\/11\/las-novedades-de-sfera-para-hoy-vestidos-botines-y-otras-propuestas-para-los-dias-de-invierno-6.webp\" alt=\"Vestido rojo de Sfera (35,99 euros)\"> <\/noscript> <i class=\"voc-icons zoom voc-multimedia-box voc-ico-l\"><\/i> <\/div><figcaption class=\"figure-caption\">Vestido rojo de Sfera (35,99 euros)<\/figcaption><\/picture>\n<\/div>\n<div id=\"photoZoomModal-325\" class=\"voc-lightbox modal fade voc-lightbox--photo-zoom\" role=\"dialog\" data-voc-photozoom-lightbox>\n<div class=\"voc-lightbox__dialog\" role=\"document\">\n<div class=\"voc-lightbox__content\"> <!-- Modal header --> <!-- Modal content --> <\/p>\n<div class=\"voc-lightbox__photo-container\"> <picture class> <img loading=\"lazy\" data-original=\"\/\/static.mujerhoy.com\/www\/multimedia\/202311\/08\/media\/cortadas\/vestido-sfera-rojo-nuevo-zara-kkyD--460x637@MujerHoy.jpg\" alt=\"Vestido rojo de Sfera (35,99 euros)\" class=\"lazy\"> <noscript> <img src=\"http:\/\/hoycordobaweb.com\/wp-content\/uploads\/2023\/11\/las-novedades-de-sfera-para-hoy-vestidos-botines-y-otras-propuestas-para-los-dias-de-invierno-6.webp\" alt=\"Vestido rojo de Sfera (35,99 euros)\"> <\/noscript> <\/picture> <\/div><\/div><\/div>\n<\/div>\n<p><h3 class=\"voc-detail__title\"> Vestido rojo de Sfera (35,99 euros)<br \/>\n<\/h3>\n<\/p>\n<p class=\"voc-paragraph\">Si quieres a\u00f1adir un dise\u00f1o especial a tu colecci\u00f3n de oto\u00f1o, tienes que ver esta propuesta de nueva temporada.\n<\/p>\n<div class=\"voc-detail-photo-zoom\"> <picture data-toggle=\"modal\" data-target=\"#photoZoomModal-968\" target=\"modal\">\n<div class=\"voc-img-icon-link\"> <img loading=\"lazy\" data-original=\"\/\/static.mujerhoy.com\/www\/multimedia\/202311\/08\/media\/cortadas\/botines-sfera-estampado-nuevo-zara-kkyD--460x637@MujerHoy.jpg\" class=\"lazy adsviu_analyse\" alt=\"Botines metalizados de Sfera (32,99 euros)\"> <noscript> <img src=\"http:\/\/hoycordobaweb.com\/wp-content\/uploads\/2023\/11\/las-novedades-de-sfera-para-hoy-vestidos-botines-y-otras-propuestas-para-los-dias-de-invierno-7.webp\" alt=\"Botines metalizados de Sfera (32,99 euros)\"> <\/noscript> <i class=\"voc-icons zoom voc-multimedia-box voc-ico-l\"><\/i> <\/div><figcaption class=\"figure-caption\">Botines metalizados de Sfera (32,99 euros)<\/figcaption><\/picture>\n<\/div>\n<div id=\"photoZoomModal-968\" class=\"voc-lightbox modal fade voc-lightbox--photo-zoom\" role=\"dialog\" data-voc-photozoom-lightbox>\n<div class=\"voc-lightbox__dialog\" role=\"document\">\n<div class=\"voc-lightbox__content\"> <!-- Modal header --> <!-- Modal content --> <\/p>\n<div class=\"voc-lightbox__photo-container\"> <picture class> <img loading=\"lazy\" data-original=\"\/\/static.mujerhoy.com\/www\/multimedia\/202311\/08\/media\/cortadas\/botines-sfera-estampado-nuevo-zara-kkyD--460x637@MujerHoy.jpg\" alt=\"Botines metalizados de Sfera (32,99 euros)\" class=\"lazy\"> <noscript> <img src=\"http:\/\/hoycordobaweb.com\/wp-content\/uploads\/2023\/11\/las-novedades-de-sfera-para-hoy-vestidos-botines-y-otras-propuestas-para-los-dias-de-invierno-7.webp\" alt=\"Botines metalizados de Sfera (32,99 euros)\"> <\/noscript> <\/picture> <\/div><\/div><\/div>\n<\/div>\n<p><h3 class=\"voc-detail__title\"> Botines metalizados de Sfera (32,99 euros)<br \/>\n<\/h3>\n<\/p>\n<p class=\"voc-paragraph\">Y en esta selecci\u00f3n semanal no pod\u00eda faltar una buen par de zapatos. Apuesta por unos de color dorado.\n<\/p>\n<div class=\"voc-detail-photo-zoom\"> <picture data-toggle=\"modal\" data-target=\"#photoZoomModal-848\" target=\"modal\">\n<div class=\"voc-img-icon-link\"> <img loading=\"lazy\" data-original=\"\/\/static3.mujerhoy.com\/www\/multimedia\/202311\/08\/media\/cortadas\/bolso-sfera-estampado-nuevo-zara-kkyD--460x637@MujerHoy.jpg\" class=\"lazy adsviu_analyse\" alt=\"Bolso acolchado de Sfera (17,99 euros)\"> <noscript> <img src=\"http:\/\/hoycordobaweb.com\/wp-content\/uploads\/2023\/11\/las-novedades-de-sfera-para-hoy-vestidos-botines-y-otras-propuestas-para-los-dias-de-invierno-8.webp\" alt=\"Bolso acolchado de Sfera (17,99 euros)\"> <\/noscript> <i class=\"voc-icons zoom voc-multimedia-box voc-ico-l\"><\/i> <\/div><figcaption class=\"figure-caption\">Bolso acolchado de Sfera (17,99 euros)<\/figcaption><\/picture>\n<\/div>\n<div id=\"photoZoomModal-848\" class=\"voc-lightbox modal fade voc-lightbox--photo-zoom\" role=\"dialog\" data-voc-photozoom-lightbox>\n<div class=\"voc-lightbox__dialog\" role=\"document\">\n<div class=\"voc-lightbox__content\"> <!-- Modal header --> <!-- Modal content --> <\/p>\n<div class=\"voc-lightbox__photo-container\"> <picture class> <img loading=\"lazy\" data-original=\"\/\/static3.mujerhoy.com\/www\/multimedia\/202311\/08\/media\/cortadas\/bolso-sfera-estampado-nuevo-zara-kkyD--460x637@MujerHoy.jpg\" alt=\"Bolso acolchado de Sfera (17,99 euros)\" class=\"lazy\"> <noscript> <img src=\"http:\/\/hoycordobaweb.com\/wp-content\/uploads\/2023\/11\/las-novedades-de-sfera-para-hoy-vestidos-botines-y-otras-propuestas-para-los-dias-de-invierno-8.webp\" alt=\"Bolso acolchado de Sfera (17,99 euros)\"> <\/noscript> <\/picture> <\/div><\/div><\/div>\n<\/div>\n<p><h3 class=\"voc-detail__title\"> Bolso acolchado de Sfera (17,99 euros)<br \/>\n<\/h3>\n<\/p>\n<p class=\"voc-paragraph\">Un dise\u00f1o que podr\u00e1s llevar en cualquier momento. \u00bfD\u00eda o noche?\n<\/p>\n<div class=\"voc-detail-photo-zoom\"> <picture data-toggle=\"modal\" data-target=\"#photoZoomModal-790\" target=\"modal\">\n<div class=\"voc-img-icon-link\"> <img loading=\"lazy\" data-original=\"\/\/static1.mujerhoy.com\/www\/multimedia\/202311\/08\/media\/cortadas\/jersey-sfera-estampado-nuevo-zara-kkyD--460x637@MujerHoy.jpg\" class=\"lazy adsviu_analyse\" alt=\"Jersey calado de Sfera (17,99 euros)\"> <noscript> <img src=\"http:\/\/hoycordobaweb.com\/wp-content\/uploads\/2023\/11\/las-novedades-de-sfera-para-hoy-vestidos-botines-y-otras-propuestas-para-los-dias-de-invierno-9.webp\" alt=\"Jersey calado de Sfera (17,99 euros)\"> <\/noscript> <i class=\"voc-icons zoom voc-multimedia-box voc-ico-l\"><\/i> <\/div><figcaption class=\"figure-caption\">Jersey calado de Sfera (17,99 euros)<\/figcaption><\/picture>\n<\/div>\n<div id=\"photoZoomModal-790\" class=\"voc-lightbox modal fade voc-lightbox--photo-zoom\" role=\"dialog\" data-voc-photozoom-lightbox>\n<div class=\"voc-lightbox__dialog\" role=\"document\">\n<div class=\"voc-lightbox__content\"> <!-- Modal header --> <!-- Modal content --> <\/p>\n<div class=\"voc-lightbox__photo-container\"> <picture class> <img loading=\"lazy\" data-original=\"\/\/static1.mujerhoy.com\/www\/multimedia\/202311\/08\/media\/cortadas\/jersey-sfera-estampado-nuevo-zara-kkyD--460x637@MujerHoy.jpg\" alt=\"Jersey calado de Sfera (17,99 euros)\" class=\"lazy\"> <noscript> <img src=\"http:\/\/hoycordobaweb.com\/wp-content\/uploads\/2023\/11\/las-novedades-de-sfera-para-hoy-vestidos-botines-y-otras-propuestas-para-los-dias-de-invierno-9.webp\" alt=\"Jersey calado de Sfera (17,99 euros)\"> <\/noscript> <\/picture> <\/div><\/div><\/div>\n<\/div>\n<p><h3 class=\"voc-detail__title\"> Jersey calado de Sfera (17,99 euros)<br \/>\n<\/h3>\n<\/p>\n<p class=\"voc-paragraph\">Y para completar nuestra lista de favoritos de la semana, nada mejor que un bonito jersey calado.\n<\/p>\n<p> <!-- TOPICS --> <\/p>\n","protected":false},"excerpt":{"rendered":"<p>GEMMA CANO Publicado \u00b7 8 de noviembre de 2023, 07:13 h Con la ca\u00edda en picado de las temperaturas ha llegado el momento de empezar a hablar de la nueva temporada de invierno. Aunque oficialmente todav\u00eda no hemos estrenado la nueva estaci\u00f3n, los term\u00f3metros nos invitan a cambiar de rumbo. Una vez m\u00e1s, el calendario [&hellip;]<\/p>\n","protected":false},"author":1,"featured_media":69380,"comment_status":"closed","ping_status":"closed","sticky":false,"template":"","format":"standard","meta":[],"categories":[1],"tags":[],"_links":{"self":[{"href":"http:\/\/hoycordobaweb.com\/index.php\/wp-json\/wp\/v2\/posts\/69379"}],"collection":[{"href":"http:\/\/hoycordobaweb.com\/index.php\/wp-json\/wp\/v2\/posts"}],"about":[{"href":"http:\/\/hoycordobaweb.com\/index.php\/wp-json\/wp\/v2\/types\/post"}],"author":[{"embeddable":true,"href":"http:\/\/hoycordobaweb.com\/index.php\/wp-json\/wp\/v2\/users\/1"}],"replies":[{"embeddable":true,"href":"http:\/\/hoycordobaweb.com\/index.php\/wp-json\/wp\/v2\/comments?post=69379"}],"version-history":[{"count":0,"href":"http:\/\/hoycordobaweb.com\/index.php\/wp-json\/wp\/v2\/posts\/69379\/revisions"}],"wp:featuredmedia":[{"embeddable":true,"href":"http:\/\/hoycordobaweb.com\/index.php\/wp-json\/wp\/v2\/media\/69380"}],"wp:attachment":[{"href":"http:\/\/hoycordobaweb.com\/index.php\/wp-json\/wp\/v2\/media?parent=69379"}],"wp:term":[{"taxonomy":"category","embeddable":true,"href":"http:\/\/hoycordobaweb.com\/index.php\/wp-json\/wp\/v2\/categories?post=69379"},{"taxonomy":"post_tag","embeddable":true,"href":"http:\/\/hoycordobaweb.com\/index.php\/wp-json\/wp\/v2\/tags?post=69379"}],"curies":[{"name":"wp","href":"https:\/\/api.w.org\/{rel}","templated":true}]}}