{"id":69369,"date":"2023-11-08T02:06:17","date_gmt":"2023-11-08T02:06:17","guid":{"rendered":"https:\/\/www.ole.com.ar\/ecuador\/liga-pro\/guillermo-duro-clasificacion-copa-libertadores-delfin_0_wZ98whRtEk.html"},"modified":"2023-11-08T02:06:17","modified_gmt":"2023-11-08T02:06:17","slug":"guillermo-duro-el-objetivo-es-clasificarnos-a-la-libertadores","status":"publish","type":"post","link":"http:\/\/hoycordobaweb.com\/index.php\/2023\/11\/08\/guillermo-duro-el-objetivo-es-clasificarnos-a-la-libertadores\/","title":{"rendered":"Guillermo Dur\u00f3: \u00abEl objetivo es clasificarnos a la Libertadores\u00bb"},"content":{"rendered":"<p><img src=\"http:\/\/hoycordobaweb.com\/wp-content\/uploads\/2023\/11\/guillermo-duro-el-objetivo-es-clasificarnos-a-la-libertadores.jpg\"><\/p>\n<p><time class=\"createDate\" datetime=\"2023-11-07T23:06:17-03:00\">07\/11\/2023 23:06hs.<\/time><time class=\"modificatedDate\" datetime=\"2023-11-07T23:06:16-03:00\"><\/time><\/p>\n<div id=\"storyBody\">\n<div class=\"custom-text \" readability=\"36.754385964912\">\n<p><strong><a href=\"https:\/\/www.ole.com.ar\/tema\/delfin.html\" title=\"Delf\u00edn\" alt=\"Delf\u00edn\" class=\"slug\">Delf\u00edn <\/a><\/strong>es una de las grandes revelaciones del f\u00fatbol ecuatoriano en 2023: luego de un mal comienzo de a\u00f1o, el equipo de <strong>Guillermo Dur\u00f3<\/strong> se recuper\u00f3 y, con 21 puntos, <strong>se ubica en el tercer lugar de la Fase 2<\/strong>. Sin embargo, la lucha por la etapa est\u00e1 dif\u00edcil para el Cet\u00e1ceo, que debe esperar que <strong><a href=\"https:\/\/www.ole.com.ar\/tema\/barcelona-de-guayaquil.html\" title=\"Barcelona de Guayaquil\" alt=\"Barcelona de Guayaquil\" class=\"slug\">Barcelona <\/a><\/strong>(1\u00b0) y <strong><a href=\"https:\/\/www.ole.com.ar\/tema\/liga-de-quito.html\" title=\"liga de quito\" alt=\"liga de quito\" class=\"slug\">Liga <\/a><\/strong>(2\u00b0) pierdan puntos&#8230; <strong>Es por eso que el DT argentino ya le apunta a otro objetivo: obtener una plaza en la <a href=\"https:\/\/www.ole.com.ar\/tema\/copa-libertadores.html\" title=\"Copa Libertadores\" alt=\"Copa Libertadores\" class=\"slug\">Copa Libertadores<\/a> 2024.<\/strong><\/p>\n<\/div>\n<div class=\"custom-text \" readability=\"39\">\n<p>\u00abSi hubi\u00e9semos ganado el partido contra Gualaceo, que ten\u00edamos controlado, est\u00e1bamos para pelear la segunda etapa de la LigaPro. Al haber ganado Barcelona y esperando el resultado de Liga ma\u00f1ana&#8230;<strong> Si no llegan a sacar un resultado positivo, creo que estamos con margen de poder pelearla\u00bb<\/strong>, dijo el entrenador en una entrevista con El Canal del F\u00fatbol.<\/p>\n<\/div>\n<div class=\"custom-text \" readability=\"37\">\n<p>Y agreg\u00f3: \u00ab<strong>Si Liga le gana a T\u00e9cnico Universitario, a nosotros se nos va a hacer muy dif\u00edcil. Liga no va a perder los tres partidos..<\/strong>. Dependemos de ellos para seguir ilusionados.<strong> M\u00e1s all\u00e1 de eso, estamos muy orgullosos de haberle peleado a Liga y a Barcelona de igual a igual. Nos da la tranquilidad de que hicimos un gran trabajo\u00bb.<\/strong><\/p>\n<\/div>\n<div class=\"custom-text \" readability=\"40\">\n<p>M\u00e1s all\u00e1 de los resultados del Albo y el Torero, Dur\u00f3 ya tiene clara su meta: con el boleto a la Sudamericana ya en el bolsillo, el argentino quiere dar un paso m\u00e1s. \u00abE<strong>l objetivo es llegar a la Libertadores.<\/strong> Tenemos que pasar a El Nacional, tambi\u00e9n tenemos cerca a Aucas, solo estamos tres puntos arriba\u00bb, coment\u00f3.<\/p>\n<\/div>\n<div class=\"custom-text \" readability=\"39\">\n<p>Actualmente,<strong> Delf\u00edn tiene 45 puntos en la Tabla Acumulada<\/strong>, que define tanto los descensos como los cupos a las copas internacionales. El puntero de esa clasificaci\u00f3n es Independiente del Valle (54 y ya clasificado a la Libertadores 24), y luego siguen Barcelona (51 y clasificado), Liga de Quito (50 y clasificado) y El Nacional (47). Por debajo del Cet\u00e1ceo est\u00e1n Aucas (42 puntos) y Universidad Cat\u00f3lica (40).<\/p>\n<\/div>\n<div class=\"sc-e7b891c4-0 jPbnQF\"><img alt=\"El DT piensa en la Libertadores 2024.\" src=\"http:\/\/hoycordobaweb.com\/wp-content\/uploads\/2023\/11\/guillermo-duro-el-objetivo-es-clasificarnos-a-la-libertadores-2.jpg\" width=\"720\" height=\"100\" decoding=\"async\" data-nimg=\"future\" loading=\"lazy\"><span class=\"epigraphe\">El DT piensa en la Libertadores 2024.<\/span><\/div>\n<p><h2><strong>La continuidad de Dur\u00f3<\/strong><\/h2>\n<\/p>\n<div class=\"custom-text \" readability=\"37\">\n<p><strong>\u00abNo va haber ning\u00fan tipo de problemas por mi continuidad, me siento muy c\u00f3modo.<\/strong> Queremos pelear por entrar a la Libertadores y ojal\u00e1 que se quede la mayor\u00eda del plantel. Sabemos que se ir\u00e1n jugadores, pero hay que sostener la base\u00bb, dijo el DT.<\/p>\n<\/div>\n<div class=\"custom-text \" readability=\"37\">\n<p>\u00abEcon\u00f3micamente no estamos a la altura de los grandes, pero los igualamos teniendo jugadores f\u00edsicamente dotados. La jerarqu\u00eda no se va igualar, pero los podemos igualar desde lo f\u00edsico. Adem\u00e1s hay que estar concentrados los 90 minutos\u00bb, analiz\u00f3.<\/p>\n<\/div>\n<div class=\"custom-text \" readability=\"36\">\n<p>Y tambi\u00e9n asegur\u00f3 que Facundo Castelli y Braian Oyola tienen un pie afuera de Delf\u00edn para la pr\u00f3xima temporada. \u00ab<strong>Oyola fue revelaci\u00f3n desde el primer partido y sostuvo un gran nivel. No creo que podamos retenerlo en el equipo&#8230; Y a Castelli tambi\u00e9n lo quieren. Ya estamos buscando reemplazante para los dos de cara a la pr\u00f3xima temporada.<\/strong> Hemos viajado a Argentina a ver jugadores\u00bb, cerr\u00f3.<\/p>\n<\/div>\n<div class=\"sc-a7166897-0 exHLBh\" readability=\"6\">\n<section readability=\"2\"><picture><img alt=\"Chau al Cl\u00e1sico del Astillero: Miller Bola\u00f1os otra vez falt\u00f3 al entrenamiento\" src=\"http:\/\/hoycordobaweb.com\/wp-content\/uploads\/2023\/11\/guillermo-duro-el-objetivo-es-clasificarnos-a-la-libertadores-3.jpg\" width=\"290\" height=\"290\" decoding=\"async\" data-nimg=\"future\" loading=\"lazy\"><\/picture>\n<p><span>Mir\u00e1 tambi\u00e9n<\/span><\/p>\n<hr>\n<h3>Chau al Cl\u00e1sico del Astillero: Miller Bola\u00f1os otra vez falt\u00f3 al entrenamiento<\/h3>\n<\/p>\n<\/section>\n<\/div>\n<div class=\"sc-a7166897-0 exHLBh\" readability=\"6\">\n<section readability=\"2\"><picture><img alt=\"La posible alineaci\u00f3n de Liga de Quito para ser l\u00edder de la Fase 2\" src=\"http:\/\/hoycordobaweb.com\/wp-content\/uploads\/2023\/11\/guillermo-duro-el-objetivo-es-clasificarnos-a-la-libertadores-4.jpg\" width=\"290\" height=\"290\" decoding=\"async\" data-nimg=\"future\" loading=\"lazy\"><\/picture>\n<p><span>Mir\u00e1 tambi\u00e9n<\/span><\/p>\n<hr>\n<h3>La posible alineaci\u00f3n de Liga de Quito para ser l\u00edder de la Fase 2<\/h3>\n<\/p>\n<\/section>\n<\/div>\n<div class=\"sc-a7166897-0 exHLBh\" readability=\"6\">\n<section readability=\"2\"><picture><img alt=\"Liga de Quito acelera en la renovaci\u00f3n de tres titulares\" src=\"http:\/\/hoycordobaweb.com\/wp-content\/uploads\/2023\/11\/guillermo-duro-el-objetivo-es-clasificarnos-a-la-libertadores-5.jpg\" width=\"290\" height=\"290\" decoding=\"async\" data-nimg=\"future\" loading=\"lazy\"><\/picture>\n<p><span>Mir\u00e1 tambi\u00e9n<\/span><\/p>\n<hr>\n<h3>Liga de Quito acelera en la renovaci\u00f3n de tres titulares<\/h3>\n<\/p>\n<\/section>\n<\/div>\n<div class=\"sc-a7166897-0 exHLBh\" readability=\"6.5\">\n<section readability=\"3\"><picture><img alt=\"C\u00e9lico con Ol\u00e9: &quot;Obando es crack y puede ser el nueve de la Selecci\u00f3n en el futuro&quot;\" src=\"http:\/\/hoycordobaweb.com\/wp-content\/uploads\/2023\/11\/guillermo-duro-el-objetivo-es-clasificarnos-a-la-libertadores-6.jpg\" width=\"290\" height=\"290\" decoding=\"async\" data-nimg=\"future\" loading=\"lazy\"><\/picture>\n<p><span>Mir\u00e1 tambi\u00e9n<\/span><\/p>\n<hr>\n<h3>C\u00e9lico con Ol\u00e9: \u00abObando es crack y puede ser el nueve de la Selecci\u00f3n en el futuro\u00bb<\/h3>\n<\/p>\n<\/section>\n<\/div>\n<\/div>\n","protected":false},"excerpt":{"rendered":"<p>07\/11\/2023 23:06hs. Delf\u00edn es una de las grandes revelaciones del f\u00fatbol ecuatoriano en 2023: luego de un mal comienzo de a\u00f1o, el equipo de Guillermo Dur\u00f3 se recuper\u00f3 y, con 21 puntos, se ubica en el tercer lugar de la Fase 2. Sin embargo, la lucha por la etapa est\u00e1 dif\u00edcil para el Cet\u00e1ceo, que [&hellip;]<\/p>\n","protected":false},"author":1,"featured_media":69370,"comment_status":"open","ping_status":"closed","sticky":false,"template":"","format":"standard","meta":[],"categories":[16],"tags":[],"_links":{"self":[{"href":"http:\/\/hoycordobaweb.com\/index.php\/wp-json\/wp\/v2\/posts\/69369"}],"collection":[{"href":"http:\/\/hoycordobaweb.com\/index.php\/wp-json\/wp\/v2\/posts"}],"about":[{"href":"http:\/\/hoycordobaweb.com\/index.php\/wp-json\/wp\/v2\/types\/post"}],"author":[{"embeddable":true,"href":"http:\/\/hoycordobaweb.com\/index.php\/wp-json\/wp\/v2\/users\/1"}],"replies":[{"embeddable":true,"href":"http:\/\/hoycordobaweb.com\/index.php\/wp-json\/wp\/v2\/comments?post=69369"}],"version-history":[{"count":0,"href":"http:\/\/hoycordobaweb.com\/index.php\/wp-json\/wp\/v2\/posts\/69369\/revisions"}],"wp:featuredmedia":[{"embeddable":true,"href":"http:\/\/hoycordobaweb.com\/index.php\/wp-json\/wp\/v2\/media\/69370"}],"wp:attachment":[{"href":"http:\/\/hoycordobaweb.com\/index.php\/wp-json\/wp\/v2\/media?parent=69369"}],"wp:term":[{"taxonomy":"category","embeddable":true,"href":"http:\/\/hoycordobaweb.com\/index.php\/wp-json\/wp\/v2\/categories?post=69369"},{"taxonomy":"post_tag","embeddable":true,"href":"http:\/\/hoycordobaweb.com\/index.php\/wp-json\/wp\/v2\/tags?post=69369"}],"curies":[{"name":"wp","href":"https:\/\/api.w.org\/{rel}","templated":true}]}}