{"id":69365,"date":"2023-11-08T02:33:55","date_gmt":"2023-11-08T02:33:55","guid":{"rendered":"https:\/\/www.ole.com.ar\/ecuador\/liga-pro\/rafael-verduga-elecciones-barcelona-amanadas_0_ZuVYT4b4lA.html"},"modified":"2023-11-08T02:33:55","modified_gmt":"2023-11-08T02:33:55","slug":"rafael-verduga-el-proceso-de-elecciones-esta-amanado","status":"publish","type":"post","link":"http:\/\/hoycordobaweb.com\/index.php\/2023\/11\/08\/rafael-verduga-el-proceso-de-elecciones-esta-amanado\/","title":{"rendered":"Rafael Verduga: \u00abEl proceso de elecciones est\u00e1 ama\u00f1ado\u00bb"},"content":{"rendered":"<p><img src=\"http:\/\/hoycordobaweb.com\/wp-content\/uploads\/2023\/11\/rafael-verduga-el-proceso-de-elecciones-esta-amanado.jpg\"><\/p>\n<div><img src=\"http:\/\/hoycordobaweb.com\/wp-content\/uploads\/2023\/11\/rafael-verduga-el-proceso-de-elecciones-esta-amanado.jpg\" class=\"ff-og-image-inserted\"><\/div>\n<div readability=\"34.348909657321\">\n<p>La nulidad de la acci\u00f3n de protecci\u00f3n que puso <a href=\"https:\/\/www.ole.com.ar\/tema\/rafael-verduga.html\" title=\"Rafael Verduga\" alt=\"Rafael Verduga\" class=\"slug\">Rafael Verduga<\/a> para poder ser candidato a presidente de <a href=\"https:\/\/www.ole.com.ar\/tema\/barcelona-de-guayaquil.html\" title=\"Barcelona de Guayaquil\" alt=\"Barcelona de Guayaquil\" class=\"slug\">Barcelona<\/a>, dej\u00f3 al ex dirigente del \u00cddolo sin estar en la papeleta de las elecciones. <strong>Verduga hab\u00eda mantenido silencio sobre lo ocurrido en los \u00faltimos d\u00edas, pero este martes en la noche hizo un fuerte descargo.<\/strong><\/p>\n<\/div>\n<div readability=\"43\">\n<p>\u00abLo que debemos lucha todos los socios de Barcelona, es por tener elecciones. <strong>No puede ser que en este proceso absolutamente ama\u00f1ado, manipulado, en el mejor de los casos, mal manejado por el Tribunal Electoral de Barcelona y otras instituciones, se coarte la posibilidad del socio de tener elecciones<\/strong>. El ser socio te el derecho a elegir, si no lo haces, qu\u00e9 sentido tiene\u00bb, inici\u00f3 Verduga en Radio Centro.<\/p>\n<\/div>\n<div readability=\"37\">\n<p>\u00abHay fuerzas atr\u00e1s de todo este proceso que han movido a un procurador del estado que debe estar preocupado en otras cosas, en menos de 24 horas emita un criterio err\u00f3neo.<strong> Es evidente (quien est\u00e1 detr\u00e1s de todo), no vamos a dar nombres<\/strong>\u00ab, a\u00f1adi\u00f3 el ex candidato a presidente de BSC.<\/p>\n<\/div>\n<div readability=\"39\">\n<p>\u00abSon fuerzas invisibles que est\u00e1n haciendo que todo suceda en contra de la candidatura que va a ganar, en contra de la candidatura que tiene la posibilidad de ganar la presidencia para convertir un nuevo modelo, porque el mismo modelo que se ha manejado en Barcelona durante los \u00faltimos 30 a\u00f1os, lo queremos cambiar. <strong>El modelo de siempre es el que se resiste al cambio<\/strong>\u00ab, complement\u00f3 el ex dirigente del \u00cddolo.<\/p>\n<\/div>\n","protected":false},"excerpt":{"rendered":"<p>La nulidad de la acci\u00f3n de protecci\u00f3n que puso Rafael Verduga para poder ser candidato a presidente de Barcelona, dej\u00f3 al ex dirigente del \u00cddolo sin estar en la papeleta de las elecciones. Verduga hab\u00eda mantenido silencio sobre lo ocurrido en los \u00faltimos d\u00edas, pero este martes en la noche hizo un fuerte descargo. \u00abLo [&hellip;]<\/p>\n","protected":false},"author":1,"featured_media":69366,"comment_status":"open","ping_status":"closed","sticky":false,"template":"","format":"standard","meta":[],"categories":[16],"tags":[],"_links":{"self":[{"href":"http:\/\/hoycordobaweb.com\/index.php\/wp-json\/wp\/v2\/posts\/69365"}],"collection":[{"href":"http:\/\/hoycordobaweb.com\/index.php\/wp-json\/wp\/v2\/posts"}],"about":[{"href":"http:\/\/hoycordobaweb.com\/index.php\/wp-json\/wp\/v2\/types\/post"}],"author":[{"embeddable":true,"href":"http:\/\/hoycordobaweb.com\/index.php\/wp-json\/wp\/v2\/users\/1"}],"replies":[{"embeddable":true,"href":"http:\/\/hoycordobaweb.com\/index.php\/wp-json\/wp\/v2\/comments?post=69365"}],"version-history":[{"count":0,"href":"http:\/\/hoycordobaweb.com\/index.php\/wp-json\/wp\/v2\/posts\/69365\/revisions"}],"wp:featuredmedia":[{"embeddable":true,"href":"http:\/\/hoycordobaweb.com\/index.php\/wp-json\/wp\/v2\/media\/69366"}],"wp:attachment":[{"href":"http:\/\/hoycordobaweb.com\/index.php\/wp-json\/wp\/v2\/media?parent=69365"}],"wp:term":[{"taxonomy":"category","embeddable":true,"href":"http:\/\/hoycordobaweb.com\/index.php\/wp-json\/wp\/v2\/categories?post=69365"},{"taxonomy":"post_tag","embeddable":true,"href":"http:\/\/hoycordobaweb.com\/index.php\/wp-json\/wp\/v2\/tags?post=69365"}],"curies":[{"name":"wp","href":"https:\/\/api.w.org\/{rel}","templated":true}]}}