{"id":69363,"date":"2023-11-07T21:43:25","date_gmt":"2023-11-07T21:43:25","guid":{"rendered":"https:\/\/ladecimaweb.com\/?p=21701"},"modified":"2023-11-07T21:43:25","modified_gmt":"2023-11-07T21:43:25","slug":"secuestran-diez-tapas-de-alcantarillas","status":"publish","type":"post","link":"http:\/\/hoycordobaweb.com\/index.php\/2023\/11\/07\/secuestran-diez-tapas-de-alcantarillas\/","title":{"rendered":"Secuestran diez tapas de alcantarillas"},"content":{"rendered":"<div class=\"boldgrid-section\">\n<div class=\"container\">\n<div class=\"row\">\n<div class=\"col-md-12 col-xs-12 col-sm-12\">\n<p class=\"\">En la v\u00edspera, tras un procedimiento que culmin\u00f3 en Av. Del Trabajo &amp; Augusto L\u00f3pez de B\u00b0 General Bustos, personal policial efectu\u00f3 la aprehensi\u00f3n de un hombre de 35 a\u00f1os y un menor de 16.<\/p>\n<p class=\"\"><strong>Durante el procedimiento se secuestr\u00f3 un carro de supermercado, diez tapas de alcantarillas y dos rejillas de metal que habr\u00edan sustra\u00eddo en la zona.<\/strong><\/p>\n<p class=\"\">Posteriormente, los detenidos y lo incautado quedaron alojados en sede policial a disposici\u00f3n de la Justicia.<\/p>\n<p class=\"\">&nbsp;<\/p>\n<div class=\"ubm_banner\"><a href=\"http:\/\/www.cba.gov.ar\/prevencion-incendios\" target=\"_blank\" rel=\"dofollow noopener noreferrer\"><img src=\"http:\/\/hoycordobaweb.com\/wp-content\/uploads\/2023\/11\/secuestran-diez-tapas-de-alcantarillas.gif\" alt=\"\"><\/a><\/div>\n<\/div>\n<\/div>\n<\/div>\n<\/div>\n<p>La entrada <a rel=\"nofollow\" href=\"https:\/\/ladecimaweb.com\/secuestran-diez-tapas-de-alcantarillas\/\">Secuestran diez tapas de alcantarillas<\/a> se public\u00f3 primero en <a rel=\"nofollow\" href=\"https:\/\/ladecimaweb.com\">LaDecima<\/a>.<\/p>\n","protected":false},"excerpt":{"rendered":"<p>En la v\u00edspera, tras un procedimiento que culmin\u00f3 en Av. Del Trabajo &amp; Augusto L\u00f3pez de B\u00b0 General Bustos, personal policial efectu\u00f3 la aprehensi\u00f3n de un hombre de 35 a\u00f1os y un menor de 16. Durante el procedimiento se secuestr\u00f3 un carro de supermercado, diez tapas de alcantarillas y dos rejillas de metal que habr\u00edan [&hellip;]<\/p>\n","protected":false},"author":1,"featured_media":69364,"comment_status":"closed","ping_status":"closed","sticky":false,"template":"","format":"standard","meta":[],"categories":[19],"tags":[],"_links":{"self":[{"href":"http:\/\/hoycordobaweb.com\/index.php\/wp-json\/wp\/v2\/posts\/69363"}],"collection":[{"href":"http:\/\/hoycordobaweb.com\/index.php\/wp-json\/wp\/v2\/posts"}],"about":[{"href":"http:\/\/hoycordobaweb.com\/index.php\/wp-json\/wp\/v2\/types\/post"}],"author":[{"embeddable":true,"href":"http:\/\/hoycordobaweb.com\/index.php\/wp-json\/wp\/v2\/users\/1"}],"replies":[{"embeddable":true,"href":"http:\/\/hoycordobaweb.com\/index.php\/wp-json\/wp\/v2\/comments?post=69363"}],"version-history":[{"count":0,"href":"http:\/\/hoycordobaweb.com\/index.php\/wp-json\/wp\/v2\/posts\/69363\/revisions"}],"wp:featuredmedia":[{"embeddable":true,"href":"http:\/\/hoycordobaweb.com\/index.php\/wp-json\/wp\/v2\/media\/69364"}],"wp:attachment":[{"href":"http:\/\/hoycordobaweb.com\/index.php\/wp-json\/wp\/v2\/media?parent=69363"}],"wp:term":[{"taxonomy":"category","embeddable":true,"href":"http:\/\/hoycordobaweb.com\/index.php\/wp-json\/wp\/v2\/categories?post=69363"},{"taxonomy":"post_tag","embeddable":true,"href":"http:\/\/hoycordobaweb.com\/index.php\/wp-json\/wp\/v2\/tags?post=69363"}],"curies":[{"name":"wp","href":"https:\/\/api.w.org\/{rel}","templated":true}]}}