{"id":69335,"date":"2023-11-07T06:27:31","date_gmt":"2023-11-07T06:27:31","guid":{"rendered":"https:\/\/www.trendencias.com\/celebrities\/familia-ortega-cano-unida-ana-maria-aldon-no-queremos-saber-nada-ella"},"modified":"2023-11-07T06:27:31","modified_gmt":"2023-11-07T06:27:31","slug":"la-familia-de-ortega-cano-unida-contra-ana-maria-aldon-no-queremos-saber-nada-de-ella","status":"publish","type":"post","link":"http:\/\/hoycordobaweb.com\/index.php\/2023\/11\/07\/la-familia-de-ortega-cano-unida-contra-ana-maria-aldon-no-queremos-saber-nada-de-ella\/","title":{"rendered":"La familia de Ortega Cano, unida contra Ana Mar\u00eda Ald\u00f3n: \u00abNo queremos saber nada de ella\u00bb"},"content":{"rendered":"<p>Apenas hab\u00eda pasado un a\u00f1o desde el divorcio cuando, de pronto, nos topamos con la noticia que tanto sorprendi\u00f3 a Ortega Cano: <strong>Ana Mar\u00eda Ald\u00f3n tiene nuevo novio<\/strong>. Y s\u00ed, era cierto. Un hombre esbelto, natural de Asturias y dedicado al mundo de la empresa, hab\u00eda conquistado el coraz\u00f3n de la ex frutera. Hoy por hoy, contin\u00faan enamorados.<\/p>\n<p><!-- BREAK 1 --> <\/p>\n<div class=\"article-asset article-asset-normal article-asset-center\">\n<div class=\"desvio-container\">\n<div class=\"desvio\">\n<div class=\"desvio-figure js-desvio-figure\"> <a href=\"https:\/\/www.trendencias.com\/moda-famosas\/dos-sandalias-cuna-pikolinos-que-copiar-look-invitada-versatil-gloria-camila\"> <img alt=\"Las dos sandalias con cu\u00f1a de Pikolinos con las que copiar el look de invitada m\u00e1s vers\u00e1til de Gloria Camila \" src=\"http:\/\/hoycordobaweb.com\/wp-content\/uploads\/2023\/11\/la-familia-de-ortega-cano-unida-contra-ana-maria-aldon-no-queremos-saber-nada-de-ella.jpg\"> <\/a> <\/div><\/div><\/div>\n<\/div>\n<p><a href=\"https:\/\/www.trendencias.com\/celebrities\/gloria-camila-reaviva-su-guerra-ana-maria-aldon-comunion-su-hijo-soy-bien-recibida-me-apetecia-ir\">Ald\u00f3n<\/a> es feliz junto a su nuevo churri. Se siente apoyada, respetada y ha encontrado el espacio que en tantas ocasiones le reclam\u00f3 a Ortega. El torero, mientras tanto, est\u00e1 centrado en su familia. A sus 69 a\u00f1os solo quiere paz y armon\u00eda, y aunque <strong>le hubiera gustado recuperar a la madre de su hijo<\/strong> peque\u00f1o, se conforma con vivir en calma.<\/p>\n<p><!-- BREAK 2 --><\/p>\n<p>El pasado fin de semana, tal y como publica <a href=\"https:\/\/www.diezminutos.es\/famosos-corazon\/famosos-espanoles\/a45744863\/familia-de-jose-ortega-cano-estalla-ana-maria-aldon\/?utm_term=Autofeed&amp;utm_medium=Social&amp;utm_source=Facebook#Echobox=1699293085\">Diez Minutos<\/a>, Ortega y su familia se reunieron en un local de San Sebasti\u00e1n de los Reyes. All\u00ed estuvieron <strong>Gloria Camila, Jos\u00e9 Fernando, Rosa Benito y su hija Chayo<\/strong>, la cantante tiktoker. Mari Carmen Ortega, hermana del diestro, y su cu\u00f1ado Aniceto tampoco faltaron a la cita.<\/p>\n<p><!-- BREAK 3 --> <\/p>\n<div class=\"article-asset-image article-asset-normal article-asset-center\">\n<div class=\"asset-content\">\n<div class=\"caption-img \"> <img class=\"centro_sinmarco\" height=\"720\" width=\"1280\" loading=\"lazy\" decoding=\"async\" sizes=\"100vw\" fetchpriority=\"high\" srcset=\"http:\/\/hoycordobaweb.com\/wp-content\/uploads\/2023\/11\/la-familia-de-ortega-cano-unida-contra-ana-maria-aldon-no-queremos-saber-nada-de-ella-1.jpg 450w, http:\/\/hoycordobaweb.com\/wp-content\/uploads\/2023\/11\/la-familia-de-ortega-cano-unida-contra-ana-maria-aldon-no-queremos-saber-nada-de-ella-3.jpg 681w, http:\/\/hoycordobaweb.com\/wp-content\/uploads\/2023\/11\/la-familia-de-ortega-cano-unida-contra-ana-maria-aldon-no-queremos-saber-nada-de-ella-4.jpg 1024w, http:\/\/hoycordobaweb.com\/wp-content\/uploads\/2023\/11\/la-familia-de-ortega-cano-unida-contra-ana-maria-aldon-no-queremos-saber-nada-de-ella-5.jpg 1366w\" src=\"http:\/\/hoycordobaweb.com\/wp-content\/uploads\/2023\/11\/la-familia-de-ortega-cano-unida-contra-ana-maria-aldon-no-queremos-saber-nada-de-ella-1.jpg\" alt=\"Mari Carmen Ortega y Aniceto, su marido - Gtres\"> <noscript><img alt=\"Mari Carmen Ortega y Aniceto, su marido - Gtres\" class=\"centro_sinmarco\" src=\"http:\/\/hoycordobaweb.com\/wp-content\/uploads\/2023\/11\/la-familia-de-ortega-cano-unida-contra-ana-maria-aldon-no-queremos-saber-nada-de-ella-1.jpg\"><\/noscript> <span>Mari Carmen Ortega y Aniceto, su marido &#8211; Gtres<\/span> <\/div><\/div>\n<\/div>\n<p>Al final de la tarde, la prensa se interes\u00f3 por algunos de los invitados y a Mari Carmen se le fue la lengua. Al ser preguntada por su ex cu\u00f1ada, la mism\u00edsima Ana Mar\u00eda, no dud\u00f3 en mostrar sus sentimientos: <strong>\u00abMe da igual. No quiero saber nada de esa persona. No me interesa<\/strong>\u00ab.<\/p>\n<p><!-- BREAK 4 --><\/p>\n<p>Benito, en cambio, se mostr\u00f3 mas comedida. Despu\u00e9s de vivir una pandemia, asegur\u00f3 que lo \u00fanico importante es ser felices y olvidar los malos ratos. Con este pac\u00edfico alegato, Rosa abandon\u00f3 la fiesta y se dirigi\u00f3 a su hogar.<\/p>\n<p><!-- BREAK 5 --><\/p>\n<p>Fotos | Gtres<\/p>\n<p>En Trendencias | <a href=\"https:\/\/www.trendencias.com\/moda-famosas\/gloria-camila-tiene-botas-militares-perfectas-para-crear-lookazos-plena-ola-frio-dr-martens-tiene-unas-parecidas\">Gloria Camila tiene las botas militares perfectas para crear lookazos en plena ola de fr\u00edo<\/a><\/p>\n<p><!-- BREAK 6 --> <\/p>\n","protected":false},"excerpt":{"rendered":"<p>Apenas hab\u00eda pasado un a\u00f1o desde el divorcio cuando, de pronto, nos topamos con la noticia que tanto sorprendi\u00f3 a Ortega Cano: Ana Mar\u00eda Ald\u00f3n tiene nuevo novio. Y s\u00ed, era cierto. Un hombre esbelto, natural de Asturias y dedicado al mundo de la empresa, hab\u00eda conquistado el coraz\u00f3n de la ex frutera. Hoy por [&hellip;]<\/p>\n","protected":false},"author":1,"featured_media":69336,"comment_status":"closed","ping_status":"closed","sticky":false,"template":"","format":"standard","meta":[],"categories":[1],"tags":[],"_links":{"self":[{"href":"http:\/\/hoycordobaweb.com\/index.php\/wp-json\/wp\/v2\/posts\/69335"}],"collection":[{"href":"http:\/\/hoycordobaweb.com\/index.php\/wp-json\/wp\/v2\/posts"}],"about":[{"href":"http:\/\/hoycordobaweb.com\/index.php\/wp-json\/wp\/v2\/types\/post"}],"author":[{"embeddable":true,"href":"http:\/\/hoycordobaweb.com\/index.php\/wp-json\/wp\/v2\/users\/1"}],"replies":[{"embeddable":true,"href":"http:\/\/hoycordobaweb.com\/index.php\/wp-json\/wp\/v2\/comments?post=69335"}],"version-history":[{"count":0,"href":"http:\/\/hoycordobaweb.com\/index.php\/wp-json\/wp\/v2\/posts\/69335\/revisions"}],"wp:featuredmedia":[{"embeddable":true,"href":"http:\/\/hoycordobaweb.com\/index.php\/wp-json\/wp\/v2\/media\/69336"}],"wp:attachment":[{"href":"http:\/\/hoycordobaweb.com\/index.php\/wp-json\/wp\/v2\/media?parent=69335"}],"wp:term":[{"taxonomy":"category","embeddable":true,"href":"http:\/\/hoycordobaweb.com\/index.php\/wp-json\/wp\/v2\/categories?post=69335"},{"taxonomy":"post_tag","embeddable":true,"href":"http:\/\/hoycordobaweb.com\/index.php\/wp-json\/wp\/v2\/tags?post=69335"}],"curies":[{"name":"wp","href":"https:\/\/api.w.org\/{rel}","templated":true}]}}