{"id":69311,"date":"2023-11-07T02:07:29","date_gmt":"2023-11-07T02:07:29","guid":{"rendered":"https:\/\/www.ole.com.ar\/ecuador\/liga-pro\/ligapro-fecha-12-universidad-catolica-libertad_0_t27uAvAlS8.html"},"modified":"2023-11-07T02:07:29","modified_gmt":"2023-11-07T02:07:29","slug":"punto-que-suma-universidad-catolica-y-libertad-no-se-sacaron-diferencias-en-el-atahualpa","status":"publish","type":"post","link":"http:\/\/hoycordobaweb.com\/index.php\/2023\/11\/07\/punto-que-suma-universidad-catolica-y-libertad-no-se-sacaron-diferencias-en-el-atahualpa\/","title":{"rendered":"Punto que suma: Universidad Cat\u00f3lica y Libertad no se sacaron diferencias en el Atahualpa"},"content":{"rendered":"<p><img src=\"http:\/\/hoycordobaweb.com\/wp-content\/uploads\/2023\/11\/punto-que-suma-universidad-catolica-y-libertad-no-se-sacaron-diferencias-en-el-atahualpa.jpg\"><\/p>\n<p><time class=\"createDate\" datetime=\"2023-11-06T23:07:29-03:00\">06\/11\/2023 23:07hs.<\/time><time class=\"modificatedDate\" datetime=\"2023-11-06T23:18:44-03:00\"> Actualizado al 06\/11\/2023 23:18hs.<\/time><\/p>\n<div id=\"storyBody\">\n<div class=\"custom-text \" readability=\"31.865671641791\">\n<p>Este lunes se cerr\u00f3 una nueva jornada de la <a href=\"https:\/\/www.ole.com.ar\/tema\/ligapro.html\" title=\"LigaPro\" alt=\"LigaPro\" class=\"slug\">LigaPro<\/a> con <a href=\"https:\/\/www.ole.com.ar\/tema\/universidad-catolica.html\" title=\"Universidad Cat\u00f3lica\" alt=\"Universidad Cat\u00f3lica\" class=\"slug\">Universidad Cat\u00f3lica<\/a> recibiendo a <a href=\"https:\/\/www.ole.com.ar\/tema\/libertad-fc.html\" title=\"Libertad FC\" alt=\"Libertad FC\" class=\"slug\">Libertad<\/a> en el Ol\u00edmpico Atahualpa. Un duelo con realidades diferentes se vivi\u00f3 en Quito al tener a la Chatole\u00ed peleando por entrar a torneos internacional y a los lojanos queriendo alejarse del descenso. <strong>0-0 fue el marcador tras 90 minutos donde los locales no lograron traducir el manejo del bal\u00f3n en gol.<\/strong><\/p>\n<\/div>\n<div class=\"custom-text \" readability=\"38\">\n<p><strong>A pesar de que Cat\u00f3lica llegaba como favorito, Libertado logr\u00f3 plantarse bien y complicaron a los Camarattas<\/strong>. La Chatole\u00ed tuvo la m\u00e1s clara del primer tiempo con un remate de Santiago Zamora que impact\u00f3 en el travesa\u00f1o, el cual impidi\u00f3 que los dirigidos por Igor Oca se pongan en ventaja. Una mala noticia para los locales, fue que Mauro D\u00edaz sali\u00f3 lesionado en su rodilla izquierda durante el PT.<\/p>\n<\/div>\n<div class=\"custom-text \" readability=\"38\">\n<p>La defensa de Libertad complic\u00f3 a los Cammaratas, quienes no lograron generar muchas ocasiones de gol. <strong>Una de las mejores jugadas que tuvo la Chatole\u00ed, fue un cabezazo de Ismael D\u00edaz tras un tiro de esquina, en el que el jugador paname\u00f1o conect\u00f3 mal la pelota con su cabeza y envi\u00f3 el bal\u00f3n por arriba del arco rival.<\/strong><\/p>\n<\/div>\n<div class=\"custom-text \" readability=\"32.49\">\n<p>En los minutos finales, la Cat\u00f3lica manej\u00f3 el bal\u00f3n y se adelant\u00f3 para buscar la victoria. Libertad mantuvo la solidez defensiva ante un rival que mostr\u00f3 poco peso en ataque con Joffre Esobar y Federico Andrada siendo poco influyentes. <strong>El 0-0 no se movi\u00f3 y los equipos terminaron reparti\u00e9ndose los puntos<\/strong>. <a href=\"https:\/\/www.ole.com.ar\/ecuador\/la-tri\/seleccion-ecuador-eliminatorias-sudamericanas-lista-venezuela-ligapro_0_gW18tOT5AH.html\" target=\"_self\" title=\"Rafael Romo, arquero venezolano citado a las Eliminatorias\" alt=\"Rafael Romo, arquero venezolano citado a las Eliminatorias\" rel=\"noopener noreferrer\">Rafael Romo, arquero venezolano citado a las Eliminatorias<\/a>, fue titular en los locales.<\/p>\n<\/div>\n<div class=\"sc-e7b891c4-0 jPbnQF\"><img alt=\"Universidad Cat\u00f3lica y Libertad empataron 0-0. (API)\" src=\"http:\/\/hoycordobaweb.com\/wp-content\/uploads\/2023\/11\/punto-que-suma-universidad-catolica-y-libertad-no-se-sacaron-diferencias-en-el-atahualpa-2.jpg\" width=\"720\" height=\"100\" decoding=\"async\" data-nimg=\"future\" loading=\"lazy\"><span class=\"epigraphe\">Universidad Cat\u00f3lica y Libertad empataron 0-0. (API)<\/span><\/div>\n<div class=\"custom-text \" readability=\"37\">\n<p>Con el empate, Cat\u00f3lica sum\u00f3 40 puntos en la tabla acumulada y se afianza en su objetivo de clasificar a un torneo internacional. Por su parte, Libertad alcanz\u00f3 los 24 puntos y sigue fuera de la zona de descenso, a dos de Gualaceo y a cuatro de Guayaquil City.<\/p>\n<\/div>\n<div class=\"sc-e7b891c4-0 jPbnQF\"><img alt=\"Universidad Cat\u00f3lica y Libertad empataron 0-0. (API)\" src=\"http:\/\/hoycordobaweb.com\/wp-content\/uploads\/2023\/11\/punto-que-suma-universidad-catolica-y-libertad-no-se-sacaron-diferencias-en-el-atahualpa-3.jpg\" width=\"720\" height=\"100\" decoding=\"async\" data-nimg=\"future\" loading=\"lazy\"><span class=\"epigraphe\">Universidad Cat\u00f3lica y Libertad empataron 0-0. (API)<\/span><\/div>\n<div class=\"sc-a7166897-0 exHLBh\" readability=\"6\">\n<section readability=\"2\"><picture><img alt=\"Oficial: Chito Vera pelear\u00e1 por el t\u00edtulo de UFC\" src=\"http:\/\/hoycordobaweb.com\/wp-content\/uploads\/2023\/11\/punto-que-suma-universidad-catolica-y-libertad-no-se-sacaron-diferencias-en-el-atahualpa-4.jpg\" width=\"290\" height=\"290\" decoding=\"async\" data-nimg=\"future\" loading=\"lazy\"><\/picture>\n<p><span>Mir\u00e1 tambi\u00e9n<\/span><\/p>\n<hr>\n<h3>Oficial: Chito Vera pelear\u00e1 por el t\u00edtulo de UFC<\/h3>\n<\/p>\n<\/section>\n<\/div>\n<div class=\"sc-a7166897-0 exHLBh\" readability=\"6\">\n<section readability=\"2\"><picture><img alt=\"Diego Mart\u00ednez y el debut de La Tri Sub 17 en el Mundial: &quot;Va a ser desafiante&quot;\" src=\"http:\/\/hoycordobaweb.com\/wp-content\/uploads\/2023\/11\/punto-que-suma-universidad-catolica-y-libertad-no-se-sacaron-diferencias-en-el-atahualpa-5.jpg\" width=\"290\" height=\"290\" decoding=\"async\" data-nimg=\"future\" loading=\"lazy\"><\/picture>\n<p><span>Mir\u00e1 tambi\u00e9n<\/span><\/p>\n<hr>\n<h3>Diego Mart\u00ednez y el debut de La Tri Sub 17 en el Mundial: \u00abVa a ser desafiante\u00bb<\/h3>\n<\/p>\n<\/section>\n<\/div>\n<div class=\"sc-a7166897-0 exHLBh\" readability=\"6\">\n<section readability=\"2\"><picture><img alt=\"Video: a Mois\u00e9s Caicedo le anularon su primer gol en el Chelsea\" src=\"http:\/\/hoycordobaweb.com\/wp-content\/uploads\/2023\/11\/punto-que-suma-universidad-catolica-y-libertad-no-se-sacaron-diferencias-en-el-atahualpa-6.jpg\" width=\"290\" height=\"290\" decoding=\"async\" data-nimg=\"future\" loading=\"lazy\"><\/picture>\n<p><span>Mir\u00e1 tambi\u00e9n<\/span><\/p>\n<hr>\n<h3>Video: a Mois\u00e9s Caicedo le anularon su primer gol en el Chelsea<\/h3>\n<\/p>\n<\/section>\n<\/div>\n<div class=\"sc-a7166897-0 exHLBh\" readability=\"6\">\n<section readability=\"2\"><picture><img alt=\"Antonio \u00c1lvarez se adjudica ser el \u00fanico candidato a presidente en Barcelona\" src=\"http:\/\/hoycordobaweb.com\/wp-content\/uploads\/2023\/11\/punto-que-suma-universidad-catolica-y-libertad-no-se-sacaron-diferencias-en-el-atahualpa-7.jpg\" width=\"290\" height=\"290\" decoding=\"async\" data-nimg=\"future\" loading=\"lazy\"><\/picture>\n<p><span>Mir\u00e1 tambi\u00e9n<\/span><\/p>\n<hr>\n<h3>Antonio \u00c1lvarez se adjudica ser el \u00fanico candidato a presidente en Barcelona<\/h3>\n<\/p>\n<\/section>\n<\/div>\n<div class=\"sc-a7166897-0 exHLBh\" readability=\"6\">\n<section readability=\"2\"><picture><img alt=\"\u00a1Liberaron a Iv\u00e1n Kaviedes!\" src=\"http:\/\/hoycordobaweb.com\/wp-content\/uploads\/2023\/11\/punto-que-suma-universidad-catolica-y-libertad-no-se-sacaron-diferencias-en-el-atahualpa-8.jpg\" width=\"290\" height=\"290\" decoding=\"async\" data-nimg=\"future\" loading=\"lazy\"><\/picture>\n<p><span>Mir\u00e1 tambi\u00e9n<\/span><\/p>\n<hr>\n<h3>\u00a1Liberaron a Iv\u00e1n Kaviedes!<\/h3>\n<\/p>\n<\/section>\n<\/div>\n<\/div>\n","protected":false},"excerpt":{"rendered":"<p>06\/11\/2023 23:07hs. Actualizado al 06\/11\/2023 23:18hs. Este lunes se cerr\u00f3 una nueva jornada de la LigaPro con Universidad Cat\u00f3lica recibiendo a Libertad en el Ol\u00edmpico Atahualpa. Un duelo con realidades diferentes se vivi\u00f3 en Quito al tener a la Chatole\u00ed peleando por entrar a torneos internacional y a los lojanos queriendo alejarse del descenso. 0-0 [&hellip;]<\/p>\n","protected":false},"author":1,"featured_media":69312,"comment_status":"open","ping_status":"closed","sticky":false,"template":"","format":"standard","meta":[],"categories":[16],"tags":[],"_links":{"self":[{"href":"http:\/\/hoycordobaweb.com\/index.php\/wp-json\/wp\/v2\/posts\/69311"}],"collection":[{"href":"http:\/\/hoycordobaweb.com\/index.php\/wp-json\/wp\/v2\/posts"}],"about":[{"href":"http:\/\/hoycordobaweb.com\/index.php\/wp-json\/wp\/v2\/types\/post"}],"author":[{"embeddable":true,"href":"http:\/\/hoycordobaweb.com\/index.php\/wp-json\/wp\/v2\/users\/1"}],"replies":[{"embeddable":true,"href":"http:\/\/hoycordobaweb.com\/index.php\/wp-json\/wp\/v2\/comments?post=69311"}],"version-history":[{"count":0,"href":"http:\/\/hoycordobaweb.com\/index.php\/wp-json\/wp\/v2\/posts\/69311\/revisions"}],"wp:featuredmedia":[{"embeddable":true,"href":"http:\/\/hoycordobaweb.com\/index.php\/wp-json\/wp\/v2\/media\/69312"}],"wp:attachment":[{"href":"http:\/\/hoycordobaweb.com\/index.php\/wp-json\/wp\/v2\/media?parent=69311"}],"wp:term":[{"taxonomy":"category","embeddable":true,"href":"http:\/\/hoycordobaweb.com\/index.php\/wp-json\/wp\/v2\/categories?post=69311"},{"taxonomy":"post_tag","embeddable":true,"href":"http:\/\/hoycordobaweb.com\/index.php\/wp-json\/wp\/v2\/tags?post=69311"}],"curies":[{"name":"wp","href":"https:\/\/api.w.org\/{rel}","templated":true}]}}