{"id":69245,"date":"2023-11-04T11:13:00","date_gmt":"2023-11-04T11:13:00","guid":{"rendered":"https:\/\/fm-comunicar.com.ar\/contenido\/20885\/40-anos-de-democracia-como-se-vivieron-las-elecciones-de-1983-en-colonia-caroya"},"modified":"2023-11-04T11:13:00","modified_gmt":"2023-11-04T11:13:00","slug":"40-anos-de-democracia-como-se-vivieron-las-elecciones-de-1983-en-colonia-caroya","status":"publish","type":"post","link":"http:\/\/hoycordobaweb.com\/index.php\/2023\/11\/04\/40-anos-de-democracia-como-se-vivieron-las-elecciones-de-1983-en-colonia-caroya\/","title":{"rendered":"40 a\u00f1os de democracia: c\u00f3mo se vivieron las elecciones de 1983 en Colonia Caroya"},"content":{"rendered":"<p>Entre tres candidatos, la Colonia, que ya hab\u00eda superado los 10 mil habitantes, eligi\u00f3 por amplia mayor\u00eda al radical Dalmacio Cadamuro el 30 de octubre de aquel a\u00f1o.<img src=\"http:\/\/hoycordobaweb.com\/wp-content\/uploads\/2023\/11\/40-anos-de-democracia-como-se-vivieron-las-elecciones-de-1983-en-colonia-caroya.jpg\"><\/p>\n","protected":false},"excerpt":{"rendered":"<p>Entre tres candidatos, la Colonia, que ya hab\u00eda superado los 10 mil habitantes, eligi\u00f3 por amplia mayor\u00eda al radical Dalmacio Cadamuro el 30 de octubre de aquel a\u00f1o.<\/p>\n","protected":false},"author":1,"featured_media":69246,"comment_status":"closed","ping_status":"closed","sticky":false,"template":"","format":"standard","meta":[],"categories":[18],"tags":[],"_links":{"self":[{"href":"http:\/\/hoycordobaweb.com\/index.php\/wp-json\/wp\/v2\/posts\/69245"}],"collection":[{"href":"http:\/\/hoycordobaweb.com\/index.php\/wp-json\/wp\/v2\/posts"}],"about":[{"href":"http:\/\/hoycordobaweb.com\/index.php\/wp-json\/wp\/v2\/types\/post"}],"author":[{"embeddable":true,"href":"http:\/\/hoycordobaweb.com\/index.php\/wp-json\/wp\/v2\/users\/1"}],"replies":[{"embeddable":true,"href":"http:\/\/hoycordobaweb.com\/index.php\/wp-json\/wp\/v2\/comments?post=69245"}],"version-history":[{"count":0,"href":"http:\/\/hoycordobaweb.com\/index.php\/wp-json\/wp\/v2\/posts\/69245\/revisions"}],"wp:featuredmedia":[{"embeddable":true,"href":"http:\/\/hoycordobaweb.com\/index.php\/wp-json\/wp\/v2\/media\/69246"}],"wp:attachment":[{"href":"http:\/\/hoycordobaweb.com\/index.php\/wp-json\/wp\/v2\/media?parent=69245"}],"wp:term":[{"taxonomy":"category","embeddable":true,"href":"http:\/\/hoycordobaweb.com\/index.php\/wp-json\/wp\/v2\/categories?post=69245"},{"taxonomy":"post_tag","embeddable":true,"href":"http:\/\/hoycordobaweb.com\/index.php\/wp-json\/wp\/v2\/tags?post=69245"}],"curies":[{"name":"wp","href":"https:\/\/api.w.org\/{rel}","templated":true}]}}