{"id":69223,"date":"2023-11-04T13:03:28","date_gmt":"2023-11-04T13:03:28","guid":{"rendered":"https:\/\/www.mujerhoy.com\/moda\/no-te-pierdas\/cinco-chaquetas-acolchadas-estilo-portuguesas-20231104140301-nt.html"},"modified":"2023-11-04T13:03:28","modified_gmt":"2023-11-04T13:03:28","slug":"cinco-chaquetas-acolchadas-que-van-a-querer-llevar-las-portuguesas","status":"publish","type":"post","link":"http:\/\/hoycordobaweb.com\/index.php\/2023\/11\/04\/cinco-chaquetas-acolchadas-que-van-a-querer-llevar-las-portuguesas\/","title":{"rendered":"Cinco chaquetas acolchadas que van a querer llevar las portuguesas"},"content":{"rendered":"<p><!-- AUTHOR --> <\/p>\n<div class=\"voc-author-timesocial \"> <!-- AUTHOR --> <\/p>\n<div class=\"voc-author-timesocial__signature\"> <!-- IMAGE AUTHOR --> <picture class=\"voc-image-signature\"> <img class=\"voc-image-signature__img\" src=\"http:\/\/hoycordobaweb.com\/wp-content\/uploads\/2023\/11\/cinco-chaquetas-acolchadas-que-van-a-querer-llevar-las-portuguesas.jpg\" alt=\"Carla Dom\u00ednguez\"> <\/picture> <!-- INFO AUTHOR --> <\/div><\/div>\n<p> <!-- COMPONENTS --> <\/p>\n<p class=\"voc-paragraph\">Uno de los estilos m\u00e1s copiados hace unos a\u00f1os era de <a data-voc-vtm-id=\"in-text-traffic\" href=\"https:\/\/www.mujerhoy.com\/moda\/tendencias\/efecto-viejo-tendencia-danesas-ponibles-20230924132316-nt.html\">las danesas<\/a>. Luc\u00edan un estilo llamativo, desenfadado y algo m\u00e1s original al que ve\u00edamos al resto de mujeres en Europa. Sin embargo, a\u00f1os m\u00e1s tarde decidieron pasarse a un look algo m\u00e1s minimalista.\n<\/p>\n<p class=\"voc-paragraph\">Pues bien, quienes han seguido la estela de las danesas, con tonos llamativos y coloridos son <a data-voc-vtm-id=\"in-text-traffic\" href=\"https:\/\/www.mujerhoy.com\/moda\/no-te-pierdas\/como-vestir-chica-portuguesas-estilo-viral-tiktok-ideas-ropa-20231026013226-nt.html\">las portuguesas<\/a>. Sus looks se han convertido r\u00e1pidamente en virales a trav\u00e9s de redes sociales como Tiktok. Mezclan estampados, se atreven con todo y son las nuevas reinas del <i>street style.<\/i><\/p>\n<p class=\"voc-paragraph\">Si quieres inspirarte en su look, puedes hacerlo. Una buena forma de conseguir el look portugu\u00e9s es a trav\u00e9s de chaquetas coloridas y llamativas. Las <strong>chaquetas acolchadas multicolor<\/strong> o con tejido patchwork son una de las favoritas de estas influencers.\n<\/p>\n<p class=\"voc-paragraph\">Ahora sumarte a esta nueva tendencia es m\u00e1s f\u00e1cil de lo que piensas. Para ello, te hemos buscado algunas <strong>chaquetas multicolor<\/strong> ideales para que puedas lucir el estilo que est\u00e1 dominando la temporada. Chaquetas acolchadas de S\u00e9zane, entr otras firmas.\n<\/p>\n<div class=\"voc-detail-photo-zoom\"> <picture data-toggle=\"modal\" data-target=\"#photoZoomModal-571\" target=\"modal\">\n<div class=\"voc-img-icon-link\"> <img loading=\"lazy\" data-original=\"\/\/static.mujerhoy.com\/www\/multimedia\/202310\/27\/media\/cortadas\/chaqueta-acolchada-bash-kstE--650x900@MujerHoy.jpg\" class=\"lazy adsviu_analyse\" alt=\"Chaqueta acolchada de Ba&amp;sh. Foto: Ba&amp;sh. \"> <noscript> <img src=\"http:\/\/hoycordobaweb.com\/wp-content\/uploads\/2023\/11\/cinco-chaquetas-acolchadas-que-van-a-querer-llevar-las-portuguesas.webp\" alt=\"Chaqueta acolchada de Ba&amp;sh. Foto: Ba&amp;sh. \"> <\/noscript> <i class=\"voc-icons zoom voc-multimedia-box voc-ico-l\"><\/i> <\/div><figcaption class=\"figure-caption\">Chaqueta acolchada de Ba&amp;sh. Foto: Ba&amp;sh. <\/figcaption><\/picture>\n<\/div>\n<div id=\"photoZoomModal-571\" class=\"voc-lightbox modal fade voc-lightbox--photo-zoom\" role=\"dialog\" data-voc-photozoom-lightbox>\n<div class=\"voc-lightbox__dialog\" role=\"document\">\n<div class=\"voc-lightbox__content\"> <!-- Modal header --> <!-- Modal content --> <\/p>\n<div class=\"voc-lightbox__photo-container\"> <picture class> <img loading=\"lazy\" data-original=\"\/\/static.mujerhoy.com\/www\/multimedia\/202310\/27\/media\/cortadas\/chaqueta-acolchada-bash-kstE--650x900@MujerHoy.jpg\" alt=\"Chaqueta acolchada de Ba&amp;sh. Foto: Ba&amp;sh. \" class=\"lazy\"> <noscript> <img src=\"http:\/\/hoycordobaweb.com\/wp-content\/uploads\/2023\/11\/cinco-chaquetas-acolchadas-que-van-a-querer-llevar-las-portuguesas.webp\" alt=\"Chaqueta acolchada de Ba&amp;sh. Foto: Ba&amp;sh. \"> <\/noscript> <\/picture> <\/div><\/div><\/div>\n<\/div>\n<p class=\"voc-paragraph\"><strong>Chaqueta acolchada de Ba&amp;sh.<\/strong> Es una de las firmas parisinas m\u00e1s populares. Entre sus nuevas prendas, hemos fichado esta chaqueta acolchada ideal de manga larga que adem\u00e1s, es reversible. Es el modelo Terry y cuenta con un corte entallado y mangas amplias. Precio: 172 euros.\n<\/p>\n<div class=\"voc-detail-photo-zoom\"> <picture data-toggle=\"modal\" data-target=\"#photoZoomModal-435\" target=\"modal\">\n<div class=\"voc-img-icon-link\"> <img loading=\"lazy\" data-original=\"\/\/static2.mujerhoy.com\/www\/multimedia\/202310\/27\/media\/cortadas\/chaqueta-multicolor-niza-zalando-kstE--650x900@MujerHoy.jpg\" class=\"lazy adsviu_analyse\" alt=\"Chaqueta acolchada multicolor de Niza. Foto: Niza.\"> <noscript> <img src=\"http:\/\/hoycordobaweb.com\/wp-content\/uploads\/2023\/11\/cinco-chaquetas-acolchadas-que-van-a-querer-llevar-las-portuguesas-1.webp\" alt=\"Chaqueta acolchada multicolor de Niza. Foto: Niza.\"> <\/noscript> <i class=\"voc-icons zoom voc-multimedia-box voc-ico-l\"><\/i> <\/div><figcaption class=\"figure-caption\">Chaqueta acolchada multicolor de Niza. Foto: Niza.<\/figcaption><\/picture>\n<\/div>\n<div id=\"photoZoomModal-435\" class=\"voc-lightbox modal fade voc-lightbox--photo-zoom\" role=\"dialog\" data-voc-photozoom-lightbox>\n<div class=\"voc-lightbox__dialog\" role=\"document\">\n<div class=\"voc-lightbox__content\"> <!-- Modal header --> <!-- Modal content --> <\/p>\n<div class=\"voc-lightbox__photo-container\"> <picture class> <img loading=\"lazy\" data-original=\"\/\/static2.mujerhoy.com\/www\/multimedia\/202310\/27\/media\/cortadas\/chaqueta-multicolor-niza-zalando-kstE--650x900@MujerHoy.jpg\" alt=\"Chaqueta acolchada multicolor de Niza. Foto: Niza.\" class=\"lazy\"> <noscript> <img src=\"http:\/\/hoycordobaweb.com\/wp-content\/uploads\/2023\/11\/cinco-chaquetas-acolchadas-que-van-a-querer-llevar-las-portuguesas-1.webp\" alt=\"Chaqueta acolchada multicolor de Niza. Foto: Niza.\"> <\/noscript> <\/picture> <\/div><\/div><\/div>\n<\/div>\n<p class=\"voc-paragraph\"><strong>Chaqueta acolchada multicolor de Niza.<\/strong> Se trata de una chaqueta de manga larga y ligeramente abullonadas. Es una chaqueta con botones en la parte central y lazada en la cintura. cuenta con un dise\u00f1o multicolor ideal y con mucha personalidad. Precio: 149,90 euros.\n<\/p>\n<div class=\"voc-detail-photo-zoom\"> <picture data-toggle=\"modal\" data-target=\"#photoZoomModal-272\" target=\"modal\">\n<div class=\"voc-img-icon-link\"> <img loading=\"lazy\" data-original=\"\/\/static1.mujerhoy.com\/www\/multimedia\/202310\/27\/media\/cortadas\/chaqueta-acolchada-multicolor-sezane-kstE--650x900@MujerHoy.jpg\" class=\"lazy adsviu_analyse\" alt=\"Chaqueta patchwork en azul de S\u00e9zane. Foto: S\u00e9zane.\"> <noscript> <img src=\"http:\/\/hoycordobaweb.com\/wp-content\/uploads\/2023\/11\/cinco-chaquetas-acolchadas-que-van-a-querer-llevar-las-portuguesas-2.webp\" alt=\"Chaqueta patchwork en azul de S\u00e9zane. Foto: S\u00e9zane.\"> <\/noscript> <i class=\"voc-icons zoom voc-multimedia-box voc-ico-l\"><\/i> <\/div><figcaption class=\"figure-caption\">Chaqueta patchwork en azul de S\u00e9zane. Foto: S\u00e9zane.<\/figcaption><\/picture>\n<\/div>\n<div id=\"photoZoomModal-272\" class=\"voc-lightbox modal fade voc-lightbox--photo-zoom\" role=\"dialog\" data-voc-photozoom-lightbox>\n<div class=\"voc-lightbox__dialog\" role=\"document\">\n<div class=\"voc-lightbox__content\"> <!-- Modal header --> <!-- Modal content --> <\/p>\n<div class=\"voc-lightbox__photo-container\"> <picture class> <img loading=\"lazy\" data-original=\"\/\/static1.mujerhoy.com\/www\/multimedia\/202310\/27\/media\/cortadas\/chaqueta-acolchada-multicolor-sezane-kstE--650x900@MujerHoy.jpg\" alt=\"Chaqueta patchwork en azul de S\u00e9zane. Foto: S\u00e9zane.\" class=\"lazy\"> <noscript> <img src=\"http:\/\/hoycordobaweb.com\/wp-content\/uploads\/2023\/11\/cinco-chaquetas-acolchadas-que-van-a-querer-llevar-las-portuguesas-2.webp\" alt=\"Chaqueta patchwork en azul de S\u00e9zane. Foto: S\u00e9zane.\"> <\/noscript> <\/picture> <\/div><\/div><\/div>\n<\/div>\n<p class=\"voc-paragraph\"><strong>Chaqueta patchwork de S\u00e9zane.<\/strong> Otra de las firmas que tambi\u00e9n cuenta con piezas ideales que podr\u00edan llevar perfectamente las portuguesas es la S\u00e9zane. Entre sus novedades se encuentra una chaqueta estilo patchwork ideal en color azul con cuello alto. Precio: 230 euros.\n<\/p>\n<div class=\"voc-detail-photo-zoom\"> <picture data-toggle=\"modal\" data-target=\"#photoZoomModal-1\" target=\"modal\">\n<div class=\"voc-img-icon-link\"> <img loading=\"lazy\" data-original=\"\/\/static.mujerhoy.com\/www\/multimedia\/202310\/27\/media\/cortadas\/leon-harper-chaqueta-acolchada-multicolro-kstE--650x900@MujerHoy.jpg\" class=\"lazy adsviu_analyse\" alt=\"Chaqueta estampada de Leon &amp; Harper. Foto: Leon &amp; Harper.\"> <noscript> <img src=\"http:\/\/hoycordobaweb.com\/wp-content\/uploads\/2023\/11\/cinco-chaquetas-acolchadas-que-van-a-querer-llevar-las-portuguesas-1.jpg\" alt=\"Chaqueta estampada de Leon &amp; Harper. Foto: Leon &amp; Harper.\"> <\/noscript> <i class=\"voc-icons zoom voc-multimedia-box voc-ico-l\"><\/i> <\/div><figcaption class=\"figure-caption\">Chaqueta estampada de Leon &amp; Harper. Foto: Leon &amp; Harper.<\/figcaption><\/picture>\n<\/div>\n<div id=\"photoZoomModal-1\" class=\"voc-lightbox modal fade voc-lightbox--photo-zoom\" role=\"dialog\" data-voc-photozoom-lightbox>\n<div class=\"voc-lightbox__dialog\" role=\"document\">\n<div class=\"voc-lightbox__content\"> <!-- Modal header --> <!-- Modal content --> <\/p>\n<div class=\"voc-lightbox__photo-container\"> <picture class> <img loading=\"lazy\" data-original=\"\/\/static.mujerhoy.com\/www\/multimedia\/202310\/27\/media\/cortadas\/leon-harper-chaqueta-acolchada-multicolro-kstE--650x900@MujerHoy.jpg\" alt=\"Chaqueta estampada de Leon &amp; Harper. Foto: Leon &amp; Harper.\" class=\"lazy\"> <noscript> <img src=\"http:\/\/hoycordobaweb.com\/wp-content\/uploads\/2023\/11\/cinco-chaquetas-acolchadas-que-van-a-querer-llevar-las-portuguesas-1.jpg\" alt=\"Chaqueta estampada de Leon &amp; Harper. Foto: Leon &amp; Harper.\"> <\/noscript> <\/picture> <\/div><\/div><\/div>\n<\/div>\n<p class=\"voc-paragraph\"><strong>Chaqueta estampada de Leon &amp; Harper.<\/strong> Otra chaqueta estampada preciosa es este modelo de la firma Lemon &amp; Harper. Es un dise\u00f1o estilo kimono en color verde y rojo con estampado de flores. Adem\u00e1s, es una chaqueta que ahora est\u00e1 de rebajas a 126,05 euros.\n<\/p>\n<div class=\"voc-detail-photo-zoom\"> <picture data-toggle=\"modal\" data-target=\"#photoZoomModal-179\" target=\"modal\">\n<div class=\"voc-img-icon-link\"> <img loading=\"lazy\" data-original=\"\/\/static.mujerhoy.com\/www\/multimedia\/202310\/27\/media\/cortadas\/chaqueta-acolchada-lululemon-kstE--650x900@MujerHoy.jpg\" class=\"lazy adsviu_analyse\" alt=\"Chaqueta acolchada multicolor de Lululemon. Foto: Lululemon.\"> <noscript> <img src=\"http:\/\/hoycordobaweb.com\/wp-content\/uploads\/2023\/11\/cinco-chaquetas-acolchadas-que-van-a-querer-llevar-las-portuguesas-3.webp\" alt=\"Chaqueta acolchada multicolor de Lululemon. Foto: Lululemon.\"> <\/noscript> <i class=\"voc-icons zoom voc-multimedia-box voc-ico-l\"><\/i> <\/div><figcaption class=\"figure-caption\">Chaqueta acolchada multicolor de Lululemon. Foto: Lululemon.<\/figcaption><\/picture>\n<\/div>\n<div id=\"photoZoomModal-179\" class=\"voc-lightbox modal fade voc-lightbox--photo-zoom\" role=\"dialog\" data-voc-photozoom-lightbox>\n<div class=\"voc-lightbox__dialog\" role=\"document\">\n<div class=\"voc-lightbox__content\"> <!-- Modal header --> <!-- Modal content --> <\/p>\n<div class=\"voc-lightbox__photo-container\"> <picture class> <img loading=\"lazy\" data-original=\"\/\/static.mujerhoy.com\/www\/multimedia\/202310\/27\/media\/cortadas\/chaqueta-acolchada-lululemon-kstE--650x900@MujerHoy.jpg\" alt=\"Chaqueta acolchada multicolor de Lululemon. Foto: Lululemon.\" class=\"lazy\"> <noscript> <img src=\"http:\/\/hoycordobaweb.com\/wp-content\/uploads\/2023\/11\/cinco-chaquetas-acolchadas-que-van-a-querer-llevar-las-portuguesas-3.webp\" alt=\"Chaqueta acolchada multicolor de Lululemon. Foto: Lululemon.\"> <\/noscript> <\/picture> <\/div><\/div><\/div>\n<\/div>\n<p class=\"voc-paragraph\"><strong>Chaqueta acolchada multicolor de Lululemon.<\/strong> Si buscas una chaqueta original y adem\u00e1s de calidad, te recomendamos este dise\u00f1o de la firma Lululemon. Se trata de una chaqueta estampada en violeta y morado que protege tambi\u00e9n del fr\u00edo. Precio: 189 euros (antes 248 euros).\n<\/p>\n<p> <!-- TOPICS --> <\/p>\n","protected":false},"excerpt":{"rendered":"<p>Uno de los estilos m\u00e1s copiados hace unos a\u00f1os era de las danesas. Luc\u00edan un estilo llamativo, desenfadado y algo m\u00e1s original al que ve\u00edamos al resto de mujeres en Europa. Sin embargo, a\u00f1os m\u00e1s tarde decidieron pasarse a un look algo m\u00e1s minimalista. Pues bien, quienes han seguido la estela de las danesas, con [&hellip;]<\/p>\n","protected":false},"author":1,"featured_media":69224,"comment_status":"closed","ping_status":"closed","sticky":false,"template":"","format":"standard","meta":[],"categories":[1],"tags":[],"_links":{"self":[{"href":"http:\/\/hoycordobaweb.com\/index.php\/wp-json\/wp\/v2\/posts\/69223"}],"collection":[{"href":"http:\/\/hoycordobaweb.com\/index.php\/wp-json\/wp\/v2\/posts"}],"about":[{"href":"http:\/\/hoycordobaweb.com\/index.php\/wp-json\/wp\/v2\/types\/post"}],"author":[{"embeddable":true,"href":"http:\/\/hoycordobaweb.com\/index.php\/wp-json\/wp\/v2\/users\/1"}],"replies":[{"embeddable":true,"href":"http:\/\/hoycordobaweb.com\/index.php\/wp-json\/wp\/v2\/comments?post=69223"}],"version-history":[{"count":0,"href":"http:\/\/hoycordobaweb.com\/index.php\/wp-json\/wp\/v2\/posts\/69223\/revisions"}],"wp:featuredmedia":[{"embeddable":true,"href":"http:\/\/hoycordobaweb.com\/index.php\/wp-json\/wp\/v2\/media\/69224"}],"wp:attachment":[{"href":"http:\/\/hoycordobaweb.com\/index.php\/wp-json\/wp\/v2\/media?parent=69223"}],"wp:term":[{"taxonomy":"category","embeddable":true,"href":"http:\/\/hoycordobaweb.com\/index.php\/wp-json\/wp\/v2\/categories?post=69223"},{"taxonomy":"post_tag","embeddable":true,"href":"http:\/\/hoycordobaweb.com\/index.php\/wp-json\/wp\/v2\/tags?post=69223"}],"curies":[{"name":"wp","href":"https:\/\/api.w.org\/{rel}","templated":true}]}}