{"id":69209,"date":"2023-11-05T03:18:17","date_gmt":"2023-11-05T03:18:17","guid":{"rendered":"https:\/\/www.ole.com.ar\/futbol-primera\/matias-gimenez-independiente-roojo-triunfo-atletico-tucuman_0_BD47AD6k5j.html"},"modified":"2023-11-05T03:18:17","modified_gmt":"2023-11-05T03:18:17","slug":"matias-gimenez-de-la-autocritica-a-nuestro-objetivo-es-salir-campeones","status":"publish","type":"post","link":"http:\/\/hoycordobaweb.com\/index.php\/2023\/11\/05\/matias-gimenez-de-la-autocritica-a-nuestro-objetivo-es-salir-campeones\/","title":{"rendered":"Mat\u00edas Gim\u00e9nez: de la autocr\u00edtica a \u00abnuestro objetivo es salir campeones\u00bb"},"content":{"rendered":"<p><img src=\"http:\/\/hoycordobaweb.com\/wp-content\/uploads\/2023\/11\/matias-gimenez-de-la-autocritica-a-nuestro-objetivo-es-salir-campeones.jpg\"><\/p>\n<p><time class=\"createDate\" datetime=\"2023-11-05T00:18:17-03:00\">05\/11\/2023 00:18hs.<\/time><time class=\"modificatedDate\" datetime=\"2023-11-05T00:18:17-03:00\"><\/time><\/p>\n<div id=\"storyBody\">\n<div class=\"custom-text \" readability=\"12.740585774059\">\n<p>Tach\u00f3 el primer objetivo. Con la victoria ag\u00f3nica ante <a href=\"https:\/\/www.ole.com.ar\/tema\/atletico-tucuman.html\" title=\"Atl\u00e9tico Tucum\u00e1n\" alt=\"Atl\u00e9tico Tucum\u00e1n\" class=\"slug\">Atl\u00e9tico Tucum\u00e1n<\/a> por 2-1, el <a href=\"https:\/\/www.ole.com.ar\/tema\/club-atletico-independiente.html\" title=\"Club Atl\u00e9tico Independiente\" alt=\"Club Atl\u00e9tico Independiente\" class=\"slug\">Independiente<\/a> de <a href=\"https:\/\/www.ole.com.ar\/tema\/carlos-tevez.html\" title=\"Carlos Tevez\" alt=\"Carlos Tevez\" class=\"slug\">Carlos Tevez <\/a>volvi\u00f3 a ganar luego de dos partidos, qued\u00f3 escolta en la Zona A de la Copa de la Liga y se asegur\u00f3 la permanencia en Primera. <strong>Mat\u00edas Gim\u00e9nez<\/strong> fue uno de los puntos altos del Rojo en el encuentro ante el Decano: tuvo sacrificio, desgast\u00f3 a los zagueros rivales y gener\u00f3 situaciones, pero no se fue del todo conforme con su desempe\u00f1o e hizo autocr\u00edtica.<\/p>\n<\/div>\n<div class=\"sc-a7166897-0 exHLBh\" readability=\"6\">\n<section readability=\"2\"><picture><img alt=\"El Rojo se lo dio vuelta al Decano y se asegur\u00f3 la permanencia\" src=\"http:\/\/hoycordobaweb.com\/wp-content\/uploads\/2023\/11\/matias-gimenez-de-la-autocritica-a-nuestro-objetivo-es-salir-campeones-2.jpg\" width=\"290\" height=\"290\" decoding=\"async\" data-nimg=\"future\" loading=\"lazy\"><\/picture>\n<p><span>Mir\u00e1 tambi\u00e9n<\/span><\/p>\n<hr>\n<h3>El Rojo se lo dio vuelta al Decano y se asegur\u00f3 la permanencia<\/h3>\n<\/p>\n<\/section>\n<\/div>\n<div class=\"custom-text \" readability=\"16\">\n<p><strong>\u00abEl entretiempo fue clave para nosotros. Si bien no jugamos mal el primer tiempo, sentimos que ven\u00edamos fallando en algunos detalles y ah\u00ed vino el gol de ellos. En el vestuario hablamos, nos volvimos a concentrar en el partido y nos recordamos el objetivo que nos propusimos cuando iniciamos la Copa. Salimos al segundo tiempo decididos y por suerte pudimos dar vuelta el partido, cosa que hace mucho no hac\u00edamos\u201d, <\/strong>coment\u00f3 el atacante de 24 a\u00f1os. El cambio de sistema t\u00e1ctico que dispuso Tevez para el complemento fue clave y lo modific\u00f3 la cara al Rojo, que hab\u00eda salido a la cancha con una l\u00ednea de cinco defensores ante un adversario que no atac\u00f3, pero que termin\u00f3 defendiendo con cuatro tras los cambios que dispuso el entrenador en el complemento para hacer reaccionar al conjunto de Avellaneda.<\/p>\n<\/div>\n<div class=\"sc-a7166897-0 exHLBh\" readability=\"6.5\">\n<section readability=\"3\"><picture><img alt=\"La lucha por no bajar: Independiente se salv\u00f3 del descenso y qu\u00e9 le queda a cada comprometido\" src=\"http:\/\/hoycordobaweb.com\/wp-content\/uploads\/2023\/11\/matias-gimenez-de-la-autocritica-a-nuestro-objetivo-es-salir-campeones-3.jpg\" width=\"290\" height=\"290\" decoding=\"async\" data-nimg=\"future\" loading=\"lazy\"><\/picture>\n<p><span>Mir\u00e1 tambi\u00e9n<\/span><\/p>\n<hr>\n<h3>La lucha por no bajar: Independiente se salv\u00f3 del descenso y qu\u00e9 le queda a cada comprometido<\/h3>\n<\/p>\n<\/section>\n<\/div>\n<div class=\"custom-text \" readability=\"15\">\n<p>\u00bfPara qu\u00e9 est\u00e1 el Rojo? <strong>\u00abNuestro objetivo es clasificar entre los primeros cuatros, pelear hasta el final y obviamente salir campeones, pero vamos pasito a pasito\u201d,<\/strong> asegur\u00f3 Gim\u00e9nez, prudente y al mismo tiempo contundente para definir cu\u00e1l es la gran meta a partir de ahora, con la permanencia ya garantizada.<\/p>\n<\/div>\n<div class=\"custom-text \" readability=\"16\">\n<p>El delantero, que lleg\u00f3 a Independiente a principios de a\u00f1o, lleva disputados 41 partidos en el club de Avellaneda, de los que fue titular en 29 de titular y convirti\u00f3 nueve goles. Su \u00faltimo grito fue el 19 de octubre, ante Barracas Central (3-0). Si bien complet\u00f3 un buen encuentro en Tucum\u00e1n, no se fue satisfecho: <strong>\u00abMenos mal que ganamos porque tuve una muy clara en el primer tiempo\u2026 Vengo fallando en eso y es algo a trabajar, pero por suerte tengo un equipo que me respalda y me acompa\u00f1a. Asique muy feliz por el triunfo y por el grupo\u201d.<\/strong><\/p>\n<\/div>\n<div class=\"sc-a7166897-0 exHLBh\" readability=\"6\">\n<section readability=\"2\"><picture><img alt=\"El gaste de Independiente a Boca post final\" src=\"http:\/\/hoycordobaweb.com\/wp-content\/uploads\/2023\/11\/matias-gimenez-de-la-autocritica-a-nuestro-objetivo-es-salir-campeones-4.jpg\" width=\"290\" height=\"290\" decoding=\"async\" data-nimg=\"future\" loading=\"lazy\"><\/picture>\n<p><span>Mir\u00e1 tambi\u00e9n<\/span><\/p>\n<hr>\n<h3>El gaste de Independiente a Boca post final<\/h3>\n<\/p>\n<\/section>\n<\/div>\n<p><h2><strong>Se lesion\u00f3 Mancuello<\/strong><\/h2>\n<\/p>\n<div class=\"custom-text \" readability=\"13\">\n<p>Sin dudas, fue una semana dif\u00edcil para Federico Mancuello. Luego del empate ante Arsenal (0-0), el propio Carlitos Tevez dijo que iba a hablar con el referente porque lo ven\u00eda en un bajo nivel. Ayer el DT lo respald\u00f3 con la titularidad, pero el volante no dur\u00f3 casi nada en cancha. Apenas iban cinco minutos de juego cuando sinti\u00f3 un pinchazo en el isquiotibial de la pierna izquierda y pidi\u00f3 el cambio. En su lugar ingres\u00f3 Lucas Gonz\u00e1lez. Una baja sensible.<\/p>\n<\/div>\n<div class=\"sc-a7166897-0 exHLBh\" readability=\"6\">\n<section readability=\"2\"><picture><img alt=\"Los mejores memes del Boca vs. Fluminense por la final de la Copa Libertadores\" src=\"http:\/\/hoycordobaweb.com\/wp-content\/uploads\/2023\/11\/matias-gimenez-de-la-autocritica-a-nuestro-objetivo-es-salir-campeones-5.jpg\" width=\"290\" height=\"290\" decoding=\"async\" data-nimg=\"future\" loading=\"lazy\"><\/picture>\n<p><span>Mir\u00e1 tambi\u00e9n<\/span><\/p>\n<hr>\n<h3>Los mejores memes del Boca vs. Fluminense por la final de la Copa Libertadores<\/h3>\n<\/p>\n<\/section>\n<\/div>\n<div type=\"embed\" class=\"sc-7ce6049-0 dwIKul\">\n<div class=\"sc-7ce6049-1 bdcBBS videoText\" id=\"contentTitleembed9DOjJupr\" type=\"embed\" readability=\"6\"><svg fill=\"#ffffff\"><symbol id=\"play\" viewBox=\"0 0 512 512\"><path d=\"M512 256C512 397.4 397.4 512 256 512C114.6 512 0 397.4 0 256C0 114.6 114.6 0 256 0C397.4 0 512 114.6 512 256zM176 168V344C176 352.7 180.7 360.7 188.3 364.9C195.8 369.2 205.1 369 212.5 364.5L356.5 276.5C363.6 272.1 368 264.4 368 256C368 247.6 363.6 239.9 356.5 235.5L212.5 147.5C205.1 142.1 195.8 142.8 188.3 147.1C180.7 151.3 176 159.3 176 168V168z\" \/><\/symbol><use xlink:href=\"#play\" \/><\/svg><\/p>\n<div class=\"right\" readability=\"7\">\n<p>Joaqu\u00edn Laso<!-- --> &#8211;<!-- --> <span>5-11-2023<\/span><\/p>\n<h2 class=\"title-vid\">Laso lo empat\u00f3 para el Rojo<\/h2>\n<\/div>\n<\/div>\n<p><span class=\"back\" id=\"spanBackembed9DOjJupr\"><\/span><\/div>\n<div type=\"embed\" class=\"sc-7ce6049-0 dwIKul\">\n<div class=\"sc-7ce6049-1 bdcBBS videoText\" id=\"contentTitleembedTzBxDsl1\" type=\"embed\" readability=\"6\"><svg fill=\"#ffffff\"><symbol id=\"play\" viewBox=\"0 0 512 512\"><path d=\"M512 256C512 397.4 397.4 512 256 512C114.6 512 0 397.4 0 256C0 114.6 114.6 0 256 0C397.4 0 512 114.6 512 256zM176 168V344C176 352.7 180.7 360.7 188.3 364.9C195.8 369.2 205.1 369 212.5 364.5L356.5 276.5C363.6 272.1 368 264.4 368 256C368 247.6 363.6 239.9 356.5 235.5L212.5 147.5C205.1 142.1 195.8 142.8 188.3 147.1C180.7 151.3 176 159.3 176 168V168z\" \/><\/symbol><use xlink:href=\"#play\" \/><\/svg><\/p>\n<div class=\"right\" readability=\"7\">\n<p>Alexis Canelo<!-- --> &#8211;<!-- --> <span>5-11-2023<\/span><\/p>\n<h2 class=\"title-vid\">Independiente lo dio vuelta con un gol en el final<\/h2>\n<\/div>\n<\/div>\n<p><span class=\"back\" id=\"spanBackembedTzBxDsl1\"><\/span><\/div>\n<\/div>\n","protected":false},"excerpt":{"rendered":"<p>05\/11\/2023 00:18hs. Tach\u00f3 el primer objetivo. Con la victoria ag\u00f3nica ante Atl\u00e9tico Tucum\u00e1n por 2-1, el Independiente de Carlos Tevez volvi\u00f3 a ganar luego de dos partidos, qued\u00f3 escolta en la Zona A de la Copa de la Liga y se asegur\u00f3 la permanencia en Primera. Mat\u00edas Gim\u00e9nez fue uno de los puntos altos del [&hellip;]<\/p>\n","protected":false},"author":1,"featured_media":69210,"comment_status":"open","ping_status":"closed","sticky":false,"template":"","format":"standard","meta":[],"categories":[16],"tags":[],"_links":{"self":[{"href":"http:\/\/hoycordobaweb.com\/index.php\/wp-json\/wp\/v2\/posts\/69209"}],"collection":[{"href":"http:\/\/hoycordobaweb.com\/index.php\/wp-json\/wp\/v2\/posts"}],"about":[{"href":"http:\/\/hoycordobaweb.com\/index.php\/wp-json\/wp\/v2\/types\/post"}],"author":[{"embeddable":true,"href":"http:\/\/hoycordobaweb.com\/index.php\/wp-json\/wp\/v2\/users\/1"}],"replies":[{"embeddable":true,"href":"http:\/\/hoycordobaweb.com\/index.php\/wp-json\/wp\/v2\/comments?post=69209"}],"version-history":[{"count":0,"href":"http:\/\/hoycordobaweb.com\/index.php\/wp-json\/wp\/v2\/posts\/69209\/revisions"}],"wp:featuredmedia":[{"embeddable":true,"href":"http:\/\/hoycordobaweb.com\/index.php\/wp-json\/wp\/v2\/media\/69210"}],"wp:attachment":[{"href":"http:\/\/hoycordobaweb.com\/index.php\/wp-json\/wp\/v2\/media?parent=69209"}],"wp:term":[{"taxonomy":"category","embeddable":true,"href":"http:\/\/hoycordobaweb.com\/index.php\/wp-json\/wp\/v2\/categories?post=69209"},{"taxonomy":"post_tag","embeddable":true,"href":"http:\/\/hoycordobaweb.com\/index.php\/wp-json\/wp\/v2\/tags?post=69209"}],"curies":[{"name":"wp","href":"https:\/\/api.w.org\/{rel}","templated":true}]}}