{"id":69165,"date":"2023-11-04T00:19:57","date_gmt":"2023-11-04T00:19:57","guid":{"rendered":"https:\/\/www.ole.com.ar\/ecuador\/internacional\/fluminense-copa-libertadores-liga-quito-final-unico-verdugo_0_KqgI1Xgt7H.html"},"modified":"2023-11-04T00:19:57","modified_gmt":"2023-11-04T00:19:57","slug":"cuando-y-quien-fue-el-unico-verdugo-de-fluminense-por-una-final-de-libertadores","status":"publish","type":"post","link":"http:\/\/hoycordobaweb.com\/index.php\/2023\/11\/04\/cuando-y-quien-fue-el-unico-verdugo-de-fluminense-por-una-final-de-libertadores\/","title":{"rendered":"Cu\u00e1ndo y qui\u00e9n fue el \u00fanico verdugo de Fluminense por una final de Libertadores"},"content":{"rendered":"<p><img src=\"http:\/\/hoycordobaweb.com\/wp-content\/uploads\/2023\/11\/cuando-y-quien-fue-el-unico-verdugo-de-fluminense-por-una-final-de-libertadores.jpg\"><\/p>\n<p><time class=\"createDate\" datetime=\"2023-11-03T21:19:57-03:00\">03\/11\/2023 21:19hs.<\/time><time class=\"modificatedDate\" datetime=\"2023-11-03T21:19:57-03:00\"><\/time><\/p>\n<div id=\"storyBody\">\n<div class=\"custom-text \" readability=\"26.57614213198\">\n<p>El continente entero vuelve a posar sus ojos en un solo partido. Tal como sucedi\u00f3 una semana atr\u00e1s con la coronaci\u00f3n de <a href=\"https:\/\/www.ole.com.ar\/tema\/liga-de-quito.html\" title=\"liga de quito\" alt=\"liga de quito\" class=\"slug\">Liga de Quito<\/a> en Uruguay (<a href=\"https:\/\/www.ole.com.ar\/ecuador\/liga-de-quito\/equipo-ideal-sudamericana-liga-quito-campeon-dominguez-guerrero-ade-quinonez-pioivi-martinez_0_kXfdMIL7l5.html\" title=\"venci\u00f3 4-3 en los penales a Fortaleza y se consagr\u00f3 campe\u00f3n de la Sudamericana\" alt=\"venci\u00f3 4-3 en los penales a Fortaleza y se consagr\u00f3 campe\u00f3n de la Sudamericana\">venci\u00f3 4-3 en los penales a Fortaleza y se consagr\u00f3 campe\u00f3n de la Sudamericana<\/a>), <strong>la definici\u00f3n de la <a href=\"https:\/\/www.ole.com.ar\/tema\/copa-libertadores.html\" target=\"_blank\" title=\"Copa Libertadores\" alt=\"Copa Libertadores\" class=\"slug\" rel=\"noopener noreferrer\">Copa Libertadores<\/a> entre Fluminense y Boca se roba todos los flashes a nivel deportivo<\/strong>, con un clima de expectativa total en R\u00edo de Janeiro.<\/p>\n<\/div>\n<div class=\"custom-text \" readability=\"41\">\n<p>Tras d\u00edas movidos por hechos de violencia en la ciudad carioca, la pelota vuelve a estar en el centro de la escena y, desde las 17 (hora local) en el m\u00edtico Maracan\u00e1, este s\u00e1bado se definir\u00e1 al ganador de la Gloria Eterna. Mientras los argentinos van por la s\u00e9ptima en su palmar\u00e9s, los brasile\u00f1os buscar\u00e1n su primera estrella en dicha competencia, tras un triste recuerdo en el \u00fanico cotejo decisivo que tuvieron por el torneo internacional. Esa vez, <strong>el verdugo fue justamente Liga Deportiva Universitaria. <\/strong><\/p>\n<\/div>\n<div class=\"custom-text \" readability=\"41\">\n<p>A nivel popularidad, el Flu es uno de los elencos m\u00e1s grandes de Brasil, algo que nunca pudo trasladar a nivel coronaciones. En 1970, 1984, 2010 y 2012 gan\u00f3 el Brasileirao, mientras que el Tricolor ostenta adem\u00e1s la Copa de Brasil del 2007. No pudo celebrar vueltas ol\u00edmpicas a nivel internacional y el gran culpable de ello es Liga, <strong>que primero le gan\u00f3 una final de Libertadores y luego una Sudamericana.<\/strong><\/p>\n<\/div>\n<p><h2>La \u00fanica final de Libertadores la perdi\u00f3 contra Liga de Quito<\/h2>\n<\/p>\n<div class=\"custom-text \" readability=\"37\">\n<p>En 2008, cuando todav\u00eda Conmebol celebraba las definiciones de sus torneos a partidos de ida y vuelta, Fluminense y Liga de Quito se cruzaron por haber dejado en el camino a Boca y Am\u00e9rica, respectivamente. <\/p>\n<\/div>\n<div class=\"sc-e7b891c4-0 jPbnQF\"><img alt=\"Bieler, pieza clave de aquel Liga.\" src=\"http:\/\/hoycordobaweb.com\/wp-content\/uploads\/2023\/11\/cuando-y-quien-fue-el-unico-verdugo-de-fluminense-por-una-final-de-libertadores-2.jpg\" width=\"720\" height=\"100\" decoding=\"async\" data-nimg=\"future\" loading=\"lazy\"><span class=\"epigraphe\">Bieler, pieza clave de aquel Liga.<\/span><\/div>\n<div class=\"custom-text \" readability=\"39\">\n<p>Entre el 27 de mayo y el 4 de junio de aquel a\u00f1o se disputaron las semis, con un global 5-3 a favor de los cariocas frente al Xeneize, mientras que fue 1-1 entre quite\u00f1os y mexicanos, con ventaja deportiva para los comandados, en esos tiempos, por Edgardo Bauza. <\/p>\n<\/div>\n<div class=\"sc-e7b891c4-0 jPbnQF\"><img alt=\"El clima en aquella final en el Maracan\u00e1.\" src=\"http:\/\/hoycordobaweb.com\/wp-content\/uploads\/2023\/11\/cuando-y-quien-fue-el-unico-verdugo-de-fluminense-por-una-final-de-libertadores-3.jpg\" width=\"720\" height=\"100\" decoding=\"async\" data-nimg=\"future\" loading=\"lazy\"><span class=\"epigraphe\">El clima en aquella final en el Maracan\u00e1.<\/span><\/div>\n<div class=\"custom-text \" readability=\"40\">\n<p>El Albo llegaba de punto y el 25 de junio del 2008 dio el gran golpe: en el Estadio Casa Blanca (hoy Rodrigo Paz Delgado) derrot\u00f3 4-2 a Fluminense con los goles de Claudio Bieler, Joffre Guerr\u00f3n, Jairo Campos y Patricio Urrutia. La particularidad, todos esos gritos en el primer tiempo, sumado al descuendo de Dar\u00edo Conca. La visita en el complemento tambi\u00e9n anotaba por medio de Thiago Neves, en un marcado nerviosismo al culminar el cotejo dirigido por el juez chileno Carlos Chand\u00eda.<\/p>\n<\/div>\n<div class=\"custom-text \" readability=\"40\">\n<p>En la semana, el Tricolor hab\u00eda recibido una lluvia de cuestionamientos dado el potencial que ten\u00eda su plantel (Thiago Silva, C\u00edcero, Thiago Neves, Conca y otras promesas que generaban mucha ilusi\u00f3n) y el 2 de julio se dio el duelo decisivo. En un Maracan\u00e1 colmado, Fluminense se impuso 3-1 por un triplete de Thiago Neves.<strong> Luis Bola\u00f1os hab\u00eda adelantado a LDU y ese marcador deriv\u00f3 en los penales.<\/strong><\/p>\n<\/div>\n<div class=\"sc-e7b891c4-0 jPbnQF\"><img alt=\"El equipo de LDU en el Maracan\u00e1.\" src=\"http:\/\/hoycordobaweb.com\/wp-content\/uploads\/2023\/11\/cuando-y-quien-fue-el-unico-verdugo-de-fluminense-por-una-final-de-libertadores-4.jpg\" width=\"720\" height=\"100\" decoding=\"async\" data-nimg=\"future\" loading=\"lazy\"><span class=\"epigraphe\">El equipo de LDU en el Maracan\u00e1.<\/span><\/div>\n<div class=\"custom-text \" readability=\"37\">\n<p>En la tanda, de buzo verde y pelo largo, el gran h\u00e9roe fue Jos\u00e9 Francisco Cevallos. Conca, Neves y Washington erraron sus remates para que Liga gritara campe\u00f3n en lo que es hasta hoy la \u00fanica Libertadores para un elenco ecuatoriano.<\/p>\n<\/div>\n<div class=\"sc-e7b891c4-0 jPbnQF\"><img alt=\"Cevallos, el h\u00e9roe en la recordada final.\" src=\"http:\/\/hoycordobaweb.com\/wp-content\/uploads\/2023\/11\/cuando-y-quien-fue-el-unico-verdugo-de-fluminense-por-una-final-de-libertadores-5.jpg\" width=\"720\" height=\"100\" decoding=\"async\" data-nimg=\"future\" loading=\"lazy\"><span class=\"epigraphe\">Cevallos, el h\u00e9roe en la recordada final.<\/span><\/div>\n<div class=\"custom-text \" readability=\"40\">\n<p>Lo curioso es que, un a\u00f1o despu\u00e9s, la Copa Sudamericana 2009 repiti\u00f3 finalistas y la alegr\u00eda volv\u00eda a ser de Liga Deportiva Universitaria: 5-1 aplast\u00f3 a Fluminense en Quito, mientras que el 3-0 a favor de los brasile\u00f1os le permiti\u00f3 levantar el trofeo continental. El Flu, este s\u00e1bado y ante Boca, va por su revancha personal. <\/p>\n<\/div>\n<p><h2>\u00bfY cu\u00e1ndo es la final de la Recopa Sudamericana?<\/h2>\n<\/p>\n<div class=\"custom-text \" readability=\"36\">\n<p>Como la ida siempre se juega en el estadio del campe\u00f3n de la Sudamericana, el encuentro que abrir\u00e1 la serie ser\u00e1 en el estadio Rodrigo Paz Delgado, en Quito, el 21 de febrero de 2024.<\/p>\n<\/div>\n<div class=\"custom-text \" readability=\"35\">\n<p>Mientras que el desquite ser\u00e1 una semana despu\u00e9s, el 28 de febrero, contra el club argentino o el brasile\u00f1o. La Bombonera o el Maracan\u00e1 ser\u00e1n el escenario para la final definitiva.<\/p>\n<\/div>\n<div class=\"sc-e7b891c4-0 jPbnQF\"><img alt=\"Liga de Quito gan\u00f3 la Sudamericana y va por la Recopa.\" src=\"http:\/\/hoycordobaweb.com\/wp-content\/uploads\/2023\/11\/cuando-y-quien-fue-el-unico-verdugo-de-fluminense-por-una-final-de-libertadores-6.jpg\" width=\"720\" height=\"100\" decoding=\"async\" data-nimg=\"future\" loading=\"lazy\"><span class=\"epigraphe\">Liga de Quito gan\u00f3 la Sudamericana y va por la Recopa.<\/span><\/div>\n<div class=\"custom-text \" readability=\"38\">\n<p><strong>Si Fluminense consigue la Libertadores de este a\u00f1o, ser\u00e1 la primera vez que dos equipos jueguen las tres finales posibles en Sudam\u00e9rica<\/strong>, tras haberse enfrentado en Libertadores, Sudamericana y a la espera de la Recopa. En cambio, no hubo definiciones continentales entre liguistas y xeneizes.<\/p>\n<\/div>\n<div class=\"sc-a7166897-0 exHLBh\" readability=\"6.5\">\n<section readability=\"3\"><picture><img alt=\"Malas noticias para Brasil: la figura que se lesion\u00f3 y no llegar\u00eda a las Eliminatorias\" src=\"http:\/\/hoycordobaweb.com\/wp-content\/uploads\/2023\/11\/cuando-y-quien-fue-el-unico-verdugo-de-fluminense-por-una-final-de-libertadores-7.jpg\" width=\"290\" height=\"290\" decoding=\"async\" data-nimg=\"future\" loading=\"lazy\"><\/picture>\n<p><span>Mir\u00e1 tambi\u00e9n<\/span><\/p>\n<hr>\n<h3>Malas noticias para Brasil: la figura que se lesion\u00f3 y no llegar\u00eda a las Eliminatorias<\/h3>\n<\/p>\n<\/section>\n<\/div>\n<div class=\"sc-a7166897-0 exHLBh\" readability=\"6\">\n<section readability=\"2\"><picture><img alt=\"Confirmado: \u00a1Gustavo Alfaro fue presentado en Costa Rica!\" src=\"http:\/\/hoycordobaweb.com\/wp-content\/uploads\/2023\/11\/cuando-y-quien-fue-el-unico-verdugo-de-fluminense-por-una-final-de-libertadores-8.jpg\" width=\"290\" height=\"290\" decoding=\"async\" data-nimg=\"future\" loading=\"lazy\"><\/picture>\n<p><span>Mir\u00e1 tambi\u00e9n<\/span><\/p>\n<hr>\n<h3>Confirmado: \u00a1Gustavo Alfaro fue presentado en Costa Rica!<\/h3>\n<\/p>\n<\/section>\n<\/div>\n<div class=\"sc-a7166897-0 exHLBh\" readability=\"6.5\">\n<section readability=\"3\"><picture><img alt=\"A cuatro fechas del final: \u00bfqui\u00e9n es favorito y c\u00f3mo pagan las apuestas a ganar la Fase 2 en LigaPro?\" src=\"http:\/\/hoycordobaweb.com\/wp-content\/uploads\/2023\/11\/cuando-y-quien-fue-el-unico-verdugo-de-fluminense-por-una-final-de-libertadores-9.jpg\" width=\"290\" height=\"290\" decoding=\"async\" data-nimg=\"future\" loading=\"lazy\"><\/picture>\n<p><span>Mir\u00e1 tambi\u00e9n<\/span><\/p>\n<hr>\n<h3>A cuatro fechas del final: \u00bfqui\u00e9n es favorito y c\u00f3mo pagan las apuestas a ganar la Fase 2 en LigaPro?<\/h3>\n<\/p>\n<\/section>\n<\/div>\n<div class=\"sc-a7166897-0 exHLBh\" readability=\"6\">\n<section readability=\"2\"><picture><img alt=\"La ingeniosa y popular propuesta en Venezuela para ver el duelo ante La Tri\" src=\"http:\/\/hoycordobaweb.com\/wp-content\/uploads\/2023\/11\/cuando-y-quien-fue-el-unico-verdugo-de-fluminense-por-una-final-de-libertadores-10.jpg\" width=\"290\" height=\"290\" decoding=\"async\" data-nimg=\"future\" loading=\"lazy\"><\/picture>\n<p><span>Mir\u00e1 tambi\u00e9n<\/span><\/p>\n<hr>\n<h3>La ingeniosa y popular propuesta en Venezuela para ver el duelo ante La Tri<\/h3>\n<\/p>\n<\/section>\n<\/div>\n<div class=\"sc-a7166897-0 exHLBh\" readability=\"6\">\n<section readability=\"2\"><picture><img alt=\"Video: as\u00ed fue el primer gol de Jan Hurtado en Liga de Quito\" src=\"http:\/\/hoycordobaweb.com\/wp-content\/uploads\/2023\/11\/cuando-y-quien-fue-el-unico-verdugo-de-fluminense-por-una-final-de-libertadores-11.jpg\" width=\"290\" height=\"290\" decoding=\"async\" data-nimg=\"future\" loading=\"lazy\"><\/picture>\n<p><span>Mir\u00e1 tambi\u00e9n<\/span><\/p>\n<hr>\n<h3>Video: as\u00ed fue el primer gol de Jan Hurtado en Liga de Quito<\/h3>\n<\/p>\n<\/section>\n<\/div>\n<div class=\"sc-a7166897-0 exHLBh\" readability=\"7\">\n<section readability=\"4\"><picture><img alt=\"Pervis Estupi\u00f1\u00e1n, descartado en Brighton: \u00bfllega a las Eliminatorias Sudamericanas?\" src=\"http:\/\/hoycordobaweb.com\/wp-content\/uploads\/2023\/11\/cuando-y-quien-fue-el-unico-verdugo-de-fluminense-por-una-final-de-libertadores-12.jpg\" width=\"290\" height=\"290\" decoding=\"async\" data-nimg=\"future\" loading=\"lazy\"><\/picture>\n<p><span>Mir\u00e1 tambi\u00e9n<\/span><\/p>\n<hr>\n<h3>Pervis Estupi\u00f1\u00e1n, descartado en Brighton: \u00bfllega a las Eliminatorias Sudamericanas?<\/h3>\n<\/p>\n<\/section>\n<\/div>\n<\/div>\n","protected":false},"excerpt":{"rendered":"<p>03\/11\/2023 21:19hs. El continente entero vuelve a posar sus ojos en un solo partido. Tal como sucedi\u00f3 una semana atr\u00e1s con la coronaci\u00f3n de Liga de Quito en Uruguay (venci\u00f3 4-3 en los penales a Fortaleza y se consagr\u00f3 campe\u00f3n de la Sudamericana), la definici\u00f3n de la Copa Libertadores entre Fluminense y Boca se roba [&hellip;]<\/p>\n","protected":false},"author":1,"featured_media":69166,"comment_status":"open","ping_status":"closed","sticky":false,"template":"","format":"standard","meta":[],"categories":[16],"tags":[],"_links":{"self":[{"href":"http:\/\/hoycordobaweb.com\/index.php\/wp-json\/wp\/v2\/posts\/69165"}],"collection":[{"href":"http:\/\/hoycordobaweb.com\/index.php\/wp-json\/wp\/v2\/posts"}],"about":[{"href":"http:\/\/hoycordobaweb.com\/index.php\/wp-json\/wp\/v2\/types\/post"}],"author":[{"embeddable":true,"href":"http:\/\/hoycordobaweb.com\/index.php\/wp-json\/wp\/v2\/users\/1"}],"replies":[{"embeddable":true,"href":"http:\/\/hoycordobaweb.com\/index.php\/wp-json\/wp\/v2\/comments?post=69165"}],"version-history":[{"count":0,"href":"http:\/\/hoycordobaweb.com\/index.php\/wp-json\/wp\/v2\/posts\/69165\/revisions"}],"wp:featuredmedia":[{"embeddable":true,"href":"http:\/\/hoycordobaweb.com\/index.php\/wp-json\/wp\/v2\/media\/69166"}],"wp:attachment":[{"href":"http:\/\/hoycordobaweb.com\/index.php\/wp-json\/wp\/v2\/media?parent=69165"}],"wp:term":[{"taxonomy":"category","embeddable":true,"href":"http:\/\/hoycordobaweb.com\/index.php\/wp-json\/wp\/v2\/categories?post=69165"},{"taxonomy":"post_tag","embeddable":true,"href":"http:\/\/hoycordobaweb.com\/index.php\/wp-json\/wp\/v2\/tags?post=69165"}],"curies":[{"name":"wp","href":"https:\/\/api.w.org\/{rel}","templated":true}]}}