{"id":69159,"date":"2023-11-04T03:08:55","date_gmt":"2023-11-04T03:08:55","guid":{"rendered":"https:\/\/www.ole.com.ar\/futbol-primera\/franco-alfonso-gol-huracan-river-monumental_0_11Em0wyuOi.html"},"modified":"2023-11-04T03:08:55","modified_gmt":"2023-11-04T03:08:55","slug":"alfonso-primer-gol-disculpas-y-cuando-debe-volver-a-river","status":"publish","type":"post","link":"http:\/\/hoycordobaweb.com\/index.php\/2023\/11\/04\/alfonso-primer-gol-disculpas-y-cuando-debe-volver-a-river\/","title":{"rendered":"Alfonso: primer gol, disculpas y cu\u00e1ndo debe volver a River"},"content":{"rendered":"<p><img src=\"http:\/\/hoycordobaweb.com\/wp-content\/uploads\/2023\/11\/alfonso-primer-gol-disculpas-y-cuando-debe-volver-a-river.jpg\"><\/p>\n<p><time class=\"createDate\" datetime=\"2023-11-04T00:08:55-03:00\">04\/11\/2023 00:08hs.<\/time><time class=\"modificatedDate\" datetime=\"2023-11-04T00:08:55-03:00\"><\/time><\/p>\n<div id=\"storyBody\">\n<div class=\"custom-text \" readability=\"35.872773536896\">\n<p>Fue el partido m\u00e1s importante de su vida. <strong>Fue el primer gol que convirti\u00f3 en Primera.<\/strong> Fue una noche que no olvidar\u00e1 jam\u00e1s. <a href=\"https:\/\/www.ole.com.ar\/tema\/franco-alfonso.html\" title=\"Franco Alfonso\" alt=\"Franco Alfonso\" class=\"slug\">Franco Alfonso<\/a> vivi\u00f3 una jornada so\u00f1ada en el Monumental: con un derechazo esquinado y abajo sell\u00f3 un triunfo vital para <a href=\"https:\/\/www.ole.com.ar\/tema\/huracan.html\" title=\"Hurac\u00e1n\" alt=\"Hurac\u00e1n\" class=\"slug\">Hurac\u00e1n<\/a>, que pelea por la permanencia y, de yapa, se encuentra en zona de clasificaci\u00f3n para los play off de la Copa de la Liga Profesional.<\/p>\n<\/div>\n<div class=\"custom-text \" readability=\"34\">\n<p>El recuerdo quedar\u00e1 grabado a fuego en la memoria del delantero de 21 a\u00f1os, quien de todas formas <strong>pidi\u00f3 disculpas tras su conquista y reiter\u00f3 el gesto al retirarse del campo de juego.<\/strong><\/p>\n<\/div>\n<div type=\"embed\" class=\"sc-7ce6049-0 dwIKul\">\n<div class=\"sc-7ce6049-1 bdcBBS videoText\" id=\"contentTitleembedmLCLwmlp\" type=\"embed\"><svg fill=\"#ffffff\"><symbol id=\"play\" viewBox=\"0 0 512 512\"><path d=\"M512 256C512 397.4 397.4 512 256 512C114.6 512 0 397.4 0 256C0 114.6 114.6 0 256 0C397.4 0 512 114.6 512 256zM176 168V344C176 352.7 180.7 360.7 188.3 364.9C195.8 369.2 205.1 369 212.5 364.5L356.5 276.5C363.6 272.1 368 264.4 368 256C368 247.6 363.6 239.9 356.5 235.5L212.5 147.5C205.1 142.1 195.8 142.8 188.3 147.1C180.7 151.3 176 159.3 176 168V168z\" \/><\/symbol><use xlink:href=\"#play\" \/><\/svg><\/p>\n<div class=\"right\">\n<p>River Plate<!-- --> &#8211;<!-- --> <span>4-11-2023<\/span><\/p>\n<h2 class=\"title-vid\">Franco Alfonso puso el segundo del Globo<\/h2>\n<\/div>\n<\/div>\n<p><span class=\"back\" id=\"spanBackembedmLCLwmlp\"><\/span><\/div>\n<div class=\"sc-a7166897-0 exHLBh\" readability=\"6\">\n<section readability=\"2\"><picture><img alt=\"Hurac\u00e1n le sac\u00f3 el invicto a River y sue\u00f1a con quedarse\" src=\"http:\/\/hoycordobaweb.com\/wp-content\/uploads\/2023\/11\/alfonso-primer-gol-disculpas-y-cuando-debe-volver-a-river-2.jpg\" width=\"290\" height=\"290\" decoding=\"async\" data-nimg=\"future\" loading=\"lazy\"><\/picture>\n<p><span>Mir\u00e1 tambi\u00e9n<\/span><\/p>\n<hr>\n<h3>Hurac\u00e1n le sac\u00f3 el invicto a River y sue\u00f1a con quedarse<\/h3>\n<\/p>\n<\/section>\n<\/div>\n<div class=\"sc-a7166897-0 exHLBh\" readability=\"6.5\">\n<section readability=\"3\"><picture><img alt=\"Enzo P\u00e9rez, sin anuncio pero con sabor a despedida del Monumental\" src=\"http:\/\/hoycordobaweb.com\/wp-content\/uploads\/2023\/11\/alfonso-primer-gol-disculpas-y-cuando-debe-volver-a-river-3.jpg\" width=\"290\" height=\"290\" decoding=\"async\" data-nimg=\"future\" loading=\"lazy\"><\/picture>\n<p><span>Mir\u00e1 tambi\u00e9n<\/span><\/p>\n<hr>\n<h3>Enzo P\u00e9rez, sin anuncio pero con sabor a despedida del Monumental<\/h3>\n<\/p>\n<\/section>\n<\/div>\n<div class=\"custom-text \" readability=\"34.547550432277\">\n<p>El punta <strong>surgi\u00f3 de la cantera de<\/strong> <a href=\"https:\/\/www.ole.com.ar\/tema\/river-plate.html\" title=\"River Plate\" alt=\"River Plate\" class=\"slug\">River<\/a> e incluso tuvo su debut con <a href=\"https:\/\/www.ole.com.ar\/tema\/martin-demichelis.html\" title=\"Martin Demichelis\" alt=\"Martin Demichelis\" class=\"slug\">Mart\u00edn Demichelis<\/a>, quien a principios de a\u00f1o lo llev\u00f3 a la pretemporada en Miami y el 29 de enero lo hizo debutar ante Central C\u00f3rdoba en Santiago (2-0). Micho destacaba su despliegue y gambeta vertical. <strong>\u201cNo tengo dudas de que va a triunfar en River\u201d<\/strong>, dijo el entrenador.<\/p>\n<\/div>\n<p><h2>Cu\u00e1ndo debe volver a River<\/h2>\n<\/p>\n<div class=\"custom-text \" readability=\"37\">\n<p>Tras jugar siete partidos en el Millonario, perdi\u00f3 terreno y a mitad de a\u00f1o <strong>fue cedido a pr\u00e9stamo a Hurac\u00e1n, sin cargo hasta el 31 de diciembre de 2024, con una cl\u00e1usula de repesca en cada mercado y una opci\u00f3n de compra para el Globo de 2.500.000 d\u00f3lares por el 50%.<\/strong><\/p>\n<\/div>\n<div class=\"sc-a7166897-0 exHLBh\" readability=\"6\">\n<section readability=\"2\"><picture><img alt=\"\u00bfQu\u00e9 necesita River para clasificarse?\" src=\"http:\/\/hoycordobaweb.com\/wp-content\/uploads\/2023\/11\/alfonso-primer-gol-disculpas-y-cuando-debe-volver-a-river-4.jpg\" width=\"290\" height=\"290\" decoding=\"async\" data-nimg=\"future\" loading=\"lazy\"><\/picture>\n<p><span>Mir\u00e1 tambi\u00e9n<\/span><\/p>\n<hr>\n<h3>\u00bfQu\u00e9 necesita River para clasificarse?<\/h3>\n<\/p>\n<\/section>\n<\/div>\n<div class=\"custom-text \" readability=\"36\">\n<p><strong>En el Globo lleva disputados 11 partidos, de los que fue titular en cinco.<\/strong> En el Monumental tuvo m\u00e1s protagonismo que nunca, pis\u00f3 fuerte y le dio un triunfazo al equipo de Parque Patricios. Inolvidable.<\/p>\n<\/div>\n<div class=\"sc-a7166897-0 exHLBh\" readability=\"6\">\n<section readability=\"2\"><picture><img alt=\"El uno por uno de River frente a Hurac\u00e1n\" src=\"http:\/\/hoycordobaweb.com\/wp-content\/uploads\/2023\/11\/alfonso-primer-gol-disculpas-y-cuando-debe-volver-a-river-5.jpg\" width=\"290\" height=\"290\" decoding=\"async\" data-nimg=\"future\" loading=\"lazy\"><\/picture>\n<p><span>Mir\u00e1 tambi\u00e9n<\/span><\/p>\n<hr>\n<h3>El uno por uno de River frente a Hurac\u00e1n<\/h3>\n<\/p>\n<\/section>\n<\/div>\n<div class=\"sc-a7166897-0 exHLBh\" readability=\"6\">\n<section readability=\"2\"><picture><img alt=\"Copas 2024: siete equipos en cuatro puntos para meterse en zona Libertadores\" src=\"http:\/\/hoycordobaweb.com\/wp-content\/uploads\/2023\/11\/alfonso-primer-gol-disculpas-y-cuando-debe-volver-a-river-6.jpg\" width=\"290\" height=\"290\" decoding=\"async\" data-nimg=\"future\" loading=\"lazy\"><\/picture>\n<p><span>Mir\u00e1 tambi\u00e9n<\/span><\/p>\n<hr>\n<h3>Copas 2024: siete equipos en cuatro puntos para meterse en zona Libertadores<\/h3>\n<\/p>\n<\/section>\n<\/div>\n<\/div>\n","protected":false},"excerpt":{"rendered":"<p>04\/11\/2023 00:08hs. Fue el partido m\u00e1s importante de su vida. Fue el primer gol que convirti\u00f3 en Primera. Fue una noche que no olvidar\u00e1 jam\u00e1s. Franco Alfonso vivi\u00f3 una jornada so\u00f1ada en el Monumental: con un derechazo esquinado y abajo sell\u00f3 un triunfo vital para Hurac\u00e1n, que pelea por la permanencia y, de yapa, se [&hellip;]<\/p>\n","protected":false},"author":1,"featured_media":69160,"comment_status":"open","ping_status":"closed","sticky":false,"template":"","format":"standard","meta":[],"categories":[16],"tags":[],"_links":{"self":[{"href":"http:\/\/hoycordobaweb.com\/index.php\/wp-json\/wp\/v2\/posts\/69159"}],"collection":[{"href":"http:\/\/hoycordobaweb.com\/index.php\/wp-json\/wp\/v2\/posts"}],"about":[{"href":"http:\/\/hoycordobaweb.com\/index.php\/wp-json\/wp\/v2\/types\/post"}],"author":[{"embeddable":true,"href":"http:\/\/hoycordobaweb.com\/index.php\/wp-json\/wp\/v2\/users\/1"}],"replies":[{"embeddable":true,"href":"http:\/\/hoycordobaweb.com\/index.php\/wp-json\/wp\/v2\/comments?post=69159"}],"version-history":[{"count":0,"href":"http:\/\/hoycordobaweb.com\/index.php\/wp-json\/wp\/v2\/posts\/69159\/revisions"}],"wp:featuredmedia":[{"embeddable":true,"href":"http:\/\/hoycordobaweb.com\/index.php\/wp-json\/wp\/v2\/media\/69160"}],"wp:attachment":[{"href":"http:\/\/hoycordobaweb.com\/index.php\/wp-json\/wp\/v2\/media?parent=69159"}],"wp:term":[{"taxonomy":"category","embeddable":true,"href":"http:\/\/hoycordobaweb.com\/index.php\/wp-json\/wp\/v2\/categories?post=69159"},{"taxonomy":"post_tag","embeddable":true,"href":"http:\/\/hoycordobaweb.com\/index.php\/wp-json\/wp\/v2\/tags?post=69159"}],"curies":[{"name":"wp","href":"https:\/\/api.w.org\/{rel}","templated":true}]}}