{"id":69121,"date":"2023-11-02T13:05:00","date_gmt":"2023-11-02T13:05:00","guid":{"rendered":"https:\/\/www.mujerhoy.com\/moda\/no-te-pierdas\/isabel-preysler-coincide-mismo-look-invitada-reina-letizia-20231102132305-nt.html"},"modified":"2023-11-02T13:05:00","modified_gmt":"2023-11-02T13:05:00","slug":"isabel-preysler-se-marca-un-letizia-y-coincide-con-una-invitada-con-el-mismo-look-en-un-evento","status":"publish","type":"post","link":"http:\/\/hoycordobaweb.com\/index.php\/2023\/11\/02\/isabel-preysler-se-marca-un-letizia-y-coincide-con-una-invitada-con-el-mismo-look-en-un-evento\/","title":{"rendered":"Isabel Preysler se marca un Letizia y coincide con una invitada con el mismo look en un evento"},"content":{"rendered":"<p><!-- AUTHOR --> <\/p>\n<div class=\"voc-author-timesocial \"> <!-- AUTHOR --> <\/p>\n<div class=\"voc-author-timesocial__signature\"> <!-- IMAGE AUTHOR --> <picture class=\"voc-image-signature\"> <img class=\"voc-image-signature__img\" src=\"http:\/\/hoycordobaweb.com\/wp-content\/uploads\/2023\/11\/isabel-preysler-se-marca-un-letizia-y-coincide-con-una-invitada-con-el-mismo-look-en-un-evento.jpg\" alt=\"Raquel Rodr\u00edguez\"> <\/picture> <!-- INFO AUTHOR --> <\/div><\/div>\n<p> <!-- COMPONENTS --> <\/p>\n<p class=\"voc-paragraph\">Hace tan solo unos d\u00edas de la <a data-voc-vtm-id=\"in-text-traffic\" href=\"https:\/\/www.mujerhoy.com\/celebrities\/realeza\/leonor-jura-constitucion-polemica-letizia-seria-enfadada-tensa-traje-blanco-20231031155342-nt.html\" title=\"www.mujerhoy.com\">jura de la Constituci\u00f3n de la princesa Leonor<\/a>, un hecho hist\u00f3rico que acapar\u00f3 titulares y que se convirti\u00f3 en la absoluta protagoista de la actualidad. Y no solo por la importancia de este momento, sino tambi\u00e9n por todos y cada uno de los detalles que nos dej\u00f3 como fue<br \/>\n<a data-voc-vtm-id=\"in-text-traffic\" href=\"https:\/\/www.mujerhoy.com\/moda\/no-te-pierdas\/reina-letizia-look-jura-constitucion-princesa-leonor-recicla-vestido-azul-carolina-herrera-20231031111755-nt.html\" title=\"www.mujerhoy.com\"> el vestido reciclado <\/a>de la <strong>reina Letizia<\/strong>.\n<\/p>\n<p class=\"voc-paragraph\">Un look que hab\u00eda generado muchas expectativas y que qued\u00f3 ligeramente ensombrecido debido a que <a data-voc-vtm-id=\"in-text-traffic\" href=\"https:\/\/www.mujerhoy.com\/moda\/no-te-pierdas\/reina-letizia-coincide-vestido-francina-armengol-fallo-protocolo-error-polemico-20231031135728-nt.html\" title=\"www.mujerhoy.com\">coincidi\u00f3 en color con Francina Armengol<\/a>. Un peque\u00f1o fallo que, seg\u00fan cuentan algunos medios, no gust\u00f3 demasiado a do\u00f1a Letizia y que ha vivido en sus propias carnes la mism\u00edsima <strong>Isabel Preysler<\/strong>.\n<\/p>\n<p class=\"voc-paragraph\">Y es que, la reina de corazones estuvo hace unos d\u00edas en el Muso Thyssen junto a Tamara Falc\u00f3. Ambas acudieron a este lugar con motivo de la <strong>inauguraci\u00f3n de la exposici\u00f3n Maestras<\/strong>, dedicada a todas esas mujeres excepcionales que se dedicaron a las artes y que pese a ser aut\u00e9nticas artistas no fueron reconocidas en su tiempo.\n<\/p>\n<div class=\"voc-detail-photo-zoom\"> <picture data-toggle=\"modal\" data-target=\"#photoZoomModal-392\" target=\"modal\">\n<div class=\"voc-img-icon-link\"> <img loading=\"lazy\" data-original=\"\/\/static2.mujerhoy.com\/www\/multimedia\/202311\/02\/media\/cortadas\/isabel-preysler-tamara-falco-kTS--650x900@MujerHoy.jpg\" class=\"lazy adsviu_analyse\" alt=\"Los looks de Carolina Herrerea de Isabel Preysler y Tamara Falc\u00f3. \/ GTRES\"> <noscript> <img src=\"http:\/\/hoycordobaweb.com\/wp-content\/uploads\/2023\/11\/isabel-preysler-se-marca-un-letizia-y-coincide-con-una-invitada-con-el-mismo-look-en-un-evento.webp\" alt=\"Los looks de Carolina Herrerea de Isabel Preysler y Tamara Falc\u00f3. \/ GTRES\"> <\/noscript> <i class=\"voc-icons zoom voc-multimedia-box voc-ico-l\"><\/i> <\/div><figcaption class=\"figure-caption\">Los looks de Carolina Herrerea de Isabel Preysler y Tamara Falc\u00f3. \/ GTRES<\/figcaption><\/picture>\n<\/div>\n<div id=\"photoZoomModal-392\" class=\"voc-lightbox modal fade voc-lightbox--photo-zoom\" role=\"dialog\" data-voc-photozoom-lightbox>\n<div class=\"voc-lightbox__dialog\" role=\"document\">\n<div class=\"voc-lightbox__content\"> <!-- Modal header --> <!-- Modal content --> <\/p>\n<div class=\"voc-lightbox__photo-container\"> <picture class> <img loading=\"lazy\" data-original=\"\/\/static2.mujerhoy.com\/www\/multimedia\/202311\/02\/media\/cortadas\/isabel-preysler-tamara-falco-kTS--650x900@MujerHoy.jpg\" alt=\"Los looks de Carolina Herrerea de Isabel Preysler y Tamara Falc\u00f3. \/ GTRES\" class=\"lazy\"> <noscript> <img src=\"http:\/\/hoycordobaweb.com\/wp-content\/uploads\/2023\/11\/isabel-preysler-se-marca-un-letizia-y-coincide-con-una-invitada-con-el-mismo-look-en-un-evento.webp\" alt=\"Los looks de Carolina Herrerea de Isabel Preysler y Tamara Falc\u00f3. \/ GTRES\"> <\/noscript> <\/picture> <\/div><\/div><\/div>\n<\/div>\n<p class=\"voc-paragraph\">Una cita cultural que se realiz\u00f3 de la mano de <strong>Carolina Herrera<\/strong>, firma encargada del vestido de novia de Tamara Falc\u00f3, y su dise\u00f1ado <strong>Wes Gordon<\/strong>. Es por ello, que la marqueda de Gri\u00f1\u00f3n y su madre no dudaron en asistir y ambas derrocharon estilo luciendo dise\u00f1os de la marca.\n<\/p>\n<p class=\"voc-paragraph\">Posaron muy sonrientes en el photocall y disfrutaron de la exposici\u00f3n. Y tanto les gust\u00f3, que Tamara quiso compartir con sus seguidores lo mucho que le hab\u00eda gustado con fotograf\u00edas de algunos de los momentos vividos durante el evento. Y en dichas im\u00e1genes, hubo un <strong>detalle que no pas\u00f3 desapercibido<\/strong>.\n<\/p>\n<div class=\"voc-detail-photo-zoom\"> <picture data-toggle=\"modal\" data-target=\"#photoZoomModal-274\" target=\"modal\">\n<div class=\"voc-img-icon-link\"> <img loading=\"lazy\" data-original=\"\/\/static.mujerhoy.com\/www\/multimedia\/202311\/02\/media\/cortadas\/isabel-preysler-coincide-look-kTS--650x900@MujerHoy.jpg\" class=\"lazy adsviu_analyse\" alt=\"Isabel Preysler coincide con el mismo estampado de flores. \/ INSTAGRAM\"> <noscript> <img src=\"http:\/\/hoycordobaweb.com\/wp-content\/uploads\/2023\/11\/isabel-preysler-se-marca-un-letizia-y-coincide-con-una-invitada-con-el-mismo-look-en-un-evento-1.webp\" alt=\"Isabel Preysler coincide con el mismo estampado de flores. \/ INSTAGRAM\"> <\/noscript> <i class=\"voc-icons zoom voc-multimedia-box voc-ico-l\"><\/i> <\/div><figcaption class=\"figure-caption\">Isabel Preysler coincide con el mismo estampado de flores. \/ INSTAGRAM<\/figcaption><\/picture>\n<\/div>\n<div id=\"photoZoomModal-274\" class=\"voc-lightbox modal fade voc-lightbox--photo-zoom\" role=\"dialog\" data-voc-photozoom-lightbox>\n<div class=\"voc-lightbox__dialog\" role=\"document\">\n<div class=\"voc-lightbox__content\"> <!-- Modal header --> <!-- Modal content --> <\/p>\n<div class=\"voc-lightbox__photo-container\"> <picture class> <img loading=\"lazy\" data-original=\"\/\/static.mujerhoy.com\/www\/multimedia\/202311\/02\/media\/cortadas\/isabel-preysler-coincide-look-kTS--650x900@MujerHoy.jpg\" alt=\"Isabel Preysler coincide con el mismo estampado de flores. \/ INSTAGRAM\" class=\"lazy\"> <noscript> <img src=\"http:\/\/hoycordobaweb.com\/wp-content\/uploads\/2023\/11\/isabel-preysler-se-marca-un-letizia-y-coincide-con-una-invitada-con-el-mismo-look-en-un-evento-1.webp\" alt=\"Isabel Preysler coincide con el mismo estampado de flores. \/ INSTAGRAM\"> <\/noscript> <\/picture> <\/div><\/div><\/div>\n<\/div>\n<p class=\"voc-paragraph\">Y es que, tanto nosotras como sus followers, se percataron de que otras de las invitadas a la inaguraci\u00f3n llevaba una prenda muy similar a la de Isabel. La socialit\u00e9 se hab\u00eda decantado por un <strong>conjunto de camisa y pantal\u00f3n con un bonito estampado floral<\/strong>, un print que tambi\u00e9n escogi\u00f3 la otra mujer.\n<\/p>\n<p class=\"voc-paragraph\">Y es que, al parecer todas las invitadas llevaban prendas de la \u00faltima colecci\u00f3n de Carolina Herrera y, como consecuencia, dos escogieron opciones muy parecidas. \u00ab<br \/>\n<strong>Tu madre ha coincidido en el estampado del vestido de otra invitada<\/strong>. Eso da mucha rabia\u00ab, le coment\u00f3 una seguidora en la publicaci\u00f3n de Instagram.\n<\/p>\n<div class=\"voc-detail-photo-zoom\"> <picture data-toggle=\"modal\" data-target=\"#photoZoomModal-772\" target=\"modal\">\n<div class=\"voc-img-icon-link\"> <img loading=\"lazy\" data-original=\"\/\/static1.mujerhoy.com\/www\/multimedia\/202311\/02\/media\/cortadas\/vestido-letizia-mango-kTS--650x900@MujerHoy.jpg\" class=\"lazy adsviu_analyse\"> <noscript> <img src=\"http:\/\/hoycordobaweb.com\/wp-content\/uploads\/2023\/11\/isabel-preysler-se-marca-un-letizia-y-coincide-con-una-invitada-con-el-mismo-look-en-un-evento-2.webp\"> <\/noscript> <i class=\"voc-icons zoom voc-multimedia-box voc-ico-l\"><\/i> <\/div><figcaption class=\"figure-caption\"><\/figcaption><\/picture>\n<\/div>\n<div id=\"photoZoomModal-772\" class=\"voc-lightbox modal fade voc-lightbox--photo-zoom\" role=\"dialog\" data-voc-photozoom-lightbox>\n<div class=\"voc-lightbox__dialog\" role=\"document\">\n<div class=\"voc-lightbox__content\"> <!-- Modal header --> <!-- Modal content --> <\/p>\n<div class=\"voc-lightbox__photo-container\"> <picture class> <img loading=\"lazy\" data-original=\"\/\/static1.mujerhoy.com\/www\/multimedia\/202311\/02\/media\/cortadas\/vestido-letizia-mango-kTS--650x900@MujerHoy.jpg\" class=\"lazy\"> <noscript> <img src=\"http:\/\/hoycordobaweb.com\/wp-content\/uploads\/2023\/11\/isabel-preysler-se-marca-un-letizia-y-coincide-con-una-invitada-con-el-mismo-look-en-un-evento-2.webp\"> <\/noscript> <\/picture> <\/div><\/div><\/div>\n<\/div>\n<p class=\"voc-paragraph\">Y a lo que la propia Tamara respondi\u00f3: \u00abJajaja <strong>son \u00edntimas<\/strong>, las buenas mentes piensan igual\u00ab. Es decir, Isabel comparti\u00f3 look con una amiga y lejos de molestarse se lo tom\u00f3 a broma y entre risas. Misma actitud que tuvo la <strong>reina Letizia<\/strong> hace unos meses.\n<\/p>\n<p class=\"voc-paragraph\">Fue cuando acudi\u00f3 a una gala de premios en la que una de las premiadas llevaba el mismo vestido que ella, un dise\u00f1o de <strong>Mango <\/strong>ideal. Al dare cuenta la monarca comenz\u00f3 a reirse e incluso se hizo una fotograf\u00eda sorprendida por la coincidencia. \u00a1As\u00ed s\u00ed!\n<\/p>\n<p> <!-- TOPICS --> <\/p>\n","protected":false},"excerpt":{"rendered":"<p>Hace tan solo unos d\u00edas de la jura de la Constituci\u00f3n de la princesa Leonor, un hecho hist\u00f3rico que acapar\u00f3 titulares y que se convirti\u00f3 en la absoluta protagoista de la actualidad. Y no solo por la importancia de este momento, sino tambi\u00e9n por todos y cada uno de los detalles que nos dej\u00f3 como [&hellip;]<\/p>\n","protected":false},"author":1,"featured_media":69122,"comment_status":"closed","ping_status":"closed","sticky":false,"template":"","format":"standard","meta":[],"categories":[1],"tags":[],"_links":{"self":[{"href":"http:\/\/hoycordobaweb.com\/index.php\/wp-json\/wp\/v2\/posts\/69121"}],"collection":[{"href":"http:\/\/hoycordobaweb.com\/index.php\/wp-json\/wp\/v2\/posts"}],"about":[{"href":"http:\/\/hoycordobaweb.com\/index.php\/wp-json\/wp\/v2\/types\/post"}],"author":[{"embeddable":true,"href":"http:\/\/hoycordobaweb.com\/index.php\/wp-json\/wp\/v2\/users\/1"}],"replies":[{"embeddable":true,"href":"http:\/\/hoycordobaweb.com\/index.php\/wp-json\/wp\/v2\/comments?post=69121"}],"version-history":[{"count":0,"href":"http:\/\/hoycordobaweb.com\/index.php\/wp-json\/wp\/v2\/posts\/69121\/revisions"}],"wp:featuredmedia":[{"embeddable":true,"href":"http:\/\/hoycordobaweb.com\/index.php\/wp-json\/wp\/v2\/media\/69122"}],"wp:attachment":[{"href":"http:\/\/hoycordobaweb.com\/index.php\/wp-json\/wp\/v2\/media?parent=69121"}],"wp:term":[{"taxonomy":"category","embeddable":true,"href":"http:\/\/hoycordobaweb.com\/index.php\/wp-json\/wp\/v2\/categories?post=69121"},{"taxonomy":"post_tag","embeddable":true,"href":"http:\/\/hoycordobaweb.com\/index.php\/wp-json\/wp\/v2\/tags?post=69121"}],"curies":[{"name":"wp","href":"https:\/\/api.w.org\/{rel}","templated":true}]}}