{"id":69119,"date":"2023-11-02T23:46:05","date_gmt":"2023-11-02T23:46:05","guid":{"rendered":"https:\/\/www.ole.com.ar\/boca-juniors\/boca-fluminense-libertadores-maracana-rio-janeiro_0_jNEsCTOWBU.html"},"modified":"2023-11-02T23:46:05","modified_gmt":"2023-11-02T23:46:05","slug":"un-guino-para-boca-aparecio-la-camiseta-7-en-el-maracana","status":"publish","type":"post","link":"http:\/\/hoycordobaweb.com\/index.php\/2023\/11\/02\/un-guino-para-boca-aparecio-la-camiseta-7-en-el-maracana\/","title":{"rendered":"\u00bfUn gui\u00f1o para Boca? Apareci\u00f3 la camiseta 7 en el Maracan\u00e1"},"content":{"rendered":"<p><img src=\"http:\/\/hoycordobaweb.com\/wp-content\/uploads\/2023\/11\/un-guino-para-boca-aparecio-la-camiseta-7-en-el-maracana.jpg\"><\/p>\n<p><time class=\"createDate\" datetime=\"2023-11-02T20:46:005-03:00\">02\/11\/2023 20:46hs.<\/time><time class=\"modificatedDate\" datetime=\"2023-11-02T20:46:005-03:00\"><\/time><\/p>\n<div id=\"storyBody\">\n<div class=\"custom-text \" readability=\"38\">\n<p><strong>La locura es total<\/strong>. R\u00edo desborda de hinchas de Boca, Copacabana delira al ritmo de las canciones de<strong> los hinchas Xeneizes que llegan por aire y tierra para copar R\u00edo de Janeiro a falta de dos d\u00edas para la tan ansiada final ante el local, Fluminense.<\/strong> Desde Brasil, informan que la cantidad de hinchas argentinos superar\u00e1 a la esperada por las autoridades. <strong>Nadie se quiere perder lo que podr\u00eda ser la s\u00e9ptima conquista continental del Xeneize<\/strong><\/p>\n<\/div>\n<div class=\"custom-text \" readability=\"42\">\n<p><strong>La locura por el 7<\/strong>. Desde antes de llegar a la final, incluso en la previa del comienzo de la Libertadores, los fan\u00e1ticos Xeneize comenzaron a buscar coincidencias con la tan ansiada s\u00e9ptima Copa Libertadores. <strong>Obviamente, las encontraron por todos lados: en el \u00f3mnibus de Boca, en la foto del gol ag\u00f3nico ante Fluminense en 2012, en la suma de los d\u00edgitos del a\u00f1o 2023, en las patentes de los autos, en las direcciones y m\u00e1s.<\/strong><\/p>\n<\/div>\n<div class=\"sc-e7b891c4-0 jPbnQF\"><img alt=\"Thiago Neves, el 7. Neves al rev\u00e9s, Seven. (Foto: AP\/ Victor Caiavano)\" src=\"http:\/\/hoycordobaweb.com\/wp-content\/uploads\/2023\/11\/un-guino-para-boca-aparecio-la-camiseta-7-en-el-maracana-2.jpg\" width=\"720\" height=\"100\" decoding=\"async\" data-nimg=\"future\" loading=\"lazy\"><span class=\"epigraphe\">Thiago Neves, el 7. Neves al rev\u00e9s, Seven. (Foto: AP\/ Victor Caiavano)<\/span><\/div>\n<p><h2>La 7 de 1977, creer o reventar&#8230;<\/h2>\n<\/p>\n<div class=\"custom-text \" readability=\"40\">\n<p><strong>El 7 ya est\u00e1 en el Maracan\u00e1<\/strong>.<strong> El estadio en el que se disputar\u00e1 la final el pr\u00f3ximo s\u00e1bado entre Boca y el Flu, tambi\u00e9n tiene una coincidencia que ilusiona a los hinchas Xeneizes<\/strong>. Dentro de una de las secciones del Museo del Maracan\u00e1, se puede acceder a la zona de vestuarios, en donde se encuentran colgadas camisetas correspondientes a cada uno de los equipos que logr\u00f3 levantar la Copa Libertadores, al menos una vez en su historia. <strong>Un fan\u00e1tico Xeneize visit\u00f3 el museo y se encontr\u00f3 con que la camiseta que conmemora la consagraci\u00f3n de Boca en 1977, es la n\u00famero 7. Creer o reventar.<\/strong><\/p>\n<\/div>\n<div class=\"sc-e7b891c4-0 jPbnQF\"><img alt=\"La 7, lista en Rio. (Twitter:@fmacchi12)\" src=\"http:\/\/hoycordobaweb.com\/wp-content\/uploads\/2023\/11\/un-guino-para-boca-aparecio-la-camiseta-7-en-el-maracana-3.jpg\" width=\"720\" height=\"100\" decoding=\"async\" data-nimg=\"future\" loading=\"lazy\"><span class=\"epigraphe\">La 7, lista en Rio. (Twitter:@fmacchi12)<\/span><\/div>\n<div class=\"custom-text \" readability=\"37\">\n<p><strong>La Copa Libertadores de 1977 fue la primera consagraci\u00f3n de Boca en el m\u00e1ximo trofeo continental.<\/strong> Boca le gan\u00f3 la final a Cruzeiro, tras la victoria del equipo de Juan Carlos Lorenzo en la ida por 1-0 en la Bombonera y la posterior derrota ante los brasile\u00f1os en el Mineirao por el mismo resultado, <strong>la final se decidi\u00f3 en un partido desempate disputado en el Estadio Centenario de Montevideo en el que el Xeneize gan\u00f3 5-4 en la tanda de penales tras el 0-0 en el tiempo reglamentario.<\/strong><\/p>\n<\/div>\n<div class=\"custom-text \" readability=\"41\">\n<p>Dentro del museo, se pueden observar camisetas de \u00e9poca, de cada uno de los equipos que pudieron levantar el m\u00e1ximo trofeo continental. <strong>Entre ellas: la de Racing campe\u00f3n en 1967, la casaca del Estudiantes campe\u00f3n en 1969 y la de Argentinos Juniors campe\u00f3n en 1985.<\/strong> Adem\u00e1s, se ven camisetas de Olimpia, Am\u00e9rica de Cali y Nacional de Uruguay, entre otras reliquias del f\u00fatbol sudamericano.<\/p>\n<\/div>\n<p><h2>La locura por el 7, tambi\u00e9n la viven los jugadores<\/h2>\n<\/p>\n<div class=\"custom-text \" readability=\"34\">\n<p>El Xeneize, public\u00f3 un video en el que sus jugadores relatan la locura que se vive con el posible n\u00famero de Libertadores que tendr\u00e1 Boca en caso de ganarle al Flu en el Maracan\u00e1.<\/p>\n<\/div>\n<div class=\"custom-text \" readability=\"43\">\n<p><strong>\u00abLo veo en cada patente, en cada n\u00famero de una casa, en un edificio. Mismo, vivo en el piso 7, es incre\u00edble. 707, as\u00ed que todos los d\u00edas cuando vengo a casa, veo la puerta y es inevitable no pensar\u00bb<\/strong>, detallaba en el video, Nicol\u00e1s Figal, que estar\u00e1 desde el arranque ante Fluminense. <\/p>\n<\/div>\n<div class=\"custom-text \" readability=\"44\">\n<p>Sergio Romero, clave en los penales durante toda la copa, cont\u00f3 como vive con el 7 y la reacci\u00f3n de su hija: <strong>\u00abMe sucede con mi hija de 13 a\u00f1os, que se hizo hincha enferma de Boca, y hoy ve una patente de un auto, y empieza a sumar, restar y te dice, mira pap\u00e1 da 7.<\/strong> Todo el universo esta a favor nuestro, que la ganemos. Son cosas espectaculares, dios quiera que podamos lograr el objetivo. Tenemos un paso mas por delante y vamos a ir por eso\u00bb.<\/p>\n<\/div>\n<div class=\"sc-a7166897-0 exHLBh\" readability=\"6\">\n<section readability=\"2\"><picture><img alt=\"C\u00f3mo se prepara el Maracan\u00e1 para la final Boca-Flu\" src=\"http:\/\/hoycordobaweb.com\/wp-content\/uploads\/2023\/11\/un-guino-para-boca-aparecio-la-camiseta-7-en-el-maracana-4.jpg\" width=\"290\" height=\"290\" decoding=\"async\" data-nimg=\"future\" loading=\"lazy\"><\/picture>\n<p><span>Mir\u00e1 tambi\u00e9n<\/span><\/p>\n<hr>\n<h3>C\u00f3mo se prepara el Maracan\u00e1 para la final Boca-Flu<\/h3>\n<\/p>\n<\/section>\n<\/div>\n<div class=\"sc-a7166897-0 exHLBh\" readability=\"6.5\">\n<section readability=\"3\"><picture><img alt=\"Qu\u00e9 dijo la c\u00f3nsul argentina en R\u00edo tras el ataque a los hinchas de Boca y la represi\u00f3n policial\" src=\"http:\/\/hoycordobaweb.com\/wp-content\/uploads\/2023\/11\/un-guino-para-boca-aparecio-la-camiseta-7-en-el-maracana-5.jpg\" width=\"290\" height=\"290\" decoding=\"async\" data-nimg=\"future\" loading=\"lazy\"><\/picture>\n<p><span>Mir\u00e1 tambi\u00e9n<\/span><\/p>\n<hr>\n<h3>Qu\u00e9 dijo la c\u00f3nsul argentina en R\u00edo tras el ataque a los hinchas de Boca y la represi\u00f3n policial<\/h3>\n<\/p>\n<\/section>\n<\/div>\n<\/div>\n","protected":false},"excerpt":{"rendered":"<p>02\/11\/2023 20:46hs. La locura es total. R\u00edo desborda de hinchas de Boca, Copacabana delira al ritmo de las canciones de los hinchas Xeneizes que llegan por aire y tierra para copar R\u00edo de Janeiro a falta de dos d\u00edas para la tan ansiada final ante el local, Fluminense. Desde Brasil, informan que la cantidad de [&hellip;]<\/p>\n","protected":false},"author":1,"featured_media":69120,"comment_status":"open","ping_status":"closed","sticky":false,"template":"","format":"standard","meta":[],"categories":[16],"tags":[],"_links":{"self":[{"href":"http:\/\/hoycordobaweb.com\/index.php\/wp-json\/wp\/v2\/posts\/69119"}],"collection":[{"href":"http:\/\/hoycordobaweb.com\/index.php\/wp-json\/wp\/v2\/posts"}],"about":[{"href":"http:\/\/hoycordobaweb.com\/index.php\/wp-json\/wp\/v2\/types\/post"}],"author":[{"embeddable":true,"href":"http:\/\/hoycordobaweb.com\/index.php\/wp-json\/wp\/v2\/users\/1"}],"replies":[{"embeddable":true,"href":"http:\/\/hoycordobaweb.com\/index.php\/wp-json\/wp\/v2\/comments?post=69119"}],"version-history":[{"count":0,"href":"http:\/\/hoycordobaweb.com\/index.php\/wp-json\/wp\/v2\/posts\/69119\/revisions"}],"wp:featuredmedia":[{"embeddable":true,"href":"http:\/\/hoycordobaweb.com\/index.php\/wp-json\/wp\/v2\/media\/69120"}],"wp:attachment":[{"href":"http:\/\/hoycordobaweb.com\/index.php\/wp-json\/wp\/v2\/media?parent=69119"}],"wp:term":[{"taxonomy":"category","embeddable":true,"href":"http:\/\/hoycordobaweb.com\/index.php\/wp-json\/wp\/v2\/categories?post=69119"},{"taxonomy":"post_tag","embeddable":true,"href":"http:\/\/hoycordobaweb.com\/index.php\/wp-json\/wp\/v2\/tags?post=69119"}],"curies":[{"name":"wp","href":"https:\/\/api.w.org\/{rel}","templated":true}]}}