{"id":69117,"date":"2023-11-02T23:48:23","date_gmt":"2023-11-02T23:48:23","guid":{"rendered":"https:\/\/www.ole.com.ar\/futbol-internacional\/increible-anecdota-companero-dibu-martinez-aston-villa_0_0SavRhqjo5.html"},"modified":"2023-11-02T23:48:23","modified_gmt":"2023-11-02T23:48:23","slug":"la-increible-anecdota-de-un-companero-de-dibu-martinez-en-aston-villa","status":"publish","type":"post","link":"http:\/\/hoycordobaweb.com\/index.php\/2023\/11\/02\/la-increible-anecdota-de-un-companero-de-dibu-martinez-en-aston-villa\/","title":{"rendered":"La incre\u00edble an\u00e9cdota de un compa\u00f1ero de Dibu Mart\u00ednez en Aston Villa"},"content":{"rendered":"<p><img src=\"http:\/\/hoycordobaweb.com\/wp-content\/uploads\/2023\/11\/la-increible-anecdota-de-un-companero-de-dibu-martinez-en-aston-villa.jpg\"><\/p>\n<p><time class=\"createDate\" datetime=\"2023-11-02T20:48:23-03:00\">02\/11\/2023 20:48hs.<\/time><time class=\"modificatedDate\" datetime=\"2023-11-02T20:48:23-03:00\"><\/time><\/p>\n<div id=\"storyBody\">\n<div class=\"custom-text \" readability=\"15\">\n<p><strong>Emiliano Mart\u00ednez es un obsesivo<\/strong>. \u00abEs el momento en el que les tengo que dar tranquilidad a mis compa\u00f1eros porque otra vez me patean tres veces y me meten tres goles\u00bb, se hab\u00eda reprochado el arquero de la Selecci\u00f3n, \u00a1a minutos de haberle dado a Argentina su tercera Copa del Mundo! A prop\u00f3sito de su determinaci\u00f3n y enfoque bajo los tres palos, el defensor espa\u00f1ol <strong>Pau Torres, compa\u00f1ero suyo en el Aston Villa, comparti\u00f3 una an\u00e9cdota reveladora <\/strong>sobre la man\u00eda del Dibu por las vallas invictas.<\/p>\n<\/div>\n<p><h2><strong><em>Pau Torres: \u00abEs un enfermo del &#8216;clean sheet'\u00bb<\/em><\/strong><\/h2>\n<\/p>\n<div class=\"custom-text \" readability=\"18\">\n<p>\u00ab<strong>El Dibu es muy competitivo<\/strong>\u00ab, arranc\u00f3 Pau. Y sigui\u00f3: \u00abEstamos haciendo un viaje en autob\u00fas a lo mejor, y bueno, vamos juntos, sentados en la mesa y siempre vamos con el iPad, con el ordenador,<strong> viendo otros partidos de la liga, y cuando le marcan un gol a otro portero, \u00e9l lo celebra<\/strong>\u00ab. Incre\u00edble&#8230;<\/p>\n<\/div>\n<div class=\"custom-text \" readability=\"16\">\n<p>\u00abCuando le ganamos 6-1 al Brighton, nos dieron un par de d\u00edas libres y me fui a mi casa en Villarreal. Al d\u00eda siguiente recibo un mensaje y me dice: <strong>\u2018Disfruta por casa, pero a ver si el siguiente partido conseguimos clean sheet<\/strong>&#8216;\u00bb, a\u00f1adi\u00f3 el defensor de la selecci\u00f3n de Espa\u00f1a. \u00abY yo digo hostia, este t\u00edo! Acabamos de ganar 6-1 al Brighton y a\u00fan no est\u00e1 contento. <strong>Creo que esa mentalidad es la que le hace ser uno de los mejores porteros del mundo, sino el mejor<\/strong>\u201d, cerr\u00f3.<\/p>\n<\/div>\n<div class=\"custom-text \" readability=\"16\">\n<p>El Dibu ha sido clave para este gran arranque de temporada del Aston Villa. Luego de las primeras 10 fechas de la Premier, el conjunto de Unai Emery se ubica 5\u00b0, con 22 puntos, a solamente cuatro del Tottenham, el l\u00edder. En el medio est\u00e1n Arsenal (24), Manchester City (24) y Liverpool (23). <strong>En cuanto a las vallas invictas que tanto desvelan al arquero argentino, reci\u00e9n pudo conseguir tres en 13 partidos. <\/strong><\/p>\n<\/div>\n<div class=\"sc-e7b891c4-0 jPbnQF\"><img alt=\"El Dibu, protagonista de un Aston Villa que est\u00e1 dando que hablar en la Premier. (EFE)\" src=\"http:\/\/hoycordobaweb.com\/wp-content\/uploads\/2023\/11\/la-increible-anecdota-de-un-companero-de-dibu-martinez-en-aston-villa-2.jpg\" width=\"720\" height=\"100\" decoding=\"async\" data-nimg=\"future\" loading=\"lazy\"><span class=\"epigraphe\">El Dibu, protagonista de un Aston Villa que est\u00e1 dando que hablar en la Premier. (EFE)<\/span><\/div>\n<p><h2><strong><em>El Dibu, el mejor arquero del mundo<\/em><\/strong><\/h2>\n<\/p>\n<div type=\"embed\" class=\"sc-7ce6049-0 dwIKul\">\n<div class=\"sc-7ce6049-1 bdcBBS videoText\" id=\"contentTitleembednbYS2yUt\" type=\"embed\" readability=\"6\"><svg fill=\"#ffffff\"><symbol id=\"play\" viewBox=\"0 0 512 512\"><path d=\"M512 256C512 397.4 397.4 512 256 512C114.6 512 0 397.4 0 256C0 114.6 114.6 0 256 0C397.4 0 512 114.6 512 256zM176 168V344C176 352.7 180.7 360.7 188.3 364.9C195.8 369.2 205.1 369 212.5 364.5L356.5 276.5C363.6 272.1 368 264.4 368 256C368 247.6 363.6 239.9 356.5 235.5L212.5 147.5C205.1 142.1 195.8 142.8 188.3 147.1C180.7 151.3 176 159.3 176 168V168z\" \/><\/symbol><use xlink:href=\"#play\" \/><\/svg><\/p>\n<div class=\"right\" readability=\"7\">\n<p>Dami\u00e1n Emiliano Mart\u00ednez<!-- --> &#8211;<!-- --> <span>2-11-2023<\/span><\/p>\n<h2 class=\"title-vid\">El Dibu, mejor arquero<\/h2>\n<\/div>\n<\/div>\n<p><span class=\"back\" id=\"spanBackembednbYS2yUt\"><\/span><\/div>\n<\/div>\n","protected":false},"excerpt":{"rendered":"<p>02\/11\/2023 20:48hs. Emiliano Mart\u00ednez es un obsesivo. \u00abEs el momento en el que les tengo que dar tranquilidad a mis compa\u00f1eros porque otra vez me patean tres veces y me meten tres goles\u00bb, se hab\u00eda reprochado el arquero de la Selecci\u00f3n, \u00a1a minutos de haberle dado a Argentina su tercera Copa del Mundo! A prop\u00f3sito [&hellip;]<\/p>\n","protected":false},"author":1,"featured_media":69118,"comment_status":"open","ping_status":"closed","sticky":false,"template":"","format":"standard","meta":[],"categories":[16],"tags":[],"_links":{"self":[{"href":"http:\/\/hoycordobaweb.com\/index.php\/wp-json\/wp\/v2\/posts\/69117"}],"collection":[{"href":"http:\/\/hoycordobaweb.com\/index.php\/wp-json\/wp\/v2\/posts"}],"about":[{"href":"http:\/\/hoycordobaweb.com\/index.php\/wp-json\/wp\/v2\/types\/post"}],"author":[{"embeddable":true,"href":"http:\/\/hoycordobaweb.com\/index.php\/wp-json\/wp\/v2\/users\/1"}],"replies":[{"embeddable":true,"href":"http:\/\/hoycordobaweb.com\/index.php\/wp-json\/wp\/v2\/comments?post=69117"}],"version-history":[{"count":0,"href":"http:\/\/hoycordobaweb.com\/index.php\/wp-json\/wp\/v2\/posts\/69117\/revisions"}],"wp:featuredmedia":[{"embeddable":true,"href":"http:\/\/hoycordobaweb.com\/index.php\/wp-json\/wp\/v2\/media\/69118"}],"wp:attachment":[{"href":"http:\/\/hoycordobaweb.com\/index.php\/wp-json\/wp\/v2\/media?parent=69117"}],"wp:term":[{"taxonomy":"category","embeddable":true,"href":"http:\/\/hoycordobaweb.com\/index.php\/wp-json\/wp\/v2\/categories?post=69117"},{"taxonomy":"post_tag","embeddable":true,"href":"http:\/\/hoycordobaweb.com\/index.php\/wp-json\/wp\/v2\/tags?post=69117"}],"curies":[{"name":"wp","href":"https:\/\/api.w.org\/{rel}","templated":true}]}}