{"id":69107,"date":"2023-11-03T02:20:33","date_gmt":"2023-11-03T02:20:33","guid":{"rendered":"https:\/\/www.ole.com.ar\/estudiantes\/boselli-anuncio-retiro-estudiantes_0_LswMDvmoDO.html"},"modified":"2023-11-03T02:20:33","modified_gmt":"2023-11-03T02:20:33","slug":"se-retira-un-idolo-de-estudiantes-mauro-boselli","status":"publish","type":"post","link":"http:\/\/hoycordobaweb.com\/index.php\/2023\/11\/03\/se-retira-un-idolo-de-estudiantes-mauro-boselli\/","title":{"rendered":"Se retira un \u00eddolo de Estudiantes: Mauro Boselli"},"content":{"rendered":"<p><img src=\"http:\/\/hoycordobaweb.com\/wp-content\/uploads\/2023\/11\/se-retira-un-idolo-de-estudiantes-mauro-boselli.jpg\"><\/p>\n<p><time class=\"createDate\" datetime=\"2023-11-02T23:20:33-03:00\">02\/11\/2023 23:20hs.<\/time><time class=\"modificatedDate\" datetime=\"2023-11-02T23:20:33-03:00\"><\/time><\/p>\n<div id=\"storyBody\">\n<div class=\"custom-text \" readability=\"37\">\n<p>Una vez que finalice la temporada futbol\u00edstica, un \u00eddolo de Estudiantes colgar\u00e1 los botines. <strong>Mauro Boselli, delantero de 38 a\u00f1os, anunci\u00f3 este jueves que dejar\u00e1 la actividad profesional una vez que culminen los compromisos deportivos con el Pincha en este 2023. <\/strong><\/p>\n<\/div>\n<div class=\"custom-text \" readability=\"40\">\n<p>Campe\u00f3n de la Libertadores 2009 en el recordado elenco de Alejandro Sabella (91 goles en 270 partidos), el surgido en Boca (tambi\u00e9n particip\u00f3 en la consagraci\u00f3n continental del Xeneize en 2007) <strong>comunic\u00f3 la noticia a trav\u00e9s de Instagram. Escribi\u00f3 unas emotivas palabras y difundi\u00f3 tambi\u00e9n un video para repasar toda su carrera.<\/strong> Jug\u00f3 tambi\u00e9n en Malague\u00f1o de Espa\u00f1a, Wigan de Inglaterra, Palermo y Genoa de Italia, Le\u00f3n de M\u00e9xico, Corinthians de Brasil y Cerro Porte\u00f1o de Paraguay.<\/p>\n<\/div>\n<div class=\"custom-text \" readability=\"38\">\n<p>Regres\u00f3 al Le\u00f3n de La Plata en 2022 y a\u00fan sue\u00f1a con una vuelta ol\u00edmpica m\u00e1s. Su equipo la tiene complicada para meterse en los playoffs de la Copa de la Liga (a siete puntos de los puestos de clasificaci\u00f3n cuando quedan apenas nueve en juego), <strong>pero a\u00fan est\u00e1 vivo en la Copa Argentina: debe jugar la semifinal contra Boca<\/strong>. En tanto, con 55 puntos en la tabla anual, tambi\u00e9n lucha por ingresar a la Libertadores del a\u00f1o pr\u00f3ximo.<\/p>\n<\/div>\n<div class=\"sc-e7b891c4-0 jPbnQF\"><img alt=\"Boselli, gran goleador. \" src=\"http:\/\/hoycordobaweb.com\/wp-content\/uploads\/2023\/11\/se-retira-un-idolo-de-estudiantes-mauro-boselli-2.jpg\" width=\"720\" height=\"100\" decoding=\"async\" data-nimg=\"future\" loading=\"lazy\"><span class=\"epigraphe\">Boselli, gran goleador. <\/span><\/div>\n<div class=\"custom-text \" readability=\"36\">\n<p>Al conjunto de Dom\u00ednguez le quedan dos partidos de local: el domingo vs. Defensa y Justicia y, tres semanas m\u00e1s tarde, vs. Lan\u00fas para cerrar la fase regular de la Copa de la Liga.<strong> Dos encuentros para que los hinchas concurran a Uno para despedir al querido Boselli.<\/strong><\/p>\n<\/div>\n<div class=\"sc-e7b891c4-0 jPbnQF\"><img alt=\"Marc\u00f3 91 tantos con la camiseta platense. \" src=\"http:\/\/hoycordobaweb.com\/wp-content\/uploads\/2023\/11\/se-retira-un-idolo-de-estudiantes-mauro-boselli-3.jpg\" width=\"720\" height=\"100\" decoding=\"async\" data-nimg=\"future\" loading=\"lazy\"><span class=\"epigraphe\">Marc\u00f3 91 tantos con la camiseta platense. <\/span><\/div>\n<div class=\"custom-text \" readability=\"37\">\n<p>\u00abHay cosas que nunca vamos a olvidar&#8230; Gracias por ser, hacer y transmitir el ADN de Estudiantes. \u00a1Campe\u00f3n de Am\u00e9rica! \u2764\ufe0f\u00bb, fue el mensaje del club en redes, sum\u00e1ndose a cientos y cientos. Se vendr\u00e1n m\u00e1s y m\u00e1s homenajes. <\/p>\n<\/div>\n<p><h2><strong>El mensaje de Mauro Boselli<\/strong><\/h2>\n<\/p>\n<div class=\"custom-text \" readability=\"33\">\n<p><em>Imposible decir adi\u00f3s, sin antes decir Gracias\u2026<\/em><\/p>\n<\/div>\n<div class=\"custom-text \" readability=\"35\">\n<p><em>Hoy les quiero contar que, cuando termine la temporada, cerrar\u00e9 mi carrera como futbolista profesional.<\/em><\/p>\n<\/div>\n<div class=\"custom-text \" readability=\"34\">\n<p><em>Todo empez\u00f3 cuando mi abuelo me llev\u00f3 a Barracas Juniors. All\u00ed fueron mis primeros pasos, con Rafa y Conejo como entrenadores.<\/em><\/p>\n<\/div>\n<div class=\"custom-text \" readability=\"41\">\n<p><em>Mi debut en cancha de 11 fue en All Boys, hasta que apareci\u00f3 un tal Ram\u00f3n Maddoni para llevarme a Boca, donde me form\u00e9 como jugador y me dio la posibilidad de debutar en primera. Pero, como le pasa a muchos, me fui de joven a M\u00e1laga para juntar experiencia. Despu\u00e9s de un a\u00f1o, volv\u00ed a Boca, pude ganar mi primera Libertadores y consolidarme como jugador profesional.<\/em><\/p>\n<\/div>\n<div class=\"custom-text \" readability=\"39\">\n<p><em>Por mediados del 2008 llegue a Estudiantes, uno de los dos clubes de los que me enamor\u00e9. No s\u00f3lo por haber alzado una Copa Libertadores con un maestro como Alejandro Sabella, sino porque all\u00ed encontr\u00e9 los mismos valores que me ense\u00f1aron en mi casa y entend\u00ed que \u201cac\u00e1 hay una escuela\u201d y no es solo una forma de sentir el f\u00fatbol, sino de vivir la vida. Despu\u00e9s de 2 hermosos a\u00f1os, cumpl\u00ed el sue\u00f1o de jugar en Europa y de enfrentar a futbolistas que siempre admire. Estar en la \u00e9lite me permiti\u00f3 tener la chance de vestir la camiseta de nuestro pa\u00eds. Otro sue\u00f1o cumplido.<\/em><\/p>\n<\/div>\n<div class=\"custom-text \" readability=\"32\">\n<p><em>En Europa las cosas no fueron tan buenas como esperaba pero todo pasa por algo.<\/em><\/p>\n<\/div>\n<div class=\"custom-text \" readability=\"40\">\n<p><em>Recib\u00ed la llamada de Gustavo Matosas, que hizo que conociera mi otro gran amor: Le\u00f3n de M\u00e9xico. La historia fue maravillosa:un bicampeonato, ser campe\u00f3n de goleo 3 veces y ser uno de los m\u00e1ximos goleadores de la historia de la instituci\u00f3n. Ser Fiera, para m\u00ed, sin lugar a dudas fue, es y ser\u00e1 un orgullo.<\/em><\/p>\n<\/div>\n<div class=\"custom-text \" readability=\"36\">\n<p><em>Pero toc\u00f3 hacer las valijas una vez m\u00e1s. Primero Corinthians y luego Cerro Porte\u00f1o, dos equipos enormes de Am\u00e9rica, con hinchadas muy pasionales donde en poco tiempo me brindaron todo su cari\u00f1o y tuve la dicha de ser campe\u00f3n.<\/em><\/p>\n<\/div>\n<div class=\"custom-text \" readability=\"35\">\n<p><em>Pero sent\u00eda que el final ten\u00eda que ser en un lugar especial, y gracias al Pincha eso fue posible. Regresar\u2026 con la incertidumbre de volver al f\u00fatbol argentino y estar a la altura. Siento que no le fall\u00e9.<\/em><\/p>\n<\/div>\n<div class=\"custom-text \" readability=\"33\">\n<p><em>Fue hermoso que mis hijas puedan escuchar y sentir ese \u201cBoseeeelli, Boseeeeeelli\u2026\u201d<\/em><\/p>\n<\/div>\n<div class=\"custom-text \" readability=\"33\">\n<p>Gracias, Estudiantes. Mi agradecimiento ser\u00e1 Eterno.<\/p>\n<\/div>\n<div class=\"sc-a7166897-0 exHLBh\" readability=\"6.5\">\n<section readability=\"3\"><picture><img alt=\"River, ante Hurac\u00e1n y su adi\u00f3s Monumental\" src=\"http:\/\/hoycordobaweb.com\/wp-content\/uploads\/2023\/11\/se-retira-un-idolo-de-estudiantes-mauro-boselli-4.jpg\" width=\"290\" height=\"290\" decoding=\"async\" data-nimg=\"future\" loading=\"lazy\"><\/picture>\n<p><span>Mir\u00e1 tambi\u00e9n<\/span><\/p>\n<hr>\n<h3>River, ante Hurac\u00e1n y su adi\u00f3s Monumental<\/h3>\n<\/p>\n<\/section>\n<\/div>\n<div class=\"sc-a7166897-0 exHLBh\" readability=\"6\">\n<section readability=\"2\"><picture><img alt=\"Se aprob\u00f3 el balance del Rojo: cu\u00e1nto se redujo la deuda\" src=\"http:\/\/hoycordobaweb.com\/wp-content\/uploads\/2023\/11\/se-retira-un-idolo-de-estudiantes-mauro-boselli-5.jpg\" width=\"290\" height=\"290\" decoding=\"async\" data-nimg=\"future\" loading=\"lazy\"><\/picture>\n<p><span>Mir\u00e1 tambi\u00e9n<\/span><\/p>\n<hr>\n<h3>Se aprob\u00f3 el balance del Rojo: cu\u00e1nto se redujo la deuda<\/h3>\n<\/p>\n<\/section>\n<\/div>\n<div class=\"sc-a7166897-0 exHLBh\" readability=\"6\">\n<section readability=\"2\"><picture><img alt=\"Se viene la renovaci\u00f3n para el River 2024\" src=\"http:\/\/hoycordobaweb.com\/wp-content\/uploads\/2023\/11\/se-retira-un-idolo-de-estudiantes-mauro-boselli-6.jpg\" width=\"290\" height=\"290\" decoding=\"async\" data-nimg=\"future\" loading=\"lazy\"><\/picture>\n<p><span>Mir\u00e1 tambi\u00e9n<\/span><\/p>\n<hr>\n<h3>Se viene la renovaci\u00f3n para el River 2024<\/h3>\n<\/p>\n<\/section>\n<\/div>\n<\/div>\n","protected":false},"excerpt":{"rendered":"<p>02\/11\/2023 23:20hs. Una vez que finalice la temporada futbol\u00edstica, un \u00eddolo de Estudiantes colgar\u00e1 los botines. Mauro Boselli, delantero de 38 a\u00f1os, anunci\u00f3 este jueves que dejar\u00e1 la actividad profesional una vez que culminen los compromisos deportivos con el Pincha en este 2023. Campe\u00f3n de la Libertadores 2009 en el recordado elenco de Alejandro Sabella [&hellip;]<\/p>\n","protected":false},"author":1,"featured_media":69108,"comment_status":"open","ping_status":"closed","sticky":false,"template":"","format":"standard","meta":[],"categories":[16],"tags":[],"_links":{"self":[{"href":"http:\/\/hoycordobaweb.com\/index.php\/wp-json\/wp\/v2\/posts\/69107"}],"collection":[{"href":"http:\/\/hoycordobaweb.com\/index.php\/wp-json\/wp\/v2\/posts"}],"about":[{"href":"http:\/\/hoycordobaweb.com\/index.php\/wp-json\/wp\/v2\/types\/post"}],"author":[{"embeddable":true,"href":"http:\/\/hoycordobaweb.com\/index.php\/wp-json\/wp\/v2\/users\/1"}],"replies":[{"embeddable":true,"href":"http:\/\/hoycordobaweb.com\/index.php\/wp-json\/wp\/v2\/comments?post=69107"}],"version-history":[{"count":0,"href":"http:\/\/hoycordobaweb.com\/index.php\/wp-json\/wp\/v2\/posts\/69107\/revisions"}],"wp:featuredmedia":[{"embeddable":true,"href":"http:\/\/hoycordobaweb.com\/index.php\/wp-json\/wp\/v2\/media\/69108"}],"wp:attachment":[{"href":"http:\/\/hoycordobaweb.com\/index.php\/wp-json\/wp\/v2\/media?parent=69107"}],"wp:term":[{"taxonomy":"category","embeddable":true,"href":"http:\/\/hoycordobaweb.com\/index.php\/wp-json\/wp\/v2\/categories?post=69107"},{"taxonomy":"post_tag","embeddable":true,"href":"http:\/\/hoycordobaweb.com\/index.php\/wp-json\/wp\/v2\/tags?post=69107"}],"curies":[{"name":"wp","href":"https:\/\/api.w.org\/{rel}","templated":true}]}}