{"id":69092,"date":"2023-11-01T11:18:00","date_gmt":"2023-11-01T11:18:00","guid":{"rendered":"https:\/\/fm-comunicar.com.ar\/contenido\/20872\/colonia-caroya-y-jesus-maria-tendran-su-noche-de-los-museos"},"modified":"2023-11-01T11:18:00","modified_gmt":"2023-11-01T11:18:00","slug":"colonia-caroya-y-jesus-maria-tendran-su-noche-de-los-museos","status":"publish","type":"post","link":"http:\/\/hoycordobaweb.com\/index.php\/2023\/11\/01\/colonia-caroya-y-jesus-maria-tendran-su-noche-de-los-museos\/","title":{"rendered":"Colonia Caroya y Jes\u00fas Mar\u00eda tendr\u00e1n su \u00abNoche de los Museos\u00bb"},"content":{"rendered":"<p>Se realizar\u00e1 este viernes 3 de noviembre, en cinco rincones culturales de la regi\u00f3n: la Torre C\u00e9spedes, el Museo de la Ciudad Luis Biondi, la Estancia Jesu\u00edtica, La Biblioteca Popular Sarmiento y la Bodega La Caroyense.<img src=\"http:\/\/hoycordobaweb.com\/wp-content\/uploads\/2023\/11\/colonia-caroya-y-jesus-maria-tendran-su-noche-de-los-museos.jpg\"><\/p>\n","protected":false},"excerpt":{"rendered":"<p>Se realizar\u00e1 este viernes 3 de noviembre, en cinco rincones culturales de la regi\u00f3n: la Torre C\u00e9spedes, el Museo de la Ciudad Luis Biondi, la Estancia Jesu\u00edtica, La Biblioteca Popular Sarmiento y la Bodega La Caroyense.<\/p>\n","protected":false},"author":1,"featured_media":69093,"comment_status":"closed","ping_status":"closed","sticky":false,"template":"","format":"standard","meta":[],"categories":[18],"tags":[],"_links":{"self":[{"href":"http:\/\/hoycordobaweb.com\/index.php\/wp-json\/wp\/v2\/posts\/69092"}],"collection":[{"href":"http:\/\/hoycordobaweb.com\/index.php\/wp-json\/wp\/v2\/posts"}],"about":[{"href":"http:\/\/hoycordobaweb.com\/index.php\/wp-json\/wp\/v2\/types\/post"}],"author":[{"embeddable":true,"href":"http:\/\/hoycordobaweb.com\/index.php\/wp-json\/wp\/v2\/users\/1"}],"replies":[{"embeddable":true,"href":"http:\/\/hoycordobaweb.com\/index.php\/wp-json\/wp\/v2\/comments?post=69092"}],"version-history":[{"count":0,"href":"http:\/\/hoycordobaweb.com\/index.php\/wp-json\/wp\/v2\/posts\/69092\/revisions"}],"wp:featuredmedia":[{"embeddable":true,"href":"http:\/\/hoycordobaweb.com\/index.php\/wp-json\/wp\/v2\/media\/69093"}],"wp:attachment":[{"href":"http:\/\/hoycordobaweb.com\/index.php\/wp-json\/wp\/v2\/media?parent=69092"}],"wp:term":[{"taxonomy":"category","embeddable":true,"href":"http:\/\/hoycordobaweb.com\/index.php\/wp-json\/wp\/v2\/categories?post=69092"},{"taxonomy":"post_tag","embeddable":true,"href":"http:\/\/hoycordobaweb.com\/index.php\/wp-json\/wp\/v2\/tags?post=69092"}],"curies":[{"name":"wp","href":"https:\/\/api.w.org\/{rel}","templated":true}]}}