{"id":69063,"date":"2023-11-02T02:19:05","date_gmt":"2023-11-02T02:19:05","guid":{"rendered":"https:\/\/www.ole.com.ar\/ecuador\/liga-pro\/liga-quito-ligapro-ajustada-agenda-inicio-noviembre_0_yFlYwQA3Si.html"},"modified":"2023-11-02T02:19:05","modified_gmt":"2023-11-02T02:19:05","slug":"el-primero-de-cuatro-el-ajustado-calendario-de-liga-en-el-inicio-de-noviembre","status":"publish","type":"post","link":"http:\/\/hoycordobaweb.com\/index.php\/2023\/11\/02\/el-primero-de-cuatro-el-ajustado-calendario-de-liga-en-el-inicio-de-noviembre\/","title":{"rendered":"El primero de cuatro: el ajustado calendario de Liga en el inicio de noviembre"},"content":{"rendered":"<p><img src=\"http:\/\/hoycordobaweb.com\/wp-content\/uploads\/2023\/11\/el-primero-de-cuatro-el-ajustado-calendario-de-liga-en-el-inicio-de-noviembre.jpg\"><\/p>\n<p><time class=\"createDate\" datetime=\"2023-11-01T23:19:005-03:00\">01\/11\/2023 23:19hs.<\/time><time class=\"modificatedDate\" datetime=\"2023-11-01T23:19:005-03:00\"><\/time><\/p>\n<div id=\"storyBody\">\n<div class=\"custom-text \" readability=\"29.485849056604\">\n<p>Hay que quiere celeste, que le cueste. As\u00ed dice un popular refr\u00e1n que tiene como significado comprender que siempre hay que disponerse a trabajar y sacrificarse para conseguir lo deseado. Y es que <a href=\"https:\/\/www.ole.com.ar\/tema\/liga-de-quito.html\" title=\"liga de quito\" alt=\"liga de quito\" class=\"slug\">Liga de Quito<\/a> en su momento aplaz\u00f3 compromisos de <a href=\"https:\/\/www.ole.com.ar\/tema\/ligapro.html\" title=\"LigaPro\" alt=\"LigaPro\" class=\"slug\">LigaPro<\/a> con el fin de llegar m\u00e1s descansado a la final de la <a href=\"https:\/\/www.ole.com.ar\/tema\/copa-sudamericana.html\" title=\"Copa Sudamericana\" alt=\"Copa Sudamericana\" class=\"slug\">Copa Sudamericana<\/a>, <a href=\"https:\/\/www.ole.com.ar\/ecuador\/liga-pro\/liga-quito-historial-titulos-internacionales-copa-sudamericana-quinta-estrella_0_SLjOT164Mt.html\" target=\"_blank\" title=\"en la cual se impuso 4-3 en los penales frente a Fortaleza\" alt=\"en la cual se impuso 4-3 en los penales frente a Fortaleza\" rel=\"noopener noreferrer\">en la cual se impuso 4-3 en los penales frente a Fortaleza<\/a>. Ahora, a padecer el calendario&#8230;<\/p>\n<\/div>\n<div class=\"custom-text \" readability=\"31.425219941349\">\n<p>El Albo obtuvo el s\u00e1bado su quinta estrella internacional en Uruguay y, tras un largo viaje repleto de festejos, este mi\u00e9rcoles debi\u00f3 cumplir ante Universidad Cat\u00f3lica por el campeonato nacional. Partidazo con ritmo fren\u00e9tico y <a href=\"https:\/\/www.ole.com.ar\/ecuador\/liga-pro\/liga-quito-universidad-catolica-partido-ligapro-ecuador_0_gA51EtikYD.html\" target=\"_blank\" title=\"victoria 1-0 por el cabezazo sobre el cierre de Jan Hurtado\" alt=\"victoria 1-0 por el cabezazo sobre el cierre de Jan Hurtado\" rel=\"noopener noreferrer\">victoria 1-0 por el cabezazo sobre el cierre de Jan Hurtado<\/a>, en su primera conquista con la camiseta blanca. <\/p>\n<\/div>\n<div class=\"custom-text \" readability=\"38\">\n<p>Casi sin descanso, <strong>los comandados por Luis Zubeld\u00eda volver\u00e1n a jugar el s\u00e1bado 4 de noviembre contra Independiente del Valle<\/strong>, nuevamente en el Estadio Rodrigo Paz Delgado. Una final anticipada frente al ganador de la primera etapa, en el firme objetivo del elenco quite\u00f1o por conquistar la Fase 2. <\/p>\n<\/div>\n<div class=\"sc-e7b891c4-0 jPbnQF\"><img alt=\"Liga de Quito ante Universidad Cat\u00f3lica (API).\" src=\"http:\/\/hoycordobaweb.com\/wp-content\/uploads\/2023\/11\/el-primero-de-cuatro-el-ajustado-calendario-de-liga-en-el-inicio-de-noviembre-2.jpg\" width=\"720\" height=\"100\" decoding=\"async\" data-nimg=\"future\" loading=\"lazy\"><span class=\"epigraphe\">Liga de Quito ante Universidad Cat\u00f3lica (API).<\/span><\/div>\n<div class=\"custom-text \" readability=\"40\">\n<p>As\u00ed y todo, LDU seguir\u00e1 teniendo un asterisco en la tabla de posiciones, el cual se quitar\u00e1 <strong>reci\u00e9n el mi\u00e9rcoles 8, cuando visite Ambato para enfrentar a T\u00e9cnico Universitario<\/strong> para estar al d\u00eda en el certamen dom\u00e9stico. Ah\u00ed podr\u00eda, dependiendo los resultados obtenidos, recuperar la cima a falta de tres jornadas para la finalizaci\u00f3n de la etapa.<\/p>\n<\/div>\n<div class=\"custom-text \" readability=\"39\">\n<p>En este vertiginoso comienzo de mes, el 12\/11 el Rey de Copas ir\u00e1 a Loja para medir fuerzas contra Libertad, rival duro en su casa que necesita puntos para mantenerse en Primera. Luego, con algo m\u00e1s de descanso, le quedar\u00e1 en el fixture Cumbay\u00e1 de visitante y Mushuc Runa, de local. <\/p>\n<\/div>\n<div class=\"sc-e7b891c4-0 jPbnQF\"><img alt=\"Zubeld\u00eda ante Universidad Cat\u00f3lica (API).\" src=\"http:\/\/hoycordobaweb.com\/wp-content\/uploads\/2023\/11\/el-primero-de-cuatro-el-ajustado-calendario-de-liga-en-el-inicio-de-noviembre-3.jpg\" width=\"720\" height=\"100\" decoding=\"async\" data-nimg=\"future\" loading=\"lazy\"><span class=\"epigraphe\">Zubeld\u00eda ante Universidad Cat\u00f3lica (API).<\/span><\/div>\n<p><h2>Liga clasificado a la Libertadores 2024: \u00bfc\u00f3mo queda la pelea por las copas en Ecuador?<\/h2>\n<\/p>\n<div class=\"custom-text \" readability=\"35\">\n<p>\ufeffLa definici\u00f3n de la LigaPro est\u00e1 prendida fuego y varios equipos aspiran a meterse en el certamen internacional m\u00e1s importante del continente, y con la consagraci\u00f3n del Albo en la Copa Sudamericana pueden aumentar las chances.<\/p>\n<\/div>\n<div class=\"custom-text \" readability=\"39\">\n<p>Tradicionalmente, el f\u00fatbol ecuatoriano cuenta con cuatro plazas de clasificaci\u00f3n a la Libertadores: los ganadores de cada etapa, el mejor ubicado en tabla general y el ganador de la Copa Ecuador. Este a\u00f1o se da el particular caso de que no habr\u00e1 competencia en formato copa, y hay probabilidades de que el mejor del a\u00f1o en puntos sea el ganador de una de las fases (por ahora es as\u00ed), <strong>por lo que las chances aumentan para aquellos que vienen peleando desde un poco m\u00e1s abajo.<\/strong><\/p>\n<\/div>\n<div class=\"sc-e7b891c4-0 jPbnQF\"><img alt=\"Liga de Quito clasificado a la Libertadores.\" src=\"http:\/\/hoycordobaweb.com\/wp-content\/uploads\/2023\/11\/el-primero-de-cuatro-el-ajustado-calendario-de-liga-en-el-inicio-de-noviembre-4.jpg\" width=\"720\" height=\"100\" decoding=\"async\" data-nimg=\"future\" loading=\"lazy\"><span class=\"epigraphe\">Liga de Quito clasificado a la Libertadores.<\/span><\/div>\n<div class=\"custom-text \" readability=\"41\">\n<p>Hasta el momento, Ecuador tiene dos clasificados: <strong>Independiente del Valle<\/strong>, que se meti\u00f3 tras ganar la primera etapa, y <strong>Liga de Quito<\/strong>, que lo hizo por medio de un torneo continental, ganando la Sudamericana, por lo que no ocupa una vacante de Ecuador. <strong>Es por eso que a\u00fan quedan libres tres cupos para ecuatorianos en Libertadores.<\/strong><\/p>\n<\/div>\n<div class=\"sc-e7b891c4-0 jPbnQF\"><img alt=\"Independiente del Valle, tambi\u00e9n jugar\u00e1 la Libertadores.\" src=\"http:\/\/hoycordobaweb.com\/wp-content\/uploads\/2023\/11\/el-primero-de-cuatro-el-ajustado-calendario-de-liga-en-el-inicio-de-noviembre-5.jpg\" width=\"720\" height=\"100\" decoding=\"async\" data-nimg=\"future\" loading=\"lazy\"><span class=\"epigraphe\">Independiente del Valle, tambi\u00e9n jugar\u00e1 la Libertadores.<\/span><\/div>\n<div class=\"custom-text \" readability=\"42\">\n<p>Aunque todav\u00eda quedan cuatro fechas, por el momento Barcelona estar\u00eda clasific\u00e1ndose. El \u00cddolo lidera la segunda etapa y tambi\u00e9n aparece segundo en la tabla anual, por debajo de IDV, lo que lo mete por dos v\u00edas distintas en la Copa. Delf\u00edn, T\u00e9cnico Universitario, Aucas y hasta Mushuc Runa son los principales competidores de los Toreros y aspirantes a la clasificaci\u00f3n, claro, en la b\u00fasqueda por quedarse con la Fase Dos.<\/p>\n<\/div>\n<div class=\"custom-text \" readability=\"40\">\n<p>Por otro lado, la tabla anual tiene tercero a Liga de Quito, lo que indica que aquel que quede posicionado en el cuarto puesto de la general ser\u00e1 el otro equipo que ingrese a la Libertadores, si es que Barcelona gana la etapa. Hasta el momento es El Nacional, pero lo persiguen de cerca Delf\u00edn, Aucas y Universidad Cat\u00f3lica.<\/p>\n<\/div>\n<div class=\"sc-a7166897-0 exHLBh\" readability=\"6\">\n<section readability=\"2\"><picture><img alt=\"Fiesta total: las mejores im\u00e1genes de la celebraci\u00f3n de Liga en el Paz Delgado\" src=\"http:\/\/hoycordobaweb.com\/wp-content\/uploads\/2023\/11\/el-primero-de-cuatro-el-ajustado-calendario-de-liga-en-el-inicio-de-noviembre-6.jpg\" width=\"290\" height=\"290\" decoding=\"async\" data-nimg=\"future\" loading=\"lazy\"><\/picture>\n<p><span>Mir\u00e1 tambi\u00e9n<\/span><\/p>\n<hr>\n<h3>Fiesta total: las mejores im\u00e1genes de la celebraci\u00f3n de Liga en el Paz Delgado<\/h3>\n<\/p>\n<\/section>\n<\/div>\n<div class=\"sc-a7166897-0 exHLBh\" readability=\"6\">\n<section readability=\"2\"><picture><img alt=\"Luis Zubeld\u00eda 2024: Liga de Quito le ofreci\u00f3 la renovaci\u00f3n\" src=\"http:\/\/hoycordobaweb.com\/wp-content\/uploads\/2023\/11\/el-primero-de-cuatro-el-ajustado-calendario-de-liga-en-el-inicio-de-noviembre-7.jpg\" width=\"290\" height=\"290\" decoding=\"async\" data-nimg=\"future\" loading=\"lazy\"><\/picture>\n<p><span>Mir\u00e1 tambi\u00e9n<\/span><\/p>\n<hr>\n<h3>Luis Zubeld\u00eda 2024: Liga de Quito le ofreci\u00f3 la renovaci\u00f3n<\/h3>\n<\/p>\n<\/section>\n<\/div>\n<div class=\"sc-a7166897-0 exHLBh\" readability=\"6\">\n<section readability=\"2\"><picture><img alt=\"Ya hay fechas para la Recopa: Liga de Quito vs. Boca o Fluminense\" src=\"http:\/\/hoycordobaweb.com\/wp-content\/uploads\/2023\/11\/el-primero-de-cuatro-el-ajustado-calendario-de-liga-en-el-inicio-de-noviembre-8.jpg\" width=\"290\" height=\"290\" decoding=\"async\" data-nimg=\"future\" loading=\"lazy\"><\/picture>\n<p><span>Mir\u00e1 tambi\u00e9n<\/span><\/p>\n<hr>\n<h3>Ya hay fechas para la Recopa: Liga de Quito vs. Boca o Fluminense<\/h3>\n<\/p>\n<\/section>\n<\/div>\n<div class=\"sc-a7166897-0 exHLBh\" readability=\"6.5\">\n<section readability=\"3\"><picture><img alt=\"Ca\u00edn Fara: &quot;Es una lesi\u00f3n dif\u00edcil, m\u00e1s que nada mentalmente&quot;\" src=\"http:\/\/hoycordobaweb.com\/wp-content\/uploads\/2023\/11\/el-primero-de-cuatro-el-ajustado-calendario-de-liga-en-el-inicio-de-noviembre-9.jpg\" width=\"290\" height=\"290\" decoding=\"async\" data-nimg=\"future\" loading=\"lazy\"><\/picture>\n<p><span>Mir\u00e1 tambi\u00e9n<\/span><\/p>\n<hr>\n<h3>Ca\u00edn Fara: \u00abEs una lesi\u00f3n dif\u00edcil, m\u00e1s que nada mentalmente\u00bb<\/h3>\n<\/p>\n<\/section>\n<\/div>\n<div class=\"sc-a7166897-0 exHLBh\" readability=\"6.5\">\n<section readability=\"3\"><picture><img alt=\"Marco Angulo con Ol\u00e9: &quot;La gente dice que la MLS es f\u00e1cil, pero la realidad es otra&quot;\" src=\"http:\/\/hoycordobaweb.com\/wp-content\/uploads\/2023\/11\/el-primero-de-cuatro-el-ajustado-calendario-de-liga-en-el-inicio-de-noviembre-10.jpg\" width=\"290\" height=\"290\" decoding=\"async\" data-nimg=\"future\" loading=\"lazy\"><\/picture>\n<p><span>Mir\u00e1 tambi\u00e9n<\/span><\/p>\n<hr>\n<h3>Marco Angulo con Ol\u00e9: \u00abLa gente dice que la MLS es f\u00e1cil, pero la realidad es otra\u00bb<\/h3>\n<\/p>\n<\/section>\n<\/div>\n<\/div>\n","protected":false},"excerpt":{"rendered":"<p>01\/11\/2023 23:19hs. Hay que quiere celeste, que le cueste. As\u00ed dice un popular refr\u00e1n que tiene como significado comprender que siempre hay que disponerse a trabajar y sacrificarse para conseguir lo deseado. Y es que Liga de Quito en su momento aplaz\u00f3 compromisos de LigaPro con el fin de llegar m\u00e1s descansado a la final [&hellip;]<\/p>\n","protected":false},"author":1,"featured_media":69064,"comment_status":"open","ping_status":"closed","sticky":false,"template":"","format":"standard","meta":[],"categories":[16],"tags":[],"_links":{"self":[{"href":"http:\/\/hoycordobaweb.com\/index.php\/wp-json\/wp\/v2\/posts\/69063"}],"collection":[{"href":"http:\/\/hoycordobaweb.com\/index.php\/wp-json\/wp\/v2\/posts"}],"about":[{"href":"http:\/\/hoycordobaweb.com\/index.php\/wp-json\/wp\/v2\/types\/post"}],"author":[{"embeddable":true,"href":"http:\/\/hoycordobaweb.com\/index.php\/wp-json\/wp\/v2\/users\/1"}],"replies":[{"embeddable":true,"href":"http:\/\/hoycordobaweb.com\/index.php\/wp-json\/wp\/v2\/comments?post=69063"}],"version-history":[{"count":0,"href":"http:\/\/hoycordobaweb.com\/index.php\/wp-json\/wp\/v2\/posts\/69063\/revisions"}],"wp:featuredmedia":[{"embeddable":true,"href":"http:\/\/hoycordobaweb.com\/index.php\/wp-json\/wp\/v2\/media\/69064"}],"wp:attachment":[{"href":"http:\/\/hoycordobaweb.com\/index.php\/wp-json\/wp\/v2\/media?parent=69063"}],"wp:term":[{"taxonomy":"category","embeddable":true,"href":"http:\/\/hoycordobaweb.com\/index.php\/wp-json\/wp\/v2\/categories?post=69063"},{"taxonomy":"post_tag","embeddable":true,"href":"http:\/\/hoycordobaweb.com\/index.php\/wp-json\/wp\/v2\/tags?post=69063"}],"curies":[{"name":"wp","href":"https:\/\/api.w.org\/{rel}","templated":true}]}}