{"id":69061,"date":"2023-11-02T02:24:58","date_gmt":"2023-11-02T02:24:58","guid":{"rendered":"https:\/\/www.ole.com.ar\/racing\/anibal-moreno-empate-racing-defensa_0_W4I1YSFYAk.html"},"modified":"2023-11-02T02:24:58","modified_gmt":"2023-11-02T02:24:58","slug":"anibal-moreno-nos-queda-un-sabor-amargo","status":"publish","type":"post","link":"http:\/\/hoycordobaweb.com\/index.php\/2023\/11\/02\/anibal-moreno-nos-queda-un-sabor-amargo\/","title":{"rendered":"An\u00edbal Moreno: \u00abNos queda un sabor amargo\u00bb"},"content":{"rendered":"<p><img src=\"http:\/\/hoycordobaweb.com\/wp-content\/uploads\/2023\/11\/anibal-moreno-nos-queda-un-sabor-amargo.jpg\"><\/p>\n<p><time class=\"createDate\" datetime=\"2023-11-01T23:24:58-03:00\">01\/11\/2023 23:24hs.<\/time><time class=\"modificatedDate\" datetime=\"2023-11-01T23:24:58-03:00\"><\/time><\/p>\n<div id=\"storyBody\">\n<div class=\"custom-text \" readability=\"36.733656174334\">\n<p>Desde que <a href=\"https:\/\/www.ole.com.ar\/tema\/defensa-y-justicia.html\" title=\"Defensa y Justicia\" alt=\"Defensa y Justicia\" class=\"slug\">Defensa y Justicia<\/a> se instal\u00f3 en el f\u00fatbol grande de la Argentina, a <a href=\"https:\/\/www.ole.com.ar\/tema\/racing.html\" title=\"Racing\" alt=\"Racing\" class=\"slug\">Racing<\/a> le cost\u00f3 horrores superar al equipo de Varela. Apenas le pudo ganar una vez, en el Transici\u00f3n 2014, justo cuando la Academia sali\u00f3 campe\u00f3n de la mano de Diego Cocca. Despu\u00e9s, empataron siete veces y el Halc\u00f3n gan\u00f3 tres. Y algo de eso se volvi\u00f3 a ver anoche. Una sensaci\u00f3n que tambi\u00e9n se sinti\u00f3 dentro de la cancha.<\/p>\n<\/div>\n<div class=\"sc-a7166897-0 exHLBh\" readability=\"6\">\n<section readability=\"2\"><picture><img alt=\"El uno x uno de la igualdad de Racing\" src=\"http:\/\/hoycordobaweb.com\/wp-content\/uploads\/2023\/11\/anibal-moreno-nos-queda-un-sabor-amargo-2.jpg\" width=\"290\" height=\"290\" decoding=\"async\" data-nimg=\"future\" loading=\"lazy\"><\/picture>\n<p><span>Mir\u00e1 tambi\u00e9n<\/span><\/p>\n<hr>\n<h3>El uno x uno de la igualdad de Racing<\/h3>\n<\/p>\n<\/section>\n<\/div>\n<div class=\"sc-a7166897-0 exHLBh\" readability=\"6\">\n<section readability=\"2\"><picture><img alt=\"La sorprendente respuesta del Papa cuando le dieron a elegir entre Messi y Maradona\" src=\"http:\/\/hoycordobaweb.com\/wp-content\/uploads\/2023\/11\/anibal-moreno-nos-queda-un-sabor-amargo-3.jpg\" width=\"290\" height=\"290\" decoding=\"async\" data-nimg=\"future\" loading=\"lazy\"><\/picture>\n<p><span>Mir\u00e1 tambi\u00e9n<\/span><\/p>\n<hr>\n<h3>La sorprendente respuesta del Papa cuando le dieron a elegir entre Messi y Maradona<\/h3>\n<\/p>\n<\/section>\n<\/div>\n<div class=\"custom-text \" readability=\"40.270588235294\">\n<p>Al menos eso cont\u00f3 <a href=\"https:\/\/www.ole.com.ar\/tema\/anibal-moreno.html\" title=\"An\u00edbal Moreno\" alt=\"An\u00edbal Moreno\" class=\"slug\">An\u00edbal Moreno<\/a>, uno de los puntos altos del equipo de la dupla Grazzzini-Videla:<strong> \u201cEn los \u00faltimos partidos, en esta cancha, siempre se dieron as\u00ed. Los dos equipos atacando mucho, con muchas situaciones de gol, nos pusimos en ventaja, lo dieron vuelta, lo pudimos empatar pero nos vamos de ac\u00e1 con un sabor amargo\u201d.<\/strong><\/p>\n<\/div>\n<div class=\"sc-a7166897-0 exHLBh\" readability=\"6\">\n<section readability=\"2\"><picture><img alt=\"Videos: el final de locos de Defensa vs. Racing\" src=\"http:\/\/hoycordobaweb.com\/wp-content\/uploads\/2023\/11\/anibal-moreno-nos-queda-un-sabor-amargo-4.jpg\" width=\"290\" height=\"290\" decoding=\"async\" data-nimg=\"future\" loading=\"lazy\"><\/picture>\n<p><span>Mir\u00e1 tambi\u00e9n<\/span><\/p>\n<hr>\n<h3>Videos: el final de locos de Defensa vs. Racing<\/h3>\n<\/p>\n<\/section>\n<\/div>\n<div class=\"custom-text \" readability=\"35\">\n<p>El volante central de Racing est\u00e1 en sus \u00faltimas funciones con la celeste y blanca porque al final del torneo emigrar\u00e1 al Palmeiras. Si bien la Acad\u00e9 logr\u00f3 mantenerse en el top cuatro de su zona, no pudo meterse en zona de Sudamericana. <\/p>\n<\/div>\n<div class=\"sc-a7166897-0 exHLBh\" readability=\"6.5\">\n<section readability=\"3\"><picture><img alt=\"Un campe\u00f3n del mundo en Varela: Lisandro Mart\u00ednez fue homenajeado por Defensa y Justicia\" src=\"http:\/\/hoycordobaweb.com\/wp-content\/uploads\/2023\/11\/anibal-moreno-nos-queda-un-sabor-amargo-5.jpg\" width=\"290\" height=\"290\" decoding=\"async\" data-nimg=\"future\" loading=\"lazy\"><\/picture>\n<p><span>Mir\u00e1 tambi\u00e9n<\/span><\/p>\n<hr>\n<h3>Un campe\u00f3n del mundo en Varela: Lisandro Mart\u00ednez fue homenajeado por Defensa y Justicia<\/h3>\n<\/p>\n<\/section>\n<\/div>\n<div class=\"sc-a7166897-0 exHLBh\" readability=\"6\">\n<section readability=\"2\"><picture><img alt=\"Video: el deseo de Almendra por la final de Boca\" src=\"http:\/\/hoycordobaweb.com\/wp-content\/uploads\/2023\/11\/anibal-moreno-nos-queda-un-sabor-amargo-6.jpg\" width=\"290\" height=\"290\" decoding=\"async\" data-nimg=\"future\" loading=\"lazy\"><\/picture>\n<p><span>Mir\u00e1 tambi\u00e9n<\/span><\/p>\n<hr>\n<h3>Video: el deseo de Almendra por la final de Boca<\/h3>\n<\/p>\n<\/section>\n<\/div>\n<div class=\"custom-text \" readability=\"40\">\n<p>Ahora deber\u00e1 ir por todo en lo que resta: Central C\u00f3rdoba de Santiago del Estero, Lan\u00fas y Belgrano. <strong>\u201cNos llevamos un punto de una cancha dif\u00edcil, ahora tenemos que hacerlo valer en casa con nuestra gente. Conf\u00edo en este grupo, nos quedan nueve puntos en juego y tenemos un gran plantel, los que ingresaron cambiaron el partido y eso es importante\u201d<\/strong>, cerr\u00f3.<\/p>\n<\/div>\n<\/div>\n","protected":false},"excerpt":{"rendered":"<p>01\/11\/2023 23:24hs. Desde que Defensa y Justicia se instal\u00f3 en el f\u00fatbol grande de la Argentina, a Racing le cost\u00f3 horrores superar al equipo de Varela. Apenas le pudo ganar una vez, en el Transici\u00f3n 2014, justo cuando la Academia sali\u00f3 campe\u00f3n de la mano de Diego Cocca. Despu\u00e9s, empataron siete veces y el Halc\u00f3n [&hellip;]<\/p>\n","protected":false},"author":1,"featured_media":69062,"comment_status":"open","ping_status":"closed","sticky":false,"template":"","format":"standard","meta":[],"categories":[16],"tags":[],"_links":{"self":[{"href":"http:\/\/hoycordobaweb.com\/index.php\/wp-json\/wp\/v2\/posts\/69061"}],"collection":[{"href":"http:\/\/hoycordobaweb.com\/index.php\/wp-json\/wp\/v2\/posts"}],"about":[{"href":"http:\/\/hoycordobaweb.com\/index.php\/wp-json\/wp\/v2\/types\/post"}],"author":[{"embeddable":true,"href":"http:\/\/hoycordobaweb.com\/index.php\/wp-json\/wp\/v2\/users\/1"}],"replies":[{"embeddable":true,"href":"http:\/\/hoycordobaweb.com\/index.php\/wp-json\/wp\/v2\/comments?post=69061"}],"version-history":[{"count":0,"href":"http:\/\/hoycordobaweb.com\/index.php\/wp-json\/wp\/v2\/posts\/69061\/revisions"}],"wp:featuredmedia":[{"embeddable":true,"href":"http:\/\/hoycordobaweb.com\/index.php\/wp-json\/wp\/v2\/media\/69062"}],"wp:attachment":[{"href":"http:\/\/hoycordobaweb.com\/index.php\/wp-json\/wp\/v2\/media?parent=69061"}],"wp:term":[{"taxonomy":"category","embeddable":true,"href":"http:\/\/hoycordobaweb.com\/index.php\/wp-json\/wp\/v2\/categories?post=69061"},{"taxonomy":"post_tag","embeddable":true,"href":"http:\/\/hoycordobaweb.com\/index.php\/wp-json\/wp\/v2\/tags?post=69061"}],"curies":[{"name":"wp","href":"https:\/\/api.w.org\/{rel}","templated":true}]}}