{"id":69059,"date":"2023-11-02T03:21:38","date_gmt":"2023-11-02T03:21:38","guid":{"rendered":"https:\/\/www.ole.com.ar\/futbol-primera\/arbitrajes-incidencia-echenique-merlos-tigre-desconfianzas_0_M9rcf6cfM5.html"},"modified":"2023-11-02T03:21:38","modified_gmt":"2023-11-02T03:21:38","slug":"oscuro-momento-arbitral","status":"publish","type":"post","link":"http:\/\/hoycordobaweb.com\/index.php\/2023\/11\/02\/oscuro-momento-arbitral\/","title":{"rendered":"Oscuro momento arbitral"},"content":{"rendered":"<p><img src=\"http:\/\/hoycordobaweb.com\/wp-content\/uploads\/2023\/11\/oscuro-momento-arbitral.jpg\"><\/p>\n<p><time class=\"createDate\" datetime=\"2023-11-02T00:21:38-03:00\">02\/11\/2023 00:21hs.<\/time><time class=\"modificatedDate\" datetime=\"2023-11-02T00:21:38-03:00\"><\/time><\/p>\n<div id=\"storyBody\">\n<div class=\"custom-text \" readability=\"37\">\n<p>Se est\u00e1n definiendo ascensos a Primera y descensos al Nacional y no paramos de escuchar<strong> quejas y leer cr\u00edticas sobre c\u00f3mo los arbitrajes tienen incidencia<\/strong> decisiva en los partidos. Quejas y cr\u00edticas podr\u00edan atribuirse al enojo de los que pierden, como una historia repetida. Pero que a esas suspicacias y a esas desconfianzas les est\u00e1n dando de comer, lo puede ver cualquiera.<\/p>\n<\/div>\n<div class=\"custom-text \" readability=\"38\">\n<p>Lo m\u00e1s llamativo de esta fecha fue el partido de <strong>Tigre, que estaba en descenso y tiene \u201cpadrino\u201d poderoso<\/strong>. Godoy Cruz le hizo un gol que el \u00e1rbitro Echenique le anul\u00f3 con \u201cdelay de silbato\u201d, despu\u00e9s de haber dejado seguir la jugada tras un forcejeo <strong>hasta que vio que terminaba en gol<\/strong>. Tambi\u00e9n le reclamaron un penal para los mendocinos, en una jugada discutible.<\/p>\n<\/div>\n<div class=\"custom-text \" readability=\"44\">\n<p>Es <strong>un \u00e1rbitro que no suele cobrar forcejeos<\/strong>, roces ni toques menores, su estilo es dejar jugar, pero ya como VAR hab\u00eda llamado a Merlos para anular un gol de Gimnasia contra Barracas (ni <strong>Merlos, tan propenso a cobrar foul cada vez que se cae un jugador de Barracas<\/strong>, hab\u00eda visto infracci\u00f3n) por un toque \u00ednfimo a Iv\u00e1n Tapia. Ese mismo t\u00e1ndem (Merlos \u00e1rbitro-Echenique VAR), en la fecha anterior, <strong>le hab\u00eda anulado un gol a V\u00e9lez contra Instituto por otro toque fantasmal<\/strong>. Como los perjudicados (Gimnasia y V\u00e9lez) igual ganaron esos partidos, la sangre no lleg\u00f3 al r\u00edo. Pero eran dos de los equipos que disputan salvar la categor\u00eda con Tigre, que en la pr\u00f3xima fecha tendr\u00e1 a Merlos en el VAR.<\/p>\n<\/div>\n<div class=\"custom-text \" readability=\"35\">\n<p>Ni qu\u00e9 hablar de las cosas que se est\u00e1n viendo (y vaya a saber las que no se est\u00e1n viendo) en el Ascenso, donde habr\u00eda<strong> menos lugar para las insidias sin arbitrajes como los de Ceballos y Comesa\u00f1a <\/strong>en los \u00faltimos partidos de Riestra.<\/p>\n<\/div>\n<div class=\"custom-text \" readability=\"35\">\n<p>Cuando m\u00e1s transparencia hace falta, la repetici\u00f3n de nombres desprestigiados en partidos definitorios no ayuda, y hasta<strong> los famosos \u201caudios del VAR\u201d desaparecieron<\/strong> como por arte de magia.<\/p>\n<\/div>\n<div class=\"sc-e7b891c4-0 jPbnQF\"><img alt=\"Diego Ceballos en San Martin de Tucum\u00e1n-Riestra (Foto: T\u00e9lam).\" src=\"http:\/\/hoycordobaweb.com\/wp-content\/uploads\/2023\/11\/oscuro-momento-arbitral-2.jpg\" width=\"1290\" height=\"760\" decoding=\"async\" data-nimg=\"future\" loading=\"lazy\"><span class=\"epigraphe\">Diego Ceballos en San Martin de Tucum\u00e1n-Riestra (Foto: T\u00e9lam).<\/span><\/div>\n<div class=\"sc-e7b891c4-0 jPbnQF\"><img alt=\"Federico Beligoy, director y responsable m\u00e1ximo de designaciones arbitrales (Prensa @LIgaAFA).\" src=\"http:\/\/hoycordobaweb.com\/wp-content\/uploads\/2023\/11\/oscuro-momento-arbitral-3.jpg\" width=\"640\" height=\"330\" decoding=\"async\" data-nimg=\"future\" loading=\"lazy\"><span class=\"epigraphe\">Federico Beligoy, director y responsable m\u00e1ximo de designaciones arbitrales (Prensa @LIgaAFA).<\/span><\/div>\n<div class=\"sc-a7166897-0 exHLBh\" readability=\"6\">\n<section readability=\"2\"><picture><img alt=\"Romario aclar\u00f3 su agravio a los argentinos\" src=\"http:\/\/hoycordobaweb.com\/wp-content\/uploads\/2023\/11\/oscuro-momento-arbitral-4.jpg\" width=\"290\" height=\"290\" decoding=\"async\" data-nimg=\"future\" loading=\"lazy\"><\/picture>\n<p><span>Mir\u00e1 tambi\u00e9n<\/span><\/p>\n<hr>\n<h3>Romario aclar\u00f3 su agravio a los argentinos<\/h3>\n<\/p>\n<\/section>\n<\/div>\n<div class=\"sc-a7166897-0 exHLBh\" readability=\"8\">\n<section readability=\"6\"><picture><img alt=\"Las tablas de la Copa de la Liga: River, Belgrano, Central C\u00f3rdoba y Godoy Cruz, los punteros\" src=\"http:\/\/hoycordobaweb.com\/wp-content\/uploads\/2023\/11\/oscuro-momento-arbitral-5.jpg\" width=\"290\" height=\"290\" decoding=\"async\" data-nimg=\"future\" loading=\"lazy\"><\/picture>\n<p><span>Mir\u00e1 tambi\u00e9n<\/span><\/p>\n<hr>\n<h3>Las tablas de la Copa de la Liga: River, Belgrano, Central C\u00f3rdoba y Godoy Cruz, los punteros<\/h3>\n<\/p>\n<\/section>\n<\/div>\n<\/div>\n","protected":false},"excerpt":{"rendered":"<p>02\/11\/2023 00:21hs. Se est\u00e1n definiendo ascensos a Primera y descensos al Nacional y no paramos de escuchar quejas y leer cr\u00edticas sobre c\u00f3mo los arbitrajes tienen incidencia decisiva en los partidos. Quejas y cr\u00edticas podr\u00edan atribuirse al enojo de los que pierden, como una historia repetida. Pero que a esas suspicacias y a esas desconfianzas [&hellip;]<\/p>\n","protected":false},"author":1,"featured_media":69060,"comment_status":"open","ping_status":"closed","sticky":false,"template":"","format":"standard","meta":[],"categories":[16],"tags":[],"_links":{"self":[{"href":"http:\/\/hoycordobaweb.com\/index.php\/wp-json\/wp\/v2\/posts\/69059"}],"collection":[{"href":"http:\/\/hoycordobaweb.com\/index.php\/wp-json\/wp\/v2\/posts"}],"about":[{"href":"http:\/\/hoycordobaweb.com\/index.php\/wp-json\/wp\/v2\/types\/post"}],"author":[{"embeddable":true,"href":"http:\/\/hoycordobaweb.com\/index.php\/wp-json\/wp\/v2\/users\/1"}],"replies":[{"embeddable":true,"href":"http:\/\/hoycordobaweb.com\/index.php\/wp-json\/wp\/v2\/comments?post=69059"}],"version-history":[{"count":0,"href":"http:\/\/hoycordobaweb.com\/index.php\/wp-json\/wp\/v2\/posts\/69059\/revisions"}],"wp:featuredmedia":[{"embeddable":true,"href":"http:\/\/hoycordobaweb.com\/index.php\/wp-json\/wp\/v2\/media\/69060"}],"wp:attachment":[{"href":"http:\/\/hoycordobaweb.com\/index.php\/wp-json\/wp\/v2\/media?parent=69059"}],"wp:term":[{"taxonomy":"category","embeddable":true,"href":"http:\/\/hoycordobaweb.com\/index.php\/wp-json\/wp\/v2\/categories?post=69059"},{"taxonomy":"post_tag","embeddable":true,"href":"http:\/\/hoycordobaweb.com\/index.php\/wp-json\/wp\/v2\/tags?post=69059"}],"curies":[{"name":"wp","href":"https:\/\/api.w.org\/{rel}","templated":true}]}}